{"id":455736,"date":"2021-06-09T22:12:56","date_gmt":"2021-06-09T20:12:56","guid":{"rendered":"https:\/\/hashtag.al\/?p=455736"},"modified":"2021-06-09T22:12:56","modified_gmt":"2021-06-09T20:12:56","slug":"regjimi-i-assadit-sulmon-nje-kamp-refugjatesh-ne-siri","status":"publish","type":"post","link":"https:\/\/www.hashtag.al\/index.php\/2021\/06\/09\/regjimi-i-assadit-sulmon-nje-kamp-refugjatesh-ne-siri\/","title":{"rendered":"Regjimi i Assadit sulmon nj\u00eb kamp refugjat\u00ebsh n\u00eb Siri","gt_translate_keys":[{"key":"rendered","format":"text"}]},"content":{"rendered":"<p><span style=\"color: #000000;\"><img loading=\"lazy\" decoding=\"async\" class=\"aligncenter size-full wp-image-455737\" src=\"https:\/\/hashtag.al\/wp-content\/uploads\/2021\/06\/camp.jpg\" alt=\"\" width=\"864\" height=\"486\" srcset=\"https:\/\/www.hashtag.al\/wp-content\/uploads\/2021\/06\/camp.jpg 864w, https:\/\/www.hashtag.al\/wp-content\/uploads\/2021\/06\/camp-300x169.jpg 300w, https:\/\/www.hashtag.al\/wp-content\/uploads\/2021\/06\/camp-768x432.jpg 768w\" sizes=\"auto, (max-width: 864px) 100vw, 864px\" \/><\/span><\/p>\n<p><span style=\"color: #000000;\">Forcat e regjimit t\u00eb Bashar al-Assadit kan\u00eb sulmuar nj\u00eb kamp refugjat\u00ebsh n\u00eb veriper\u00ebndim t\u00eb Siris\u00eb.<\/span><\/p>\n<p><span style=\"color: #000000;\">Sipas korrespondentit AA-s\u00eb, asnj\u00eb viktim\u00eb nuk \u00ebsht\u00eb raportuar nga sulmi, i cili synoi nj\u00eb xhami dhe nj\u00eb shkoll\u00eb n\u00eb kampin e refugjat\u00ebve al-Abrar n\u00eb fshatin Taoum, n\u00eb provinc\u00ebn veriper\u00ebndimore t\u00eb Idlibit.<\/span><\/p>\n<p><span style=\"color: #000000;\">Siria \u00ebsht\u00eb zhytur n\u00eb nj\u00eb luft\u00eb t\u00eb eg\u00ebr civile q\u00eb nga fillimi i vitit 2011, kur regjimi i Bashar al-Assad shtypi protestat pro-demokracis\u00eb me nj\u00eb eg\u00ebrsi t\u00eb papritur.<\/span><\/p>\n<p><span style=\"color: #000000;\">Gjat\u00eb dekad\u00ebs s\u00eb kaluar, rreth gjysm\u00eb milioni njer\u00ebz kan\u00eb humbur jet\u00ebn dhe m\u00eb shum\u00eb se 12 milion\u00eb jan\u00eb larguar nga sht\u00ebpit\u00eb e tyre.<\/span><\/p>\n<p><span style=\"color: #000000;\">Idlib bie brenda zon\u00ebs t\u00eb de-p\u00ebrshkall\u00ebzimit t\u00eb krijuar me nj\u00eb marr\u00ebveshje midis Turqis\u00eb dhe Rusis\u00eb n\u00eb mars t\u00eb vitit 2020.<\/span><\/p>\n<p><span style=\"color: #000000;\">Regjimi sirian, megjithat\u00eb, vazhdimisht ka shkelur kushtet e arm\u00ebpushimit, duke nd\u00ebrmarr\u00eb sulme t\u00eb shpeshta brenda zon\u00ebs s\u00eb de-p\u00ebrshkall\u00ebzimit.\u200b\u200b\u200b\u200b\u200b\u200b\u200b<\/span><\/p>\n<p>&nbsp;<\/p>\n","protected":false,"gt_translate_keys":[{"key":"rendered","format":"html"}]},"excerpt":{"rendered":"<p>Forcat e regjimit t\u00eb Bashar al-Assadit kan\u00eb sulmuar nj\u00eb kamp refugjat\u00ebsh n\u00eb veriper\u00ebndim t\u00eb Siris\u00eb. Sipas korrespondentit AA-s\u00eb, asnj\u00eb viktim\u00eb nuk \u00ebsht\u00eb raportuar nga sulmi, i cili synoi nj\u00eb xhami dhe nj\u00eb shkoll\u00eb n\u00eb kampin e refugjat\u00ebve al-Abrar n\u00eb fshatin Taoum, n\u00eb provinc\u00ebn veriper\u00ebndimore t\u00eb Idlibit. Siria \u00ebsht\u00eb zhytur n\u00eb nj\u00eb luft\u00eb t\u00eb eg\u00ebr civile [&hellip;]<\/p>\n","protected":false,"gt_translate_keys":[{"key":"rendered","format":"html"}]},"author":32,"featured_media":455737,"comment_status":"open","ping_status":"open","sticky":false,"template":"","format":"standard","meta":{"footnotes":""},"categories":[6,13],"tags":[],"class_list":["post-455736","post","type-post","status-publish","format-standard","has-post-thumbnail","hentry","category-nderkombetare","category-te-fundit"],"gt_translate_keys":[{"key":"link","format":"url"}],"_links":{"self":[{"href":"https:\/\/www.hashtag.al\/index.php\/wp-json\/wp\/v2\/posts\/455736","targetHints":{"allow":["GET"]}}],"collection":[{"href":"https:\/\/www.hashtag.al\/index.php\/wp-json\/wp\/v2\/posts"}],"about":[{"href":"https:\/\/www.hashtag.al\/index.php\/wp-json\/wp\/v2\/types\/post"}],"author":[{"embeddable":true,"href":"https:\/\/www.hashtag.al\/index.php\/wp-json\/wp\/v2\/users\/32"}],"replies":[{"embeddable":true,"href":"https:\/\/www.hashtag.al\/index.php\/wp-json\/wp\/v2\/comments?post=455736"}],"version-history":[{"count":0,"href":"https:\/\/www.hashtag.al\/index.php\/wp-json\/wp\/v2\/posts\/455736\/revisions"}],"wp:featuredmedia":[{"embeddable":true,"href":"https:\/\/www.hashtag.al\/index.php\/wp-json\/wp\/v2\/media\/455737"}],"wp:attachment":[{"href":"https:\/\/www.hashtag.al\/index.php\/wp-json\/wp\/v2\/media?parent=455736"}],"wp:term":[{"taxonomy":"category","embeddable":true,"href":"https:\/\/www.hashtag.al\/index.php\/wp-json\/wp\/v2\/categories?post=455736"},{"taxonomy":"post_tag","embeddable":true,"href":"https:\/\/www.hashtag.al\/index.php\/wp-json\/wp\/v2\/tags?post=455736"}],"curies":[{"name":"wp","href":"https:\/\/api.w.org\/{rel}","templated":true}]}}