{"id":455678,"date":"2021-06-09T15:42:22","date_gmt":"2021-06-09T13:42:22","guid":{"rendered":"https:\/\/hashtag.al\/?p=455678"},"modified":"2021-06-09T15:42:22","modified_gmt":"2021-06-09T13:42:22","slug":"balla-pas-shkarkimit-te-metes-vendimin-perfundimtar-e-merr-gjykata-kushtetuese-brenda-3-muajsh-politika-te-heshte","status":"publish","type":"post","link":"https:\/\/www.hashtag.al\/index.php\/2021\/06\/09\/balla-pas-shkarkimit-te-metes-vendimin-perfundimtar-e-merr-gjykata-kushtetuese-brenda-3-muajsh-politika-te-heshte\/","title":{"rendered":"Balla pas shkarkimit t\u00eb Met\u00ebs: Vendimin p\u00ebrfundimtar e merr Gjykata Kushtetuese brenda 3 muajsh, politika t\u00eb hesht\u00eb","gt_translate_keys":[{"key":"rendered","format":"text"}]},"content":{"rendered":"<p><span style=\"color: #000000;\"><img loading=\"lazy\" decoding=\"async\" class=\"aligncenter size-full wp-image-455679\" src=\"https:\/\/hashtag.al\/wp-content\/uploads\/2021\/06\/ballalant.jpg\" alt=\"\" width=\"1025\" height=\"459\" srcset=\"https:\/\/www.hashtag.al\/wp-content\/uploads\/2021\/06\/ballalant.jpg 1025w, https:\/\/www.hashtag.al\/wp-content\/uploads\/2021\/06\/ballalant-300x134.jpg 300w, https:\/\/www.hashtag.al\/wp-content\/uploads\/2021\/06\/ballalant-768x344.jpg 768w, https:\/\/www.hashtag.al\/wp-content\/uploads\/2021\/06\/ballalant-1024x459.jpg 1024w\" sizes=\"auto, (max-width: 1025px) 100vw, 1025px\" \/><\/span><\/p>\n<p><span style=\"color: #000000;\">Kreu i grupit parlamentar t\u00eb PS-s\u00eb ka th\u00ebn\u00eb pas daljes nga Kuvendi ku u miratua shkarkimi i presidentit Meta se tashm\u00eb vendimi p\u00ebrfundimtar i takon Gjykat\u00ebs Kushtetuese. <\/span><\/p>\n<p><span style=\"color: #000000;\">Ai i b\u00ebri thirrje kreut t\u00eb shtetit q\u00eb edhe ai t\u00eb pres\u00eb vendimin e Gjykat\u00ebs Kushtetuese. <\/span><\/p>\n<p><span style=\"color: #000000;\">N\u00eb fund ai u b\u00ebri thirrje politikan\u00ebve q\u00eb t\u00eb heshtin dhe t\u00eb presin vendimin e pavarur t\u00eb gjykat\u00ebs, nd\u00ebrsa shtoi se marr\u00ebdh\u00ebnia e Kuvendit me presidentin Meta ka p\u00ebrfunduar sot.<\/span><\/p>\n<p><span style=\"color: #000000;\"><em>\u201cJemi Republik\u00eb parlamentare. Vendimi i shkon Gjykat\u00ebs Kushtetuese, i takon asaj t\u00eb shprehet brenda nj\u00eb afati 3 mujor. \u00cbsht\u00eb dhe gushti n\u00eb mes dhe ndoshta gjykata do k\u00ebrkoj\u00eb nj\u00eb muaj m\u00eb shum\u00eb. \u00cbsht\u00eb n\u00eb t\u00eb mir\u00eb t\u00eb procesit dhe t\u00eb marr\u00eb koh\u00ebn, brenda rregullores kur b\u00ebhet fjal\u00eb p\u00ebr nj\u00eb \u00e7\u00ebshtje t\u00eb till\u00eb. I shkarkuari t\u00eb pres\u00eb Gjykat\u00ebn Kushtetuese. \u00c7do vendimi i Gjykat\u00ebs \u00ebsht\u00eb kur 5 an\u00ebtar\u00eb shprehen pro. Aq duhen. Un\u00eb nuk komentoj. Thirrja ime besoj t\u00eb gjith\u00eb politikan\u00ebt duhet t\u00eb bashkohen n\u00eb heshtje ndaj \u00e7dolloj adresimi ndaj Gjykat\u00ebs Kushtetuese. E kemi dhe \u00ebsht\u00eb e pavarur, Gjykata duhet t\u00eb flas\u00eb, ne duhet t\u00eb heshtim. Puna jon\u00eb n\u00eb marr\u00ebdh\u00ebnie me Ilir Met\u00ebn mbaroi sot. Parlamentin e th\u00ebrret n\u00eb shtator Presidenti.\u201d<\/em> &#8211; tha Balla.<\/span><\/p>\n","protected":false,"gt_translate_keys":[{"key":"rendered","format":"html"}]},"excerpt":{"rendered":"<p>Kreu i grupit parlamentar t\u00eb PS-s\u00eb ka th\u00ebn\u00eb pas daljes nga Kuvendi ku u miratua shkarkimi i presidentit Meta se tashm\u00eb vendimi p\u00ebrfundimtar i takon Gjykat\u00ebs Kushtetuese. Ai i b\u00ebri thirrje kreut t\u00eb shtetit q\u00eb edhe ai t\u00eb pres\u00eb vendimin e Gjykat\u00ebs Kushtetuese. N\u00eb fund ai u b\u00ebri thirrje politikan\u00ebve q\u00eb t\u00eb heshtin dhe t\u00eb [&hellip;]<\/p>\n","protected":false,"gt_translate_keys":[{"key":"rendered","format":"html"}]},"author":51,"featured_media":455679,"comment_status":"open","ping_status":"open","sticky":false,"template":"","format":"standard","meta":{"footnotes":""},"categories":[65,13],"tags":[],"class_list":["post-455678","post","type-post","status-publish","format-standard","has-post-thumbnail","hentry","category-lajme","category-te-fundit"],"gt_translate_keys":[{"key":"link","format":"url"}],"_links":{"self":[{"href":"https:\/\/www.hashtag.al\/index.php\/wp-json\/wp\/v2\/posts\/455678","targetHints":{"allow":["GET"]}}],"collection":[{"href":"https:\/\/www.hashtag.al\/index.php\/wp-json\/wp\/v2\/posts"}],"about":[{"href":"https:\/\/www.hashtag.al\/index.php\/wp-json\/wp\/v2\/types\/post"}],"author":[{"embeddable":true,"href":"https:\/\/www.hashtag.al\/index.php\/wp-json\/wp\/v2\/users\/51"}],"replies":[{"embeddable":true,"href":"https:\/\/www.hashtag.al\/index.php\/wp-json\/wp\/v2\/comments?post=455678"}],"version-history":[{"count":0,"href":"https:\/\/www.hashtag.al\/index.php\/wp-json\/wp\/v2\/posts\/455678\/revisions"}],"wp:featuredmedia":[{"embeddable":true,"href":"https:\/\/www.hashtag.al\/index.php\/wp-json\/wp\/v2\/media\/455679"}],"wp:attachment":[{"href":"https:\/\/www.hashtag.al\/index.php\/wp-json\/wp\/v2\/media?parent=455678"}],"wp:term":[{"taxonomy":"category","embeddable":true,"href":"https:\/\/www.hashtag.al\/index.php\/wp-json\/wp\/v2\/categories?post=455678"},{"taxonomy":"post_tag","embeddable":true,"href":"https:\/\/www.hashtag.al\/index.php\/wp-json\/wp\/v2\/tags?post=455678"}],"curies":[{"name":"wp","href":"https:\/\/api.w.org\/{rel}","templated":true}]}}