{"id":455571,"date":"2021-06-09T10:03:56","date_gmt":"2021-06-09T08:03:56","guid":{"rendered":"https:\/\/hashtag.al\/?p=455571"},"modified":"2021-06-09T10:03:56","modified_gmt":"2021-06-09T08:03:56","slug":"gjendet-nje-trup-i-pajete-ne-ulqin-dyshohet-se-eshte-ish-shefi-i-antidroges-rudolf-elezovic","status":"publish","type":"post","link":"https:\/\/www.hashtag.al\/index.php\/2021\/06\/09\/gjendet-nje-trup-i-pajete-ne-ulqin-dyshohet-se-eshte-ish-shefi-i-antidroges-rudolf-elezovic\/","title":{"rendered":"Gjendet nj\u00eb trup i pajet\u00eb n\u00eb Ulqin, dyshohet se \u00ebsht\u00eb ish-shefi i antidrog\u00ebs, Rudolf Elezovi\u00e7","gt_translate_keys":[{"key":"rendered","format":"text"}]},"content":{"rendered":"<p><a href=\"https:\/\/hashtag.al\/wp-content\/uploads\/2021\/06\/elezovic.jpg\"><img loading=\"lazy\" decoding=\"async\" class=\"aligncenter size-full wp-image-455572\" src=\"https:\/\/hashtag.al\/wp-content\/uploads\/2021\/06\/elezovic.jpg\" alt=\"\" width=\"1000\" height=\"666\" srcset=\"https:\/\/www.hashtag.al\/wp-content\/uploads\/2021\/06\/elezovic.jpg 1000w, https:\/\/www.hashtag.al\/wp-content\/uploads\/2021\/06\/elezovic-300x200.jpg 300w, https:\/\/www.hashtag.al\/wp-content\/uploads\/2021\/06\/elezovic-768x511.jpg 768w\" sizes=\"auto, (max-width: 1000px) 100vw, 1000px\" \/><\/a><\/p>\n<p><span style=\"color: #000000;\">\u00cbsht\u00eb gjetur mbr\u00ebm\u00eb trupi i pajet\u00eb i nj\u00eb njeriu n\u00eb qytetin e Ulqinit n\u00eb Sveti \u0110or\u0111e. Si\u00e7 raportojn\u00eb mediet malazeze, identiteti i k\u00ebtij personi nuk \u00ebsht\u00eb p\u00ebrcaktuar ende zyrtarisht, mir\u00ebpo dyshohet se i p\u00ebrket ish-shefit t\u00eb\u00a0policis\u00eb s\u00eb Ulqinit, Rudolf Elezovi\u0107.<\/span><\/p>\n<p><span style=\"color: #000000;\">Nj\u00eb burim tha p\u00ebr <span style=\"color: #0000ff;\"><a style=\"color: #0000ff;\" href=\"https:\/\/www.vijesti.me\/vijesti\/crna-hronika\/546267\/pronadjen-les-muskarca-u-mjestu-sveti-djordje-sumnja-se-da-je-rijec-o-rudolfu-elezovicu\">Vijesti<\/a> <\/span>se shkaku i vdekjes do t\u00eb p\u00ebrcaktohej nga autopsia, por q\u00eb tani p\u00ebr tani, gjith\u00e7ka tregon p\u00ebr vet\u00ebvrasje.<\/span><\/p>\n<p><span style=\"color: #000000;\">Zhdukja e Elezovi\u00e7 u raportua nga gruaja e tij Marina m\u00eb 27 maj.<\/span><\/p>\n<p><span style=\"color: #000000;\">Elezovi\u00e7 sh\u00ebrbeu si shef i policis\u00eb s\u00eb Ulqinit p\u00ebr gati gjasht\u00eb vjet, deri n\u00eb vitin 2014, kur u z\u00ebvend\u00ebsua nga Sead Djozovic. M\u00eb par\u00eb, ai gjithashtu ka punuar p\u00ebr disa vjet n\u00eb pozicione menaxheriale n\u00eb OB Ulqin dhe m\u00eb von\u00eb ka mbajtur poste t\u00eb r\u00ebnd\u00ebsishme n\u00eb sektorin e policis\u00eb kufitare.<\/span><\/p>\n","protected":false,"gt_translate_keys":[{"key":"rendered","format":"html"}]},"excerpt":{"rendered":"<p>\u00cbsht\u00eb gjetur mbr\u00ebm\u00eb trupi i pajet\u00eb i nj\u00eb njeriu n\u00eb qytetin e Ulqinit n\u00eb Sveti \u0110or\u0111e. Si\u00e7 raportojn\u00eb mediet malazeze, identiteti i k\u00ebtij personi nuk \u00ebsht\u00eb p\u00ebrcaktuar ende zyrtarisht, mir\u00ebpo dyshohet se i p\u00ebrket ish-shefit t\u00eb\u00a0policis\u00eb s\u00eb Ulqinit, Rudolf Elezovi\u0107. Nj\u00eb burim tha p\u00ebr Vijesti se shkaku i vdekjes do t\u00eb p\u00ebrcaktohej nga autopsia, por [&hellip;]<\/p>\n","protected":false,"gt_translate_keys":[{"key":"rendered","format":"html"}]},"author":30,"featured_media":455572,"comment_status":"open","ping_status":"open","sticky":false,"template":"","format":"standard","meta":{"footnotes":""},"categories":[149,65,13],"tags":[],"class_list":["post-455571","post","type-post","status-publish","format-standard","has-post-thumbnail","hentry","category-kosoverajon","category-lajme","category-te-fundit"],"gt_translate_keys":[{"key":"link","format":"url"}],"_links":{"self":[{"href":"https:\/\/www.hashtag.al\/index.php\/wp-json\/wp\/v2\/posts\/455571","targetHints":{"allow":["GET"]}}],"collection":[{"href":"https:\/\/www.hashtag.al\/index.php\/wp-json\/wp\/v2\/posts"}],"about":[{"href":"https:\/\/www.hashtag.al\/index.php\/wp-json\/wp\/v2\/types\/post"}],"author":[{"embeddable":true,"href":"https:\/\/www.hashtag.al\/index.php\/wp-json\/wp\/v2\/users\/30"}],"replies":[{"embeddable":true,"href":"https:\/\/www.hashtag.al\/index.php\/wp-json\/wp\/v2\/comments?post=455571"}],"version-history":[{"count":0,"href":"https:\/\/www.hashtag.al\/index.php\/wp-json\/wp\/v2\/posts\/455571\/revisions"}],"wp:featuredmedia":[{"embeddable":true,"href":"https:\/\/www.hashtag.al\/index.php\/wp-json\/wp\/v2\/media\/455572"}],"wp:attachment":[{"href":"https:\/\/www.hashtag.al\/index.php\/wp-json\/wp\/v2\/media?parent=455571"}],"wp:term":[{"taxonomy":"category","embeddable":true,"href":"https:\/\/www.hashtag.al\/index.php\/wp-json\/wp\/v2\/categories?post=455571"},{"taxonomy":"post_tag","embeddable":true,"href":"https:\/\/www.hashtag.al\/index.php\/wp-json\/wp\/v2\/tags?post=455571"}],"curies":[{"name":"wp","href":"https:\/\/api.w.org\/{rel}","templated":true}]}}