{"id":454874,"date":"2021-06-05T14:35:25","date_gmt":"2021-06-05T12:35:25","guid":{"rendered":"https:\/\/hashtag.al\/?p=454874"},"modified":"2021-06-05T15:04:38","modified_gmt":"2021-06-05T13:04:38","slug":"agron-shehaj-me-demokratet-e-krujes-e-fushe-krujes-ne-lulin-e-provuam-me-mua-nuk-do-te-kete-marreveshje-apo-bashkeqeverisje-me-ramen","status":"publish","type":"post","link":"https:\/\/www.hashtag.al\/index.php\/2021\/06\/05\/agron-shehaj-me-demokratet-e-krujes-e-fushe-krujes-ne-lulin-e-provuam-me-mua-nuk-do-te-kete-marreveshje-apo-bashkeqeverisje-me-ramen\/","title":{"rendered":"Agron Shehaj me demokrat\u00ebt e Kruj\u00ebs e Fush\u00eb-Kruj\u00ebs: Ne Lulin e provuam, me mua nuk do t\u00eb ket\u00eb marr\u00ebveshje apo bashk\u00ebqeverisje me Ram\u00ebn","gt_translate_keys":[{"key":"rendered","format":"text"}]},"content":{"rendered":"<p><a href=\"https:\/\/hashtag.al\/wp-content\/uploads\/2021\/05\/shehajagron.jpg\"><img loading=\"lazy\" decoding=\"async\" class=\"aligncenter size-full wp-image-453071\" src=\"https:\/\/hashtag.al\/wp-content\/uploads\/2021\/05\/shehajagron.jpg\" alt=\"\" width=\"780\" height=\"440\" srcset=\"https:\/\/www.hashtag.al\/wp-content\/uploads\/2021\/05\/shehajagron.jpg 780w, https:\/\/www.hashtag.al\/wp-content\/uploads\/2021\/05\/shehajagron-300x169.jpg 300w, https:\/\/www.hashtag.al\/wp-content\/uploads\/2021\/05\/shehajagron-768x433.jpg 768w\" sizes=\"auto, (max-width: 780px) 100vw, 780px\" \/><\/a><\/p>\n<p><span style=\"color: #000000;\">Kandidati p\u00ebr kryetar t\u00eb Partis\u00eb Demokratike, Agron Shehaj pas nj\u00eb vizite me demokrat\u00ebt e Kruj\u00ebs, thot\u00eb se n\u00ebse do t\u00eb zgjidhet ai n\u00eb drejtim t\u00eb partis\u00eb, nuk do t\u00eb ket\u00eb p\u00ebr asnj\u00eb moment bashk\u00ebqeverisje apo marr\u00ebveshje me kryeministrin Edi Rama.\u00a0<\/span><\/p>\n<p><span style=\"color: #000000;\"><em>\u00a0\u201cN\u00ebn drejtimin tim nuk do t\u00eb ket\u00eb bashk\u00ebqeverisje, nuk do t\u00eb ket\u00eb marr\u00ebveshje, n\u00eb asnj\u00eb rrethan\u00eb me Ram\u00ebn. Do t\u00eb ket\u00eb vetem opozit\u00eb, opozit\u00eb. N\u00eb pushtet vihet vet\u00ebm me vot\u00eb dhe votat fitohen duke b\u00ebr\u00eb p\u00ebr vete shqiptar\u00ebt, dhe shqiptar\u00ebt b\u00ebhen p\u00ebr vete duke e b\u00ebr\u00eb PD-n\u00eb alternativ\u00ebn e njer\u00ebzve t\u00eb ndersh\u00ebm, t\u00eb zot\u00eb, qytetar\u00eb. Me mua n\u00eb krye, PD do jet\u00eb parti demokratike dhe meritokratike, e hapur p\u00ebr t\u00eb gjith\u00eb, me mund\u00ebsi karriere p\u00ebr t\u00eb gjith\u00eb, dhe karriera do t\u00eb garantohet p\u00ebrmes gar\u00ebs dhe vot\u00ebs s\u00eb an\u00ebtar\u00ebve.\u201d-<\/em> shkruan Shehaj n\u00eb \u201cFacebook\u201d, ku ka ndar\u00eb nj\u00eb video nga takimi i tij n\u00eb Kruj\u00eb n\u00eb kuad\u00ebr t\u00eb fushat\u00ebs p\u00ebr zgjedhjet e brendshme n\u00eb PD.<\/span><\/p>\n<div style=\"width: 1170px;\" class=\"wp-video\"><video class=\"wp-video-shortcode\" id=\"video-454874-1\" width=\"1170\" height=\"658\" preload=\"metadata\" controls=\"controls\"><source type=\"video\/mp4\" src=\"https:\/\/hashtag.al\/wp-content\/uploads\/2021\/06\/video_779546312715484.mp4?_=1\" \/><a href=\"https:\/\/hashtag.al\/wp-content\/uploads\/2021\/06\/video_779546312715484.mp4\">https:\/\/hashtag.al\/wp-content\/uploads\/2021\/06\/video_779546312715484.mp4<\/a><\/video><\/div>\n<p><span style=\"color: #000000;\">N\u00eb nj\u00eb postim t\u00eb dyt\u00eb nga Fush\u00eb Kruja, Shehaj shprehet se me Lulzim Bash\u00ebn n\u00eb krye e provuan, duke iu referuar fjal\u00ebve t\u00eb nj\u00eb qytetari.<\/span><\/p>\n<p><span style=\"color: #000000;\">Sipas Shehajt PD ka dy zgjedhje: t\u00eb zgjedh\u00eb ndryshimin q\u00eb e \u00e7on n\u00eb fitore (duke iu referuar vetes s\u00eb tij) ose t\u00eb zgjedh\u00eb mosndryshimin q\u00eb e \u00e7on n\u00eb humbje (duke iu referuar Bash\u00ebs).<\/span><\/p>\n<p><span style=\"color: #000000;\"><em>\u201cNe jemi t\u00eb gjith\u00eb fermer\u00eb k\u00ebtu dhe e dim\u00eb q\u00eb nuk b\u00ebn t\u00eb mbjell\u00ebsh t\u00eb njejt\u00ebn kultur\u00eb bujq\u00ebsore 3 vjet rrjesht n\u00eb nj\u00eb tok\u00eb. B\u00ebn sa b\u00ebn dhe toka shteron. Ne Lulin e provuam. Tani duhet ta nd\u00ebrrojm\u00eb.\u201d<\/em><\/span><\/p>\n<p><span style=\"color: #000000;\"><em>K\u00ebto fjal\u00eb t\u00eb nj\u00eb demokrati t\u00eb Fush\u00eb-Kruj\u00ebs p\u00ebrmbledhin filozofin\u00eb e progresit: vet\u00ebm ndryshimi sjell progres, mosndryshimi t\u00eb l\u00eb n\u00eb vend. M\u00eb 13 qershor, Partia Demokratike ka dy zgjedhje: t\u00eb zgjedh\u00eb ndryshimin q\u00eb e \u00e7on n\u00eb fitore ose t\u00eb zgjedh\u00eb mosndryshimin q\u00eb e \u00e7on n\u00eb humbje. \u00c7do demokrat duhet t\u2019i b\u00ebj\u00eb nj\u00eb pyetje t\u00eb thjesht\u00eb vetes: a mendon se udh\u00ebheqja e tanishme do e mund\u00eb Edi Ram\u00ebn n\u00eb zgjedhjet e ardhshme? Pastaj le t\u00eb votoj\u00eb, sipas besimit q\u00eb ka p\u00ebr fitoren. Un\u00eb besoj tek ndryshimi dhe do t\u00eb punoj p\u00ebr ndryshimin, p\u00ebr ta b\u00ebr\u00eb PD-n\u00eb demokratike dhe meritokratike.\u201d-<\/em> shkruan Shehaj.<\/span><\/p>\n<div style=\"width: 1170px;\" class=\"wp-video\"><video class=\"wp-video-shortcode\" id=\"video-454874-2\" width=\"1170\" height=\"658\" preload=\"metadata\" controls=\"controls\"><source type=\"video\/mp4\" src=\"https:\/\/hashtag.al\/wp-content\/uploads\/2021\/06\/video_606273880253199.mp4?_=2\" \/><a href=\"https:\/\/hashtag.al\/wp-content\/uploads\/2021\/06\/video_606273880253199.mp4\">https:\/\/hashtag.al\/wp-content\/uploads\/2021\/06\/video_606273880253199.mp4<\/a><\/video><\/div>\n","protected":false,"gt_translate_keys":[{"key":"rendered","format":"html"}]},"excerpt":{"rendered":"<p>Kandidati p\u00ebr kryetar t\u00eb Partis\u00eb Demokratike, Agron Shehaj pas nj\u00eb vizite me demokrat\u00ebt e Kruj\u00ebs, thot\u00eb se n\u00ebse do t\u00eb zgjidhet ai n\u00eb drejtim t\u00eb partis\u00eb, nuk do t\u00eb ket\u00eb p\u00ebr asnj\u00eb moment bashk\u00ebqeverisje apo marr\u00ebveshje me kryeministrin Edi Rama.\u00a0 \u00a0\u201cN\u00ebn drejtimin tim nuk do t\u00eb ket\u00eb bashk\u00ebqeverisje, nuk do t\u00eb ket\u00eb marr\u00ebveshje, n\u00eb asnj\u00eb [&hellip;]<\/p>\n","protected":false,"gt_translate_keys":[{"key":"rendered","format":"html"}]},"author":30,"featured_media":453071,"comment_status":"open","ping_status":"open","sticky":false,"template":"","format":"standard","meta":{"footnotes":""},"categories":[65,13],"tags":[],"class_list":["post-454874","post","type-post","status-publish","format-standard","has-post-thumbnail","hentry","category-lajme","category-te-fundit"],"gt_translate_keys":[{"key":"link","format":"url"}],"_links":{"self":[{"href":"https:\/\/www.hashtag.al\/index.php\/wp-json\/wp\/v2\/posts\/454874","targetHints":{"allow":["GET"]}}],"collection":[{"href":"https:\/\/www.hashtag.al\/index.php\/wp-json\/wp\/v2\/posts"}],"about":[{"href":"https:\/\/www.hashtag.al\/index.php\/wp-json\/wp\/v2\/types\/post"}],"author":[{"embeddable":true,"href":"https:\/\/www.hashtag.al\/index.php\/wp-json\/wp\/v2\/users\/30"}],"replies":[{"embeddable":true,"href":"https:\/\/www.hashtag.al\/index.php\/wp-json\/wp\/v2\/comments?post=454874"}],"version-history":[{"count":0,"href":"https:\/\/www.hashtag.al\/index.php\/wp-json\/wp\/v2\/posts\/454874\/revisions"}],"wp:featuredmedia":[{"embeddable":true,"href":"https:\/\/www.hashtag.al\/index.php\/wp-json\/wp\/v2\/media\/453071"}],"wp:attachment":[{"href":"https:\/\/www.hashtag.al\/index.php\/wp-json\/wp\/v2\/media?parent=454874"}],"wp:term":[{"taxonomy":"category","embeddable":true,"href":"https:\/\/www.hashtag.al\/index.php\/wp-json\/wp\/v2\/categories?post=454874"},{"taxonomy":"post_tag","embeddable":true,"href":"https:\/\/www.hashtag.al\/index.php\/wp-json\/wp\/v2\/tags?post=454874"}],"curies":[{"name":"wp","href":"https:\/\/api.w.org\/{rel}","templated":true}]}}