{"id":454833,"date":"2021-06-05T12:13:04","date_gmt":"2021-06-05T10:13:04","guid":{"rendered":"https:\/\/hashtag.al\/?p=454833"},"modified":"2021-06-05T12:13:04","modified_gmt":"2021-06-05T10:13:04","slug":"ademi-kundershton-ramen-per-ndertimet-pa-leje-jo-vendime-arbitrare-mos-demtoni-sezonin-turistik","status":"publish","type":"post","link":"https:\/\/www.hashtag.al\/index.php\/2021\/06\/05\/ademi-kundershton-ramen-per-ndertimet-pa-leje-jo-vendime-arbitrare-mos-demtoni-sezonin-turistik\/","title":{"rendered":"Ademi kund\u00ebrshton Ram\u00ebn p\u00ebr nd\u00ebrtimet pa leje: Jo vendime arbitrare, mos d\u00ebmtoni sezonin turistik","gt_translate_keys":[{"key":"rendered","format":"text"}]},"content":{"rendered":"<p><a href=\"https:\/\/hashtag.al\/wp-content\/uploads\/2020\/09\/Voltana-Ademi.jpg\"><img loading=\"lazy\" decoding=\"async\" class=\"aligncenter size-full wp-image-401969\" src=\"https:\/\/hashtag.al\/wp-content\/uploads\/2020\/09\/Voltana-Ademi.jpg\" alt=\"\" width=\"780\" height=\"440\" srcset=\"https:\/\/www.hashtag.al\/wp-content\/uploads\/2020\/09\/Voltana-Ademi.jpg 780w, https:\/\/www.hashtag.al\/wp-content\/uploads\/2020\/09\/Voltana-Ademi-300x169.jpg 300w, https:\/\/www.hashtag.al\/wp-content\/uploads\/2020\/09\/Voltana-Ademi-768x433.jpg 768w\" sizes=\"auto, (max-width: 780px) 100vw, 780px\" \/><\/a><\/p>\n<p><span style=\"color: #000000;\">Kryebashkiakja e Shkodr\u00ebs, Voltana Ademi, ka reaguar sot lidhur me aksionin e paralajm\u00ebruar para pak dit\u00ebsh nga kryeministri Edi Rama kund\u00ebr nd\u00ebrtimeve pa leje.<\/span><\/p>\n<p><span style=\"color: #000000;\">Nga kjo e h\u00ebn\u00eb pritet t\u00eb nis\u00eb nj\u00eb aksion p\u00ebr prishjen e nd\u00ebrtimeve pa leje n\u00eb gjith\u00eb zon\u00ebn bregdetare, ku p\u00ebrfshihet edhe Velipoja.<\/span><\/p>\n<p><span style=\"color: #000000;\">Kryebashkiakja Ademi thot\u00eb se duhet mb\u00ebshtetur sezoni turistik dhe jo t\u00eb d\u00ebmtohet me vendime arbitrare.<\/span><\/p>\n<p><em><span style=\"color: #000000;\">\u201cDuhet mb\u00ebshtetur sezoni i mbar\u00eb turistik. Mos ket\u00eb vendime arbitrare p\u00ebr sezonin turistik. Mos ket\u00eb nd\u00ebrhyrje q\u00eb d\u00ebmtojn\u00eb sezonin turistik.<\/span><\/em><\/p>\n<p><span style=\"color: #000000;\"><em>Mos ket\u00eb nd\u00ebrhyrje q\u00eb d\u00ebmtojn\u00eb sezonin turistik. S\u2019duhet b\u00ebr\u00eb asgj\u00eb q\u00eb prish imazhin e sezonit. N\u00eb Velipoj\u00eb, jo situat\u00eb e p\u00ebrkeq\u00ebsuar p\u00ebr nd\u00ebrtimet. S\u2019kemi nd\u00ebrtime pa leje n\u00eb bregdetin e Velipoj\u00ebs<\/em>.\u201d- shprehet zonja Ademi.<\/span><\/p>\n","protected":false,"gt_translate_keys":[{"key":"rendered","format":"html"}]},"excerpt":{"rendered":"<p>Kryebashkiakja e Shkodr\u00ebs, Voltana Ademi, ka reaguar sot lidhur me aksionin e paralajm\u00ebruar para pak dit\u00ebsh nga kryeministri Edi Rama kund\u00ebr nd\u00ebrtimeve pa leje. Nga kjo e h\u00ebn\u00eb pritet t\u00eb nis\u00eb nj\u00eb aksion p\u00ebr prishjen e nd\u00ebrtimeve pa leje n\u00eb gjith\u00eb zon\u00ebn bregdetare, ku p\u00ebrfshihet edhe Velipoja. Kryebashkiakja Ademi thot\u00eb se duhet mb\u00ebshtetur sezoni turistik [&hellip;]<\/p>\n","protected":false,"gt_translate_keys":[{"key":"rendered","format":"html"}]},"author":30,"featured_media":401969,"comment_status":"open","ping_status":"open","sticky":false,"template":"","format":"standard","meta":{"footnotes":""},"categories":[65,13],"tags":[],"class_list":["post-454833","post","type-post","status-publish","format-standard","has-post-thumbnail","hentry","category-lajme","category-te-fundit"],"gt_translate_keys":[{"key":"link","format":"url"}],"_links":{"self":[{"href":"https:\/\/www.hashtag.al\/index.php\/wp-json\/wp\/v2\/posts\/454833","targetHints":{"allow":["GET"]}}],"collection":[{"href":"https:\/\/www.hashtag.al\/index.php\/wp-json\/wp\/v2\/posts"}],"about":[{"href":"https:\/\/www.hashtag.al\/index.php\/wp-json\/wp\/v2\/types\/post"}],"author":[{"embeddable":true,"href":"https:\/\/www.hashtag.al\/index.php\/wp-json\/wp\/v2\/users\/30"}],"replies":[{"embeddable":true,"href":"https:\/\/www.hashtag.al\/index.php\/wp-json\/wp\/v2\/comments?post=454833"}],"version-history":[{"count":0,"href":"https:\/\/www.hashtag.al\/index.php\/wp-json\/wp\/v2\/posts\/454833\/revisions"}],"wp:featuredmedia":[{"embeddable":true,"href":"https:\/\/www.hashtag.al\/index.php\/wp-json\/wp\/v2\/media\/401969"}],"wp:attachment":[{"href":"https:\/\/www.hashtag.al\/index.php\/wp-json\/wp\/v2\/media?parent=454833"}],"wp:term":[{"taxonomy":"category","embeddable":true,"href":"https:\/\/www.hashtag.al\/index.php\/wp-json\/wp\/v2\/categories?post=454833"},{"taxonomy":"post_tag","embeddable":true,"href":"https:\/\/www.hashtag.al\/index.php\/wp-json\/wp\/v2\/tags?post=454833"}],"curies":[{"name":"wp","href":"https:\/\/api.w.org\/{rel}","templated":true}]}}