{"id":454813,"date":"2021-06-05T11:19:46","date_gmt":"2021-06-05T09:19:46","guid":{"rendered":"https:\/\/hashtag.al\/?p=454813"},"modified":"2021-06-05T11:19:46","modified_gmt":"2021-06-05T09:19:46","slug":"shqiperia-hap-kufijte-per-turistet-hyrja-pa-test-covid-i-apo-dokument-tjeter-te-vecante","status":"publish","type":"post","link":"https:\/\/www.hashtag.al\/index.php\/2021\/06\/05\/shqiperia-hap-kufijte-per-turistet-hyrja-pa-test-covid-i-apo-dokument-tjeter-te-vecante\/","title":{"rendered":"Shqip\u00ebria hap kufijt\u00eb p\u00ebr turist\u00ebt: Hyrja pa test Covid-i apo dokument tjet\u00ebr t\u00eb ve\u00e7ant\u00eb","gt_translate_keys":[{"key":"rendered","format":"text"}]},"content":{"rendered":"<p><a href=\"https:\/\/hashtag.al\/wp-content\/uploads\/2021\/06\/kufiri-kosove-shqiperi.png\"><img loading=\"lazy\" decoding=\"async\" class=\"aligncenter size-full wp-image-454814\" src=\"https:\/\/hashtag.al\/wp-content\/uploads\/2021\/06\/kufiri-kosove-shqiperi.png\" alt=\"\" width=\"900\" height=\"594\" srcset=\"https:\/\/www.hashtag.al\/wp-content\/uploads\/2021\/06\/kufiri-kosove-shqiperi.png 900w, https:\/\/www.hashtag.al\/wp-content\/uploads\/2021\/06\/kufiri-kosove-shqiperi-300x198.png 300w, https:\/\/www.hashtag.al\/wp-content\/uploads\/2021\/06\/kufiri-kosove-shqiperi-768x507.png 768w\" sizes=\"auto, (max-width: 900px) 100vw, 900px\" \/><\/a><\/p>\n<p><span style=\"color: #000000;\">Shqip\u00ebria hap plot\u00ebsisht kufijt\u00eb p\u00ebr t\u00eb pritur turist\u00ebt, gjat\u00eb sezonit turistik. Lajmi b\u00ebhet i ditur nga Ministria e Jashtme, p\u00ebrmes nj\u00eb njoftimi ku b\u00ebn me dije qytetar\u00ebt shqiptar\u00eb e t\u00eb huaj se kufijt\u00eb e do t\u00eb jen\u00eb plot\u00ebsisht t\u00eb hapur dhe turist\u00ebt mund t\u00eb vizitojn\u00eb Shqip\u00ebrin\u00eb pa asnj\u00eb kufizim n\u00eb hyrje, pra pa test Covid-i dhe pa ndonj\u00eb dokument tjet\u00ebr t\u00eb ve\u00e7ant\u00eb.<\/span><\/p>\n<p><span style=\"color: #000000;\"><em>\u00a0\u201cMinistria p\u00ebr Evrop\u00ebn dhe Pun\u00ebt e Jashtme njofton t\u00eb gjith\u00eb shtetasit shqiptar\u00eb dhe t\u00eb huaj se p\u00ebr t\u00eb vizituar Shqip\u00ebrin\u00eb, nuk ka asnj\u00eb kufizim n\u00eb hyrje, nuk k\u00ebrkohet as Testi Covid-19 dhe asnj\u00eb dokument tjet\u00ebr i ve\u00e7ant\u00eb.\u201d-<\/em> thuhet n\u00eb njoftimin e MPJ-s\u00eb.<\/span><\/p>\n<p><span style=\"color: #000000;\"><strong>Protokolli qe\u0308 duhet ndjekur nga udhe\u0308taret qe\u0308 hyjne\u0308 ne\u0308 territorin e Shqipe\u0308rise\u0308 2021<\/strong><\/span><\/p>\n<p><span style=\"color: #000000;\">P\u00ebr t\u00eb gjith\u00eb t\u00eb interesuarit p\u00ebr t\u00eb udh\u00ebtuar drejt Shqip\u00ebris\u00eb, njoftojm\u00eb se Shqip\u00ebria i ka hapur kufijt\u00eb\u00a0n\u00eb dat\u00ebn 1 qershor 2020.<\/span><\/p>\n<p><span style=\"color: #000000;\">Nuk ka asnj\u00eb kufizim n\u00eb hyrje, qoft\u00eb test Covid-19 apo dokument i ve\u00e7ant\u00eb.<\/span><\/p>\n<p><span style=\"color: #000000;\"><strong>P\u00ebr t\u00eb gjith\u00eb individ\u00ebt q\u00eb hyjn\u00eb n\u00eb Shqip\u00ebri n\u00eb rrug\u00eb tok\u00ebsore:<\/strong><\/span><\/p>\n<p><span style=\"color: #000000;\">Nuk aplikohet detyrimi i karantinimit 14 ditor p\u00ebrvec rasteve t\u00eb ve\u00e7anta me urdh\u00ebr t\u00eb autoriteteve sh\u00ebndet\u00ebsore;<\/span><\/p>\n<p><span style=\"color: #000000;\">N\u00eb pikat kufitare nuk k\u00ebrkohen dokumenta specifik\u00eb, p\u00ebr t\u00eb hyr\u00eb n\u00eb territorin shqiptar;<\/span><\/p>\n<p><span style=\"color: #000000;\">N\u00eb rast hyrjeje n\u00eb Shqip\u00ebri nga kufijt\u00eb tok\u00ebsor\u00eb, informohuni mbi rregulloret e shteteve t\u00eb tjera ku do kalohet gjat\u00eb udh\u00ebtimit, pasi ndryshojn\u00eb nga shteti n\u00eb shtet.<\/span><\/p>\n<p><span style=\"color: #000000;\">Shtetasit q\u00eb udh\u00ebtojn\u00eb n\u00eb rrug\u00eb tok\u00ebsore p\u00ebr n\u00eb Shqip\u00ebri duhet t\u00eb marrin informacion paraprak n\u00eb Ambasadat e shteteve p\u00ebrmes t\u00eb cilave do t\u00eb kryejn\u00eb tranzit, p\u00ebr t\u00eb qen\u00eb t\u00eb qart\u00eb mbi rregullat e vendosura nga k\u00ebto shtete n\u00eb kuad\u00ebr t\u00eb pandemis\u00eb.<\/span><\/p>\n<p><span style=\"color: #000000;\"><strong>Individ\u00ebt q\u00eb udh\u00ebtojn\u00eb n\u00eb rrug\u00eb detare:<\/strong><\/span><\/p>\n<p><span style=\"color: #000000;\">Duhet t\u00eb komunikojn\u00eb me P\u00ebrfaq\u00ebsit\u00eb Shqiptare n\u00eb vendet nga do t\u00eb nisen me mjete lundruese ose t\u00eb kontaktojn\u00eb me Ambasadat p\u00ebrkat\u00ebse.<\/span><\/p>\n<p><span style=\"color: #000000;\"><strong>P\u00ebr udh\u00ebtar\u00ebt q\u00eb udh\u00ebtojn\u00eb nga vendet e treta me avion dhe p\u00ebrdorin si tranzit nj\u00eb nga aeroportet nd\u00ebrkomb\u00ebtare, t\u00eb mbahet parasysh se:<\/strong><\/span><\/p>\n<p><span style=\"color: #000000;\">Nuk do t\u00eb lejohen t\u00eb dalin nga zona e tranzitit t\u00eb aeroportit dhe se nuk do t\u00eb lejohen t\u00eb vijojn\u00eb udh\u00ebtimin e tyre n\u00ebse destinacioni pasues \u00ebsht\u00eb nj\u00eb vend tjet\u00ebr i hap\u00ebsir\u00ebs Schengen, pasi kjo l\u00ebvizje nuk konsiderohet tranzit, por hyrje n\u00eb hap\u00ebsir\u00ebn Schengen, prandaj autoritetet aeroportuale do t\u2019i kthejn\u00eb n\u00eb vendet nga kan\u00eb mb\u00ebrritur.\u00a0<\/span><\/p>\n<p><span style=\"color: #000000;\"><strong>T\u00eb gjith\u00eb udh\u00ebtar\u00ebt t\u00eb cil\u00ebt lejohen t\u00eb hyjn\u00eb n\u00eb territorin e Republik\u00ebs s\u00eb Shqip\u00ebris\u00eb, p\u00ebrve\u00e7 respektimit t\u00eb protokoll\u00ebve t\u00eb standardeve nd\u00ebrkomb\u00ebtare q\u00eb kompanit\u00eb ajrore aplikojn\u00eb kudo n\u00eb bot\u00eb, duhet t\u00eb zbatojn\u00eb k\u00ebto rregulla:<\/strong><\/span><\/p>\n<p><span style=\"color: #000000;\">N\u00ebse pasagjeri shfaq simptoma t\u00eb COVID-19 t\u00eb specifikuara m\u00eb par\u00eb, ai\/ajo nuk do t\u00eb<\/span><\/p>\n<p><span style=\"color: #000000;\">lejohet t\u00eb vazhdoj\u00eb udh\u00ebtimin dhe t\u00eb hyj\u00eb n\u00eb Shqip\u00ebri;<\/span><\/p>\n<p><span style=\"color: #000000;\">Aeroporti ka vendosur pika t\u00eb automatizuara ku udh\u00ebtar\u00ebt mund t\u00eb pajisen me mask\u00eb (e detyrueshme p\u00ebr ambientet e brendshme) si dhe dezinfektant\u00eb<\/span><\/p>\n<p><span style=\"color: #000000;\">N\u00eb momentin e check-in do t\u00eb n\u00ebnshkuhet nj\u00eb deklarat\u00eb mbi statusin e tyre n\u00eb lidhje me COVID-19 p\u00ebrpara se t\u00eb pajisen me boarding pass;<\/span><\/p>\n<p><span style=\"color: #000000;\">Pasagjer\u00ebt gjat\u00eb q\u00ebndrimit n\u00eb aeroport duhet t\u00eb respektojn\u00eb distanc\u00ebn sociale 1.5 metra gjat\u00eb gjith\u00eb koh\u00ebs s\u00eb q\u00ebndrimit n\u00eb aeroport.<\/span><\/p>\n<p><span style=\"color: #000000;\">Prioritet kan\u00eb personat e moshuar, personat n\u00eb nevoj\u00eb dhe familjet me f\u00ebmij\u00eb t\u00eb mitur;<\/span><\/p>\n<p><span style=\"color: #000000;\">Inkurajohet kryerja e check-in online p\u00ebr t\u00eb shmangur radh\u00ebt dhe kontaktet fizike.<\/span><\/p>\n<p><span style=\"color: #000000;\">K\u00ebrkohet q\u00eb n\u00eb rast se pasagjer\u00ebt shfaqin simptoma, at\u00ebher\u00eb t\u00eb mos nd\u00ebrmarrin<\/span><\/p>\n<p><span style=\"color: #000000;\">udh\u00ebtime por t\u00eb zbatojn\u00eb rregullat e vendosura nga shtetet p\u00ebrkat\u00ebse.<\/span><\/p>\n<p><span style=\"color: #000000;\"><strong>Mbani n\u00eb v\u00ebmendjen tuaj, rregullat aktuale q\u00eb jan\u00eb n\u00eb fuqi n\u00eb Shqip\u00ebri.<\/strong><\/span><\/p>\n<p><span style=\"color: #000000;\"><strong>Duke filluar nga 1 qershori, 2021:<\/strong><\/span><\/p>\n<p><span style=\"color: #000000;\">Kufizim i l\u00ebvizjes n\u00eb t\u00eb gjith\u00eb territorin e Republik\u00ebs s\u00eb Shqip\u00ebris\u00eb, nga ora 23:00 deri n\u00eb or\u00ebn 06:00. Lejohet l\u00ebvizja vet\u00ebm p\u00ebr arsye sh\u00ebndet\u00ebsore ose emergjenc\u00eb. P\u00ebrdorni aplikacionin E-Albania p\u00ebr leje specifike.<\/span><\/p>\n<p><span style=\"color: #000000;\">Hiqet detyrimi p\u00ebr mbajtjen e barrier\u00ebs mbrojt\u00ebse n\u00eb ambientet e jashtme. Do vijoj\u00eb t\u00eb mbetet detyrimi i mbajtjes s\u00eb mask\u00ebs n\u00eb ambientet e mbyllura si dhe n\u00eb mjetet e transportit publik. Rekomandohet mbajtja e mask\u00ebs kudo ku nuk mund t\u00eb ruhet distancimi social, si edhe p\u00ebr ata q\u00eb ende nuk kan\u00eb b\u00ebr\u00eb dy dozat e vaksin\u00ebs dhe q\u00eb konsiderohen persona n\u00eb risk.<\/span><\/p>\n<p><span style=\"color: #000000;\">Klubet e nat\u00ebs, diskot, vijojn\u00eb t\u00eb mbeten t\u00eb mbyllura. Muzika lejohet deri n\u00eb or\u00ebn 22:00.<\/span><\/p>\n<p><span style=\"color: #000000;\">Baret, restorantet jan\u00eb t\u00eb mbyllura nga ora 23:00 deri n\u00eb or\u00ebn 06:00, me p\u00ebrjashtim t\u00eb sh\u00ebrbimit \u201cdelivery\u201d.<\/span><\/p>\n<p><span style=\"color: #000000;\"><strong>Duke filluar nga 15 qershori, 2021:<\/strong><\/span><\/p>\n<p><span style=\"color: #000000;\">Grumbullimet n\u00eb ambientet e jashtme nga 10 persona b\u00ebhen 50 persona, duke respektuar rregullat e distanc\u00ebs sociale n\u00eb zbatim t\u00eb protokolleve t\u00eb Institutit t\u00eb Sh\u00ebndetit Publik.<\/span><\/p>\n<p><span style=\"color: #000000;\"><strong>Duke filluar nga 1 korriku, 2021:<\/strong><\/span><\/p>\n<p><span style=\"color: #000000;\">Ora policore shtyhet n\u00eb or\u00ebn 24.00 \u2013 06:00.<\/span><\/p>\n<p><span style=\"color: #000000;\">Orari p\u00ebr muzik\u00ebn nuk ndryshon, do mbetet ora 22:00.<\/span><\/p>\n<p><span style=\"color: #000000;\">Lejohen kampionatet sportive me prezenc\u00eb t\u00eb tifoz\u00ebve me kapacitete t\u00eb reduktuara deri n\u00eb 30% sipas protokollit t\u00eb ISHP.<\/span><\/p>\n<p><span style=\"color: #000000;\">Lejohen aktivitetet e teatrove, shfaqjeve artistike, kulturore, konferencave, me kapacitet t\u00eb reduktuar deri ne 30% t\u00eb spektatoreve\/ pjes\u00ebmarr\u00ebsve, sipas protokolleve t\u00eb ISHP.<\/span><\/p>\n","protected":false,"gt_translate_keys":[{"key":"rendered","format":"html"}]},"excerpt":{"rendered":"<p>Shqip\u00ebria hap plot\u00ebsisht kufijt\u00eb p\u00ebr t\u00eb pritur turist\u00ebt, gjat\u00eb sezonit turistik. Lajmi b\u00ebhet i ditur nga Ministria e Jashtme, p\u00ebrmes nj\u00eb njoftimi ku b\u00ebn me dije qytetar\u00ebt shqiptar\u00eb e t\u00eb huaj se kufijt\u00eb e do t\u00eb jen\u00eb plot\u00ebsisht t\u00eb hapur dhe turist\u00ebt mund t\u00eb vizitojn\u00eb Shqip\u00ebrin\u00eb pa asnj\u00eb kufizim n\u00eb hyrje, pra pa test Covid-i [&hellip;]<\/p>\n","protected":false,"gt_translate_keys":[{"key":"rendered","format":"html"}]},"author":30,"featured_media":454814,"comment_status":"open","ping_status":"open","sticky":false,"template":"","format":"standard","meta":{"footnotes":""},"categories":[65,13],"tags":[],"class_list":["post-454813","post","type-post","status-publish","format-standard","has-post-thumbnail","hentry","category-lajme","category-te-fundit"],"gt_translate_keys":[{"key":"link","format":"url"}],"_links":{"self":[{"href":"https:\/\/www.hashtag.al\/index.php\/wp-json\/wp\/v2\/posts\/454813","targetHints":{"allow":["GET"]}}],"collection":[{"href":"https:\/\/www.hashtag.al\/index.php\/wp-json\/wp\/v2\/posts"}],"about":[{"href":"https:\/\/www.hashtag.al\/index.php\/wp-json\/wp\/v2\/types\/post"}],"author":[{"embeddable":true,"href":"https:\/\/www.hashtag.al\/index.php\/wp-json\/wp\/v2\/users\/30"}],"replies":[{"embeddable":true,"href":"https:\/\/www.hashtag.al\/index.php\/wp-json\/wp\/v2\/comments?post=454813"}],"version-history":[{"count":0,"href":"https:\/\/www.hashtag.al\/index.php\/wp-json\/wp\/v2\/posts\/454813\/revisions"}],"wp:featuredmedia":[{"embeddable":true,"href":"https:\/\/www.hashtag.al\/index.php\/wp-json\/wp\/v2\/media\/454814"}],"wp:attachment":[{"href":"https:\/\/www.hashtag.al\/index.php\/wp-json\/wp\/v2\/media?parent=454813"}],"wp:term":[{"taxonomy":"category","embeddable":true,"href":"https:\/\/www.hashtag.al\/index.php\/wp-json\/wp\/v2\/categories?post=454813"},{"taxonomy":"post_tag","embeddable":true,"href":"https:\/\/www.hashtag.al\/index.php\/wp-json\/wp\/v2\/tags?post=454813"}],"curies":[{"name":"wp","href":"https:\/\/api.w.org\/{rel}","templated":true}]}}