{"id":454338,"date":"2021-06-03T09:02:08","date_gmt":"2021-06-03T07:02:08","guid":{"rendered":"https:\/\/hashtag.al\/?p=454338"},"modified":"2021-06-03T09:02:08","modified_gmt":"2021-06-03T07:02:08","slug":"ekzekutohet-me-bresheri-automatiku-35-vjecari-ne-hyrje-te-pallatit-ne-vlore-gjendet-nje-makine-e-djegur","status":"publish","type":"post","link":"https:\/\/www.hashtag.al\/index.php\/2021\/06\/03\/ekzekutohet-me-bresheri-automatiku-35-vjecari-ne-hyrje-te-pallatit-ne-vlore-gjendet-nje-makine-e-djegur\/","title":{"rendered":"Ekzekutohet me bresh\u00ebri automatiku 35-vje\u00e7ari n\u00eb hyrje t\u00eb Pallatit n\u00eb Vlor\u00eb, gjendet nj\u00eb makin\u00eb e djegur","gt_translate_keys":[{"key":"rendered","format":"text"}]},"content":{"rendered":"<p><span style=\"color: #000000;\"><a href=\"https:\/\/hashtag.al\/wp-content\/uploads\/2021\/06\/vlore.jpg\"><img loading=\"lazy\" decoding=\"async\" class=\"aligncenter size-full wp-image-454339\" src=\"https:\/\/hashtag.al\/wp-content\/uploads\/2021\/06\/vlore.jpg\" alt=\"\" width=\"740\" height=\"398\" srcset=\"https:\/\/www.hashtag.al\/wp-content\/uploads\/2021\/06\/vlore.jpg 740w, https:\/\/www.hashtag.al\/wp-content\/uploads\/2021\/06\/vlore-300x161.jpg 300w\" sizes=\"auto, (max-width: 740px) 100vw, 740px\" \/><\/a><\/span><\/p>\n<p><span style=\"color: #000000;\">Nj\u00eb tjet\u00ebr atentat ka tronditur qytetin e Vlor\u00ebs pas mesnat\u00ebs s\u00eb kaluar, ku u q\u00ebllua me bresh\u00ebri plumbash nj\u00eb 35-vje\u00e7ar.<\/span><\/p>\n<p><span style=\"color: #000000;\">Shk\u00eblzen Velaj ka qen\u00eb duke hyr\u00eb p\u00ebr n\u00eb sht\u00ebpi, kur ka v\u00ebn\u00eb re se pran\u00eb pallatit ka qen\u00eb duke u ndjekur nga nj\u00eb makin\u00eb e dyshimt\u00eb. Ai e ka l\u00ebn\u00eb makin\u00ebn ndezur dhe ka ikur me vrap p\u00ebr t\u2019u futur n\u00eb banes\u00eb, mir\u00ebpo kur ka qen\u00eb duke hapur der\u00ebn, \u00ebsht\u00eb q\u00eblluar me automatik. Velaj ka nd\u00ebrruar jet\u00eb n\u00eb spital.<\/span><\/p>\n<p><span style=\"color: #000000;\">Nuk ka ende asnj\u00eb informacion p\u00ebr autor\u00ebt e dyshuar t\u00eb ngjarjes. Policia thot\u00eb se n\u00eb af\u00ebrsi t\u00eb fshatit Risili \u00ebsht\u00eb gjetur nj\u00eb makin\u00eb e djegur q\u00eb dyshohet se \u00ebsht\u00eb p\u00ebrdorur nga autor\u00ebt e k\u00ebtij krimi.<\/span><\/p>\n<p><span style=\"color: #000000;\"><em>\u201cRreth or\u00ebs 23:55, n\u00eb\u00a0lagjen \u201824 Maji\u2019, n\u00eb rrethana ende t\u00eb paqarta \u00ebsht\u00eb q\u00eblluar me arm\u00eb zjarri shtetasi Sh. V., rreth 35 vje\u00e7, i cili ka humbur jet\u00ebn n\u00eb Spitalin Rajonal Vlor\u00eb si pasoj\u00eb e plag\u00ebve t\u00eb marra.<\/em><\/span><\/p>\n<p><span style=\"color: #000000;\"><em>Gjat\u00eb krehjes s\u00eb zon\u00ebs, n\u00eb af\u00ebrsi t\u00eb fshatit Risili, nga sh\u00ebrbimet e Policis\u00eb \u00ebsht\u00eb konstatuar duke u djegur nj\u00eb automjet i braktisur, i cili paraprakisht dyshohet se mund t\u00eb jet\u00eb i autorit\/ve\u00a0t\u00eb ngjarjes.\u201d-<\/em> thuhet n\u00eb njoftimin e policis\u00eb.<\/span><\/p>\n<p><span style=\"color: #000000;\">Dyshimet jan\u00eb se ky atentat mund t\u00eb jet\u00eb kryer nga 2 apo m\u00eb shum\u00eb persona. Grupi hetimor, n\u00eb bashk\u00ebpunim me Prokurorin\u00eb, po punon p\u00ebr identifikimin e autor\u00ebve dhe\u00a0zbardhjen e k\u00ebsaj ngjarjeje.<\/span><\/p>\n","protected":false,"gt_translate_keys":[{"key":"rendered","format":"html"}]},"excerpt":{"rendered":"<p>Nj\u00eb tjet\u00ebr atentat ka tronditur qytetin e Vlor\u00ebs pas mesnat\u00ebs s\u00eb kaluar, ku u q\u00ebllua me bresh\u00ebri plumbash nj\u00eb 35-vje\u00e7ar. Shk\u00eblzen Velaj ka qen\u00eb duke hyr\u00eb p\u00ebr n\u00eb sht\u00ebpi, kur ka v\u00ebn\u00eb re se pran\u00eb pallatit ka qen\u00eb duke u ndjekur nga nj\u00eb makin\u00eb e dyshimt\u00eb. Ai e ka l\u00ebn\u00eb makin\u00ebn ndezur dhe ka ikur [&hellip;]<\/p>\n","protected":false,"gt_translate_keys":[{"key":"rendered","format":"html"}]},"author":30,"featured_media":454339,"comment_status":"open","ping_status":"open","sticky":false,"template":"","format":"standard","meta":{"footnotes":""},"categories":[22,65,13],"tags":[],"class_list":["post-454338","post","type-post","status-publish","format-standard","has-post-thumbnail","hentry","category-ballina","category-lajme","category-te-fundit"],"gt_translate_keys":[{"key":"link","format":"url"}],"_links":{"self":[{"href":"https:\/\/www.hashtag.al\/index.php\/wp-json\/wp\/v2\/posts\/454338","targetHints":{"allow":["GET"]}}],"collection":[{"href":"https:\/\/www.hashtag.al\/index.php\/wp-json\/wp\/v2\/posts"}],"about":[{"href":"https:\/\/www.hashtag.al\/index.php\/wp-json\/wp\/v2\/types\/post"}],"author":[{"embeddable":true,"href":"https:\/\/www.hashtag.al\/index.php\/wp-json\/wp\/v2\/users\/30"}],"replies":[{"embeddable":true,"href":"https:\/\/www.hashtag.al\/index.php\/wp-json\/wp\/v2\/comments?post=454338"}],"version-history":[{"count":0,"href":"https:\/\/www.hashtag.al\/index.php\/wp-json\/wp\/v2\/posts\/454338\/revisions"}],"wp:featuredmedia":[{"embeddable":true,"href":"https:\/\/www.hashtag.al\/index.php\/wp-json\/wp\/v2\/media\/454339"}],"wp:attachment":[{"href":"https:\/\/www.hashtag.al\/index.php\/wp-json\/wp\/v2\/media?parent=454338"}],"wp:term":[{"taxonomy":"category","embeddable":true,"href":"https:\/\/www.hashtag.al\/index.php\/wp-json\/wp\/v2\/categories?post=454338"},{"taxonomy":"post_tag","embeddable":true,"href":"https:\/\/www.hashtag.al\/index.php\/wp-json\/wp\/v2\/tags?post=454338"}],"curies":[{"name":"wp","href":"https:\/\/api.w.org\/{rel}","templated":true}]}}