{"id":454335,"date":"2021-06-03T08:56:14","date_gmt":"2021-06-03T06:56:14","guid":{"rendered":"https:\/\/hashtag.al\/?p=454335"},"modified":"2021-06-03T09:02:39","modified_gmt":"2021-06-03T07:02:39","slug":"vritet-ne-lokalin-e-tij-62-vjecari-ne-lushnje-e-plagoset-i-biri-kapet-autori-i-dyshuar","status":"publish","type":"post","link":"https:\/\/www.hashtag.al\/index.php\/2021\/06\/03\/vritet-ne-lokalin-e-tij-62-vjecari-ne-lushnje-e-plagoset-i-biri-kapet-autori-i-dyshuar\/","title":{"rendered":"Vritet n\u00eb lokalin e tij 62-vje\u00e7ari n\u00eb Lushnj\u00eb e plagoset i biri, kapet autori i dyshuar","gt_translate_keys":[{"key":"rendered","format":"text"}]},"content":{"rendered":"<p><span style=\"color: #000000;\"><img loading=\"lazy\" decoding=\"async\" class=\"aligncenter size-full wp-image-454340\" src=\"https:\/\/hashtag.al\/wp-content\/uploads\/2021\/06\/qorrilushnje.jpg\" alt=\"\" width=\"2000\" height=\"1038\" srcset=\"https:\/\/www.hashtag.al\/wp-content\/uploads\/2021\/06\/qorrilushnje.jpg 2000w, https:\/\/www.hashtag.al\/wp-content\/uploads\/2021\/06\/qorrilushnje-300x156.jpg 300w, https:\/\/www.hashtag.al\/wp-content\/uploads\/2021\/06\/qorrilushnje-768x399.jpg 768w, https:\/\/www.hashtag.al\/wp-content\/uploads\/2021\/06\/qorrilushnje-1024x531.jpg 1024w\" sizes=\"auto, (max-width: 2000px) 100vw, 2000px\" \/><\/span><\/p>\n<p><span style=\"color: #000000;\">Nj\u00eb 62-vje\u00e7ar ka humbur jet\u00ebn n\u00eb Lushnj\u00eb pas nj\u00eb konflikti nd\u00ebrsa djali i tij 31-vje\u00e7ar ka mbetur i plagosur.<\/span><\/p>\n<p><span style=\"color: #000000;\"> Ngjarja ka ndodhur n\u00eb fshatin Fier i Ri, ku sipas policis\u00eb, Sofokli Shani pas nj\u00eb konflikti t\u00eb \u00e7astit n\u00eb nj\u00eb lokal, ka q\u00eblluar me arm\u00eb zjarri pronarin e lokalit Rako Qorrin si dhe ka plagosur t\u00eb birin, Klajdi Qorrin. <\/span><\/p>\n<p><span style=\"color: #000000;\">Ngjarja ka ndodhur af\u00ebr mesnat\u00ebs s\u00eb mbr\u00ebmshme nd\u00ebrsa autori i dyshuar, 57-vje\u00e7ari Shani banues n\u00eb Krutje t\u00eb Sip\u00ebrme \u00ebsht\u00eb ndaluar nga policia. Kjo e fundit ka sekuestruar edhe arm\u00ebn e krimit.<\/span><\/p>\n","protected":false,"gt_translate_keys":[{"key":"rendered","format":"html"}]},"excerpt":{"rendered":"<p>Nj\u00eb 62-vje\u00e7ar ka humbur jet\u00ebn n\u00eb Lushnj\u00eb pas nj\u00eb konflikti nd\u00ebrsa djali i tij 31-vje\u00e7ar ka mbetur i plagosur. Ngjarja ka ndodhur n\u00eb fshatin Fier i Ri, ku sipas policis\u00eb, Sofokli Shani pas nj\u00eb konflikti t\u00eb \u00e7astit n\u00eb nj\u00eb lokal, ka q\u00eblluar me arm\u00eb zjarri pronarin e lokalit Rako Qorrin si dhe ka plagosur t\u00eb [&hellip;]<\/p>\n","protected":false,"gt_translate_keys":[{"key":"rendered","format":"html"}]},"author":51,"featured_media":454340,"comment_status":"open","ping_status":"open","sticky":false,"template":"","format":"standard","meta":{"footnotes":""},"categories":[65,13],"tags":[],"class_list":["post-454335","post","type-post","status-publish","format-standard","has-post-thumbnail","hentry","category-lajme","category-te-fundit"],"gt_translate_keys":[{"key":"link","format":"url"}],"_links":{"self":[{"href":"https:\/\/www.hashtag.al\/index.php\/wp-json\/wp\/v2\/posts\/454335","targetHints":{"allow":["GET"]}}],"collection":[{"href":"https:\/\/www.hashtag.al\/index.php\/wp-json\/wp\/v2\/posts"}],"about":[{"href":"https:\/\/www.hashtag.al\/index.php\/wp-json\/wp\/v2\/types\/post"}],"author":[{"embeddable":true,"href":"https:\/\/www.hashtag.al\/index.php\/wp-json\/wp\/v2\/users\/51"}],"replies":[{"embeddable":true,"href":"https:\/\/www.hashtag.al\/index.php\/wp-json\/wp\/v2\/comments?post=454335"}],"version-history":[{"count":0,"href":"https:\/\/www.hashtag.al\/index.php\/wp-json\/wp\/v2\/posts\/454335\/revisions"}],"wp:featuredmedia":[{"embeddable":true,"href":"https:\/\/www.hashtag.al\/index.php\/wp-json\/wp\/v2\/media\/454340"}],"wp:attachment":[{"href":"https:\/\/www.hashtag.al\/index.php\/wp-json\/wp\/v2\/media?parent=454335"}],"wp:term":[{"taxonomy":"category","embeddable":true,"href":"https:\/\/www.hashtag.al\/index.php\/wp-json\/wp\/v2\/categories?post=454335"},{"taxonomy":"post_tag","embeddable":true,"href":"https:\/\/www.hashtag.al\/index.php\/wp-json\/wp\/v2\/tags?post=454335"}],"curies":[{"name":"wp","href":"https:\/\/api.w.org\/{rel}","templated":true}]}}