{"id":454314,"date":"2021-06-03T07:40:36","date_gmt":"2021-06-03T05:40:36","guid":{"rendered":"https:\/\/hashtag.al\/?p=454314"},"modified":"2021-06-02T23:30:19","modified_gmt":"2021-06-02T21:30:19","slug":"be-ja-do-ofroje-14-1-miliarde-euro-per-vendet-kandidate","status":"publish","type":"post","link":"https:\/\/www.hashtag.al\/index.php\/2021\/06\/03\/be-ja-do-ofroje-14-1-miliarde-euro-per-vendet-kandidate\/","title":{"rendered":"BE-ja do ofroj\u00eb 14.1 miliard\u00eb euro p\u00ebr vendet kandidate","gt_translate_keys":[{"key":"rendered","format":"text"}]},"content":{"rendered":"<p><span style=\"color: #000000;\"><img loading=\"lazy\" decoding=\"async\" class=\"aligncenter size-full wp-image-454315\" src=\"https:\/\/hashtag.al\/wp-content\/uploads\/2021\/06\/ipa3.jpg\" alt=\"\" width=\"680\" height=\"461\" srcset=\"https:\/\/www.hashtag.al\/wp-content\/uploads\/2021\/06\/ipa3.jpg 680w, https:\/\/www.hashtag.al\/wp-content\/uploads\/2021\/06\/ipa3-300x203.jpg 300w\" sizes=\"auto, (max-width: 680px) 100vw, 680px\" \/><\/span><\/p>\n<p><span style=\"color: #000000;\">Bashkimi Evropian ka p\u00ebrcaktuar 14 miliard\u00eb e 162 milion\u00eb euro p\u00ebr buxhetin e p\u00ebrgjithsh\u00ebm p\u00ebr periudh\u00ebn e tret\u00eb t\u00eb Instrumentit t\u00eb Asistenc\u00ebs Para An\u00ebtar\u00ebsimit (IPA III) q\u00eb mbulon vitet 2021-2027, i cili u dedikohet vendeve kandidate.<\/span><\/p>\n<p><span style=\"color: #000000;\">Sipas nj\u00eb deklarate nga Komisioni Evropian, K\u00ebshilli Evropian dhe Parlamenti Evropian kan\u00eb r\u00ebn\u00eb dakord mbi fondet IPA III q\u00eb do t\u00eb sigurohen n\u00eb periudh\u00ebn midis viteve 2021-2027 p\u00ebr vendet kandidate si Shqip\u00ebria, Maqedonia e Veriut, Turqia, Mali i Zi dhe Serbia, si dhe kandidat\u00ebt potencial\u00eb Kosova dhe Bosnj\u00eb dhe Hercegovina.<\/span><\/p>\n<p><span style=\"color: #000000;\">Nj\u00eb total prej 14 miliard\u00eb e 162 milion\u00eb eurosh mb\u00ebshtetje financiare do t&#8217;u sigurohet k\u00ebtyre vendeve nga buxheti i BE-s\u00eb n\u00eb periudh\u00ebn shtat\u00ebvje\u00e7are.<\/span><\/p>\n<p><span style=\"color: #000000;\">IPA III do t\u00eb mb\u00ebshtes\u00eb k\u00ebto vende n\u00eb p\u00ebrmbushjen e kritereve p\u00ebr an\u00ebtar\u00ebsim p\u00ebrmes reformave gjith\u00ebp\u00ebrfshir\u00ebse.<\/span><\/p>\n<p><span style=\"color: #000000;\">N\u00eb shp\u00ebrndarjen e fondeve do t\u00eb ndiqet nj\u00eb qasje e fokusuar politikisht, n\u00eb m\u00ebnyr\u00eb strategjike dhe dinamike.<\/span><\/p>\n<p><span style=\"color: #000000;\">IPA III po ashtu do t\u00eb ket\u00eb fokus mbi respektin ndaj sundimit t\u00eb ligjit dhe vlerave themelore.<\/span><\/p>\n<p><span style=\"color: #000000;\">Instrumenti parasheh inkurajimin e forcimit t\u00eb institucioneve demokratike, reformave n\u00eb administrat\u00ebn publike, si dhe reformave n\u00eb menaxhimin ekonomik dhe konkurrenc\u00eb.<\/span><\/p>\n<p><span style=\"color: #000000;\">Fondet IPA III do t\u00eb shp\u00ebrndahen sipas p\u00ebrpar\u00ebsive tematike. Fondet nuk do t\u00eb alokohen si ato t\u00eb periudh\u00ebs paraardh\u00ebse, bazuar sipas vendeve.<\/span><\/p>\n<p><span style=\"color: #000000;\">Vendet q\u00eb p\u00ebrmbushin pritjet dhe arrijn\u00eb progres drejt p\u00ebrpar\u00ebsive do t\u00eb shp\u00ebrblehen n\u00eb m\u00ebnyr\u00eb fleksibile.<\/span><\/p>\n<p><span style=\"color: #000000;\">Pas k\u00ebsaj faze, dakordimi midis institucioneve t\u00eb BE-s\u00eb duhet t\u00eb miratohet zyrtarisht nga K\u00ebshilli Evropian dhe Parlamenti.<\/span><\/p>\n","protected":false,"gt_translate_keys":[{"key":"rendered","format":"html"}]},"excerpt":{"rendered":"<p>Bashkimi Evropian ka p\u00ebrcaktuar 14 miliard\u00eb e 162 milion\u00eb euro p\u00ebr buxhetin e p\u00ebrgjithsh\u00ebm p\u00ebr periudh\u00ebn e tret\u00eb t\u00eb Instrumentit t\u00eb Asistenc\u00ebs Para An\u00ebtar\u00ebsimit (IPA III) q\u00eb mbulon vitet 2021-2027, i cili u dedikohet vendeve kandidate. Sipas nj\u00eb deklarate nga Komisioni Evropian, K\u00ebshilli Evropian dhe Parlamenti Evropian kan\u00eb r\u00ebn\u00eb dakord mbi fondet IPA III q\u00eb [&hellip;]<\/p>\n","protected":false,"gt_translate_keys":[{"key":"rendered","format":"html"}]},"author":32,"featured_media":454315,"comment_status":"open","ping_status":"open","sticky":false,"template":"","format":"standard","meta":{"footnotes":""},"categories":[6,13],"tags":[],"class_list":["post-454314","post","type-post","status-publish","format-standard","has-post-thumbnail","hentry","category-nderkombetare","category-te-fundit"],"gt_translate_keys":[{"key":"link","format":"url"}],"_links":{"self":[{"href":"https:\/\/www.hashtag.al\/index.php\/wp-json\/wp\/v2\/posts\/454314","targetHints":{"allow":["GET"]}}],"collection":[{"href":"https:\/\/www.hashtag.al\/index.php\/wp-json\/wp\/v2\/posts"}],"about":[{"href":"https:\/\/www.hashtag.al\/index.php\/wp-json\/wp\/v2\/types\/post"}],"author":[{"embeddable":true,"href":"https:\/\/www.hashtag.al\/index.php\/wp-json\/wp\/v2\/users\/32"}],"replies":[{"embeddable":true,"href":"https:\/\/www.hashtag.al\/index.php\/wp-json\/wp\/v2\/comments?post=454314"}],"version-history":[{"count":0,"href":"https:\/\/www.hashtag.al\/index.php\/wp-json\/wp\/v2\/posts\/454314\/revisions"}],"wp:featuredmedia":[{"embeddable":true,"href":"https:\/\/www.hashtag.al\/index.php\/wp-json\/wp\/v2\/media\/454315"}],"wp:attachment":[{"href":"https:\/\/www.hashtag.al\/index.php\/wp-json\/wp\/v2\/media?parent=454314"}],"wp:term":[{"taxonomy":"category","embeddable":true,"href":"https:\/\/www.hashtag.al\/index.php\/wp-json\/wp\/v2\/categories?post=454314"},{"taxonomy":"post_tag","embeddable":true,"href":"https:\/\/www.hashtag.al\/index.php\/wp-json\/wp\/v2\/tags?post=454314"}],"curies":[{"name":"wp","href":"https:\/\/api.w.org\/{rel}","templated":true}]}}