{"id":453859,"date":"2021-05-31T16:55:20","date_gmt":"2021-05-31T14:55:20","guid":{"rendered":"https:\/\/hashtag.al\/?p=453859"},"modified":"2021-05-31T16:55:20","modified_gmt":"2021-05-31T14:55:20","slug":"ish-kryeprokurori-llalla-thyen-heshtjen-i-ftuar-te-cim-peka-live-mbremjen-e-sotme","status":"publish","type":"post","link":"https:\/\/www.hashtag.al\/index.php\/2021\/05\/31\/ish-kryeprokurori-llalla-thyen-heshtjen-i-ftuar-te-cim-peka-live-mbremjen-e-sotme\/","title":{"rendered":"Ish-kryeprokurori Llalla &#8216;thyen&#8217; heshtjen, i ftuar te &#8216;\u00c7im Peka Live&#8217; mbr\u00ebmjen e sotme","gt_translate_keys":[{"key":"rendered","format":"text"}]},"content":{"rendered":"<p><span style=\"color: #000000;\"><img loading=\"lazy\" decoding=\"async\" class=\"size-full wp-image-453861\" src=\"https:\/\/hashtag.al\/wp-content\/uploads\/2021\/05\/llalla.jpg\" alt=\"\" width=\"2048\" height=\"1463\" srcset=\"https:\/\/www.hashtag.al\/wp-content\/uploads\/2021\/05\/llalla.jpg 2048w, https:\/\/www.hashtag.al\/wp-content\/uploads\/2021\/05\/llalla-300x214.jpg 300w, https:\/\/www.hashtag.al\/wp-content\/uploads\/2021\/05\/llalla-768x549.jpg 768w, https:\/\/www.hashtag.al\/wp-content\/uploads\/2021\/05\/llalla-1024x732.jpg 1024w, https:\/\/www.hashtag.al\/wp-content\/uploads\/2021\/05\/llalla-700x500.jpg 700w\" sizes=\"auto, (max-width: 2048px) 100vw, 2048px\" \/><\/span><\/p>\n<p><span style=\"color: #000000;\">Ish-kryeprokurori Adriatik Llalla do shfaqet sot p\u00ebr her\u00eb t\u00eb par\u00eb n\u00eb nj\u00eb intervist\u00eb n\u00eb Syri TV n\u00eb emisionin \u2018\u00c7im Peka Live\u2019. <\/span><\/p>\n<p><span style=\"color: #000000;\">Pak dit\u00eb m\u00eb par\u00eb, Gjykata e Posa\u00e7me e d\u00ebnoi me dy vite burg si dhe 5 vite p\u00ebrjashtim nga funksionet publike.<\/span><\/p>\n<p><span style=\"color: #000000;\">Llalla u largua nga detyra n\u00eb vitin 2017, duke u z\u00ebvnd\u00ebsuar n\u00eb k\u00ebt\u00eb pozicion nga Kruyeprokurorja e p\u00ebrkohshme Arta Marku. <\/span><\/p>\n<p><span style=\"color: #000000;\">Edhe pse u dor\u00ebhoq nga drejt\u00ebsia para vettingut, ndaj tij nisi nj\u00eb hetim nga Prokuroria e Krimeve t\u00eb R\u00ebnda e m\u00eb pas SPAK. <\/span><\/p>\n<p><span style=\"color: #000000;\">Llalla u akuzuar p\u00ebr pastrim parash por n\u00eb fund u d\u00ebnua p\u00ebr fshehje t\u00eb pasuris\u00eb. Pasurit\u00eb e tij jan\u00eb sekuestruar nd\u00ebrsa vet\u00eb ai q\u00ebndroi p\u00ebr disa koh\u00eb n\u00eb Gjermani pas largimit nga detyra. <\/span><\/p>\n<p><span style=\"color: #000000;\">Hetimet ndaj tij nis\u00ebn n\u00eb vitin 2018 e u p\u00ebrmbyll\u00ebn me vendimin e para pak dit\u00ebve. Ish-kryeprokurorit i jan\u00eb sekuestruar 4 sip\u00ebrfaqe toke dhe nj\u00eb sht\u00ebpi n\u00eb Durr\u00ebs p\u00ebr llogari t\u00eb shtetit.<\/span><\/p>\n<p><span style=\"color: #000000;\">Gjat\u00eb koh\u00ebs q\u00eb ishte n\u00eb detyr\u00eb, Llalla u p\u00ebrplas me ish-ambasadorin amerikan n\u00eb Tiran\u00eb, Donald Lu, t\u00eb cilin e akuzoi p\u00ebr \u00e7\u00ebshtjen e \u2018Bankers Petroleum\u2019. Po k\u00ebshtu Llalla pohoi n\u00eb nj\u00eb intervist\u00eb n\u00eb \u2018Opinon\u2019 se Donald Lu i kishte k\u00ebrkuar atij t\u00eb arrestonte Ilir Met\u00ebn.<\/span><\/p>\n<p><span style=\"color: #000000;\"><img loading=\"lazy\" decoding=\"async\" class=\"aligncenter size-full wp-image-453860\" src=\"https:\/\/hashtag.al\/wp-content\/uploads\/2021\/05\/pekallalla.jpg\" alt=\"\" width=\"960\" height=\"960\" srcset=\"https:\/\/www.hashtag.al\/wp-content\/uploads\/2021\/05\/pekallalla.jpg 960w, https:\/\/www.hashtag.al\/wp-content\/uploads\/2021\/05\/pekallalla-150x150.jpg 150w, https:\/\/www.hashtag.al\/wp-content\/uploads\/2021\/05\/pekallalla-300x300.jpg 300w, https:\/\/www.hashtag.al\/wp-content\/uploads\/2021\/05\/pekallalla-768x768.jpg 768w, https:\/\/www.hashtag.al\/wp-content\/uploads\/2021\/05\/pekallalla-600x600.jpg 600w, https:\/\/www.hashtag.al\/wp-content\/uploads\/2021\/05\/pekallalla-180x180.jpg 180w, https:\/\/www.hashtag.al\/wp-content\/uploads\/2021\/05\/pekallalla-80x80.jpg 80w\" sizes=\"auto, (max-width: 960px) 100vw, 960px\" \/><\/span><\/p>\n","protected":false,"gt_translate_keys":[{"key":"rendered","format":"html"}]},"excerpt":{"rendered":"<p>Ish-kryeprokurori Adriatik Llalla do shfaqet sot p\u00ebr her\u00eb t\u00eb par\u00eb n\u00eb nj\u00eb intervist\u00eb n\u00eb Syri TV n\u00eb emisionin \u2018\u00c7im Peka Live\u2019. Pak dit\u00eb m\u00eb par\u00eb, Gjykata e Posa\u00e7me e d\u00ebnoi me dy vite burg si dhe 5 vite p\u00ebrjashtim nga funksionet publike. Llalla u largua nga detyra n\u00eb vitin 2017, duke u z\u00ebvnd\u00ebsuar n\u00eb k\u00ebt\u00eb [&hellip;]<\/p>\n","protected":false,"gt_translate_keys":[{"key":"rendered","format":"html"}]},"author":51,"featured_media":453861,"comment_status":"open","ping_status":"open","sticky":false,"template":"","format":"standard","meta":{"footnotes":""},"categories":[65,13],"tags":[],"class_list":["post-453859","post","type-post","status-publish","format-standard","has-post-thumbnail","hentry","category-lajme","category-te-fundit"],"gt_translate_keys":[{"key":"link","format":"url"}],"_links":{"self":[{"href":"https:\/\/www.hashtag.al\/index.php\/wp-json\/wp\/v2\/posts\/453859","targetHints":{"allow":["GET"]}}],"collection":[{"href":"https:\/\/www.hashtag.al\/index.php\/wp-json\/wp\/v2\/posts"}],"about":[{"href":"https:\/\/www.hashtag.al\/index.php\/wp-json\/wp\/v2\/types\/post"}],"author":[{"embeddable":true,"href":"https:\/\/www.hashtag.al\/index.php\/wp-json\/wp\/v2\/users\/51"}],"replies":[{"embeddable":true,"href":"https:\/\/www.hashtag.al\/index.php\/wp-json\/wp\/v2\/comments?post=453859"}],"version-history":[{"count":0,"href":"https:\/\/www.hashtag.al\/index.php\/wp-json\/wp\/v2\/posts\/453859\/revisions"}],"wp:featuredmedia":[{"embeddable":true,"href":"https:\/\/www.hashtag.al\/index.php\/wp-json\/wp\/v2\/media\/453861"}],"wp:attachment":[{"href":"https:\/\/www.hashtag.al\/index.php\/wp-json\/wp\/v2\/media?parent=453859"}],"wp:term":[{"taxonomy":"category","embeddable":true,"href":"https:\/\/www.hashtag.al\/index.php\/wp-json\/wp\/v2\/categories?post=453859"},{"taxonomy":"post_tag","embeddable":true,"href":"https:\/\/www.hashtag.al\/index.php\/wp-json\/wp\/v2\/tags?post=453859"}],"curies":[{"name":"wp","href":"https:\/\/api.w.org\/{rel}","templated":true}]}}