{"id":453518,"date":"2021-05-30T10:35:23","date_gmt":"2021-05-30T08:35:23","guid":{"rendered":"https:\/\/hashtag.al\/?p=453518"},"modified":"2021-05-30T10:35:23","modified_gmt":"2021-05-30T08:35:23","slug":"vaksinohen-punonjesit-e-transportit-publik-neser-mberrijne-11-mije-e-700-doza-pfizer","status":"publish","type":"post","link":"https:\/\/www.hashtag.al\/index.php\/2021\/05\/30\/vaksinohen-punonjesit-e-transportit-publik-neser-mberrijne-11-mije-e-700-doza-pfizer\/","title":{"rendered":"Vaksinohen punonj\u00ebsit e transportit publik, nes\u00ebr mb\u00ebrrijn\u00eb 11 mij\u00eb e 700 doza Pfizer","gt_translate_keys":[{"key":"rendered","format":"text"}]},"content":{"rendered":"<p><span style=\"color: #000000;\"><img loading=\"lazy\" decoding=\"async\" class=\"aligncenter size-full wp-image-453519\" src=\"https:\/\/hashtag.al\/wp-content\/uploads\/2021\/05\/vaksinime.png\" alt=\"\" width=\"1065\" height=\"553\" srcset=\"https:\/\/www.hashtag.al\/wp-content\/uploads\/2021\/05\/vaksinime.png 1065w, https:\/\/www.hashtag.al\/wp-content\/uploads\/2021\/05\/vaksinime-300x156.png 300w, https:\/\/www.hashtag.al\/wp-content\/uploads\/2021\/05\/vaksinime-768x399.png 768w, https:\/\/www.hashtag.al\/wp-content\/uploads\/2021\/05\/vaksinime-1024x532.png 1024w\" sizes=\"auto, (max-width: 1065px) 100vw, 1065px\" \/><\/span><\/p>\n<p><span style=\"color: #000000;\">Ministrja e Sh\u00ebndet\u00ebsis\u00eb, Ogerta Manastirliu ka b\u00ebr\u00eb me dije se me fillimin e vaksinimit edhe t\u00eb punonj\u00ebsve t\u00eb transportit publik numri i personave q\u00eb kan\u00eb marr\u00eb vaksina shkon n\u00eb 770 mij\u00eb.<\/span><\/p>\n<p><span style=\"color: #000000;\">Nd\u00ebrsa njofton m\u00eb tej se nes\u00ebr pritet t\u00eb mb\u00ebrrijn\u00eb edhe 11 mij\u00eb e 700 doza t\u00eb vaksin\u00ebs Pfizer.<\/span><\/p>\n<p><span style=\"color: #000000;\">\u201c<em>Me vaksinimin e punonj\u00ebsve t\u00eb transportit publik, ia kemi dal\u00eb t\u00eb kryejm\u00eb m\u00eb shum\u00eb se 770 mij\u00eb vaksinime p\u00ebr qytetar\u00ebt mbi 60 vje\u00e7 dhe punonj\u00ebsit e sh\u00ebrbimeve kritike. Nes\u00ebr priten s\u00ebrish 11,700 doza vaksinash Pfizer, p\u00ebr t\u00eb vijuar pa u ndalur me kalendarin e vaksinimit anticovid<\/em>\u201c.<\/span><\/p>\n","protected":false,"gt_translate_keys":[{"key":"rendered","format":"html"}]},"excerpt":{"rendered":"<p>Ministrja e Sh\u00ebndet\u00ebsis\u00eb, Ogerta Manastirliu ka b\u00ebr\u00eb me dije se me fillimin e vaksinimit edhe t\u00eb punonj\u00ebsve t\u00eb transportit publik numri i personave q\u00eb kan\u00eb marr\u00eb vaksina shkon n\u00eb 770 mij\u00eb. Nd\u00ebrsa njofton m\u00eb tej se nes\u00ebr pritet t\u00eb mb\u00ebrrijn\u00eb edhe 11 mij\u00eb e 700 doza t\u00eb vaksin\u00ebs Pfizer. \u201cMe vaksinimin e punonj\u00ebsve t\u00eb transportit [&hellip;]<\/p>\n","protected":false,"gt_translate_keys":[{"key":"rendered","format":"html"}]},"author":32,"featured_media":453519,"comment_status":"open","ping_status":"open","sticky":false,"template":"","format":"standard","meta":{"footnotes":""},"categories":[65,13],"tags":[],"class_list":["post-453518","post","type-post","status-publish","format-standard","has-post-thumbnail","hentry","category-lajme","category-te-fundit"],"gt_translate_keys":[{"key":"link","format":"url"}],"_links":{"self":[{"href":"https:\/\/www.hashtag.al\/index.php\/wp-json\/wp\/v2\/posts\/453518","targetHints":{"allow":["GET"]}}],"collection":[{"href":"https:\/\/www.hashtag.al\/index.php\/wp-json\/wp\/v2\/posts"}],"about":[{"href":"https:\/\/www.hashtag.al\/index.php\/wp-json\/wp\/v2\/types\/post"}],"author":[{"embeddable":true,"href":"https:\/\/www.hashtag.al\/index.php\/wp-json\/wp\/v2\/users\/32"}],"replies":[{"embeddable":true,"href":"https:\/\/www.hashtag.al\/index.php\/wp-json\/wp\/v2\/comments?post=453518"}],"version-history":[{"count":0,"href":"https:\/\/www.hashtag.al\/index.php\/wp-json\/wp\/v2\/posts\/453518\/revisions"}],"wp:featuredmedia":[{"embeddable":true,"href":"https:\/\/www.hashtag.al\/index.php\/wp-json\/wp\/v2\/media\/453519"}],"wp:attachment":[{"href":"https:\/\/www.hashtag.al\/index.php\/wp-json\/wp\/v2\/media?parent=453518"}],"wp:term":[{"taxonomy":"category","embeddable":true,"href":"https:\/\/www.hashtag.al\/index.php\/wp-json\/wp\/v2\/categories?post=453518"},{"taxonomy":"post_tag","embeddable":true,"href":"https:\/\/www.hashtag.al\/index.php\/wp-json\/wp\/v2\/tags?post=453518"}],"curies":[{"name":"wp","href":"https:\/\/api.w.org\/{rel}","templated":true}]}}