{"id":453513,"date":"2021-05-30T09:36:07","date_gmt":"2021-05-30T07:36:07","guid":{"rendered":"https:\/\/hashtag.al\/?p=453513"},"modified":"2021-05-30T09:36:07","modified_gmt":"2021-05-30T07:36:07","slug":"subjekt-i-ofl-se-dhe-i-denuar-per-droge-kush-eshte-38-vjecari-i-plagosur-ne-vlore","status":"publish","type":"post","link":"https:\/\/www.hashtag.al\/index.php\/2021\/05\/30\/subjekt-i-ofl-se-dhe-i-denuar-per-droge-kush-eshte-38-vjecari-i-plagosur-ne-vlore\/","title":{"rendered":"Subjekt i OFL-s\u00eb dhe i d\u00ebnuar p\u00ebr drog\u00eb, kush \u00ebsht\u00eb 38-vje\u00e7ari i plagosur n\u00eb Vlor\u00eb","gt_translate_keys":[{"key":"rendered","format":"text"}]},"content":{"rendered":"<p><span style=\"color: #000000;\"><img loading=\"lazy\" decoding=\"async\" class=\"aligncenter size-full wp-image-453514\" src=\"https:\/\/hashtag.al\/wp-content\/uploads\/2021\/05\/edison-begaj.png\" alt=\"\" width=\"537\" height=\"360\" srcset=\"https:\/\/www.hashtag.al\/wp-content\/uploads\/2021\/05\/edison-begaj.png 537w, https:\/\/www.hashtag.al\/wp-content\/uploads\/2021\/05\/edison-begaj-300x201.png 300w\" sizes=\"auto, (max-width: 537px) 100vw, 537px\" \/><\/span><\/p>\n<p><span style=\"color: #000000;\">\u00cbsht\u00eb zbardhur identiteti i 38-vje\u00e7arit t\u00eb plagosur dit\u00ebn e sotme n\u00eb Vlor\u00eb.<\/span><\/p>\n<p><span style=\"color: #000000;\">I plagosuri \u00ebsht\u00eb Edison Begaj, subjekt i OFL-s\u00eb, i d\u00ebnuar nga Gjykata e Tiran\u00ebs me 7 vite e 6 muaj burgim p\u00ebr veprat penale \u201cProdhim dhe shitja e narkotik\u00ebve\u201d dhe \u201cProdhimi dhe mbajtja pa leje e municioneve luftarake\u201d.<\/span><\/p>\n<p><span style=\"color: #000000;\">Begaj u q\u00ebllua me 4 plumba n\u00eb hyrje t\u00eb banes\u00ebs s\u00eb tij nga persona ende t\u00eb paidentifikuar.<\/span><\/p>\n<p><span style=\"color: #000000;\">Menj\u00ebher\u00eb pas ngjarjes Begaj u paraqit n\u00eb spital, ku ndodhet jasht\u00eb rrezikut p\u00ebr jet\u00ebn.<\/span><\/p>\n","protected":false,"gt_translate_keys":[{"key":"rendered","format":"html"}]},"excerpt":{"rendered":"<p>\u00cbsht\u00eb zbardhur identiteti i 38-vje\u00e7arit t\u00eb plagosur dit\u00ebn e sotme n\u00eb Vlor\u00eb. I plagosuri \u00ebsht\u00eb Edison Begaj, subjekt i OFL-s\u00eb, i d\u00ebnuar nga Gjykata e Tiran\u00ebs me 7 vite e 6 muaj burgim p\u00ebr veprat penale \u201cProdhim dhe shitja e narkotik\u00ebve\u201d dhe \u201cProdhimi dhe mbajtja pa leje e municioneve luftarake\u201d. Begaj u q\u00ebllua me 4 [&hellip;]<\/p>\n","protected":false,"gt_translate_keys":[{"key":"rendered","format":"html"}]},"author":32,"featured_media":453514,"comment_status":"open","ping_status":"open","sticky":false,"template":"","format":"standard","meta":{"footnotes":""},"categories":[65,13],"tags":[],"class_list":["post-453513","post","type-post","status-publish","format-standard","has-post-thumbnail","hentry","category-lajme","category-te-fundit"],"gt_translate_keys":[{"key":"link","format":"url"}],"_links":{"self":[{"href":"https:\/\/www.hashtag.al\/index.php\/wp-json\/wp\/v2\/posts\/453513","targetHints":{"allow":["GET"]}}],"collection":[{"href":"https:\/\/www.hashtag.al\/index.php\/wp-json\/wp\/v2\/posts"}],"about":[{"href":"https:\/\/www.hashtag.al\/index.php\/wp-json\/wp\/v2\/types\/post"}],"author":[{"embeddable":true,"href":"https:\/\/www.hashtag.al\/index.php\/wp-json\/wp\/v2\/users\/32"}],"replies":[{"embeddable":true,"href":"https:\/\/www.hashtag.al\/index.php\/wp-json\/wp\/v2\/comments?post=453513"}],"version-history":[{"count":0,"href":"https:\/\/www.hashtag.al\/index.php\/wp-json\/wp\/v2\/posts\/453513\/revisions"}],"wp:featuredmedia":[{"embeddable":true,"href":"https:\/\/www.hashtag.al\/index.php\/wp-json\/wp\/v2\/media\/453514"}],"wp:attachment":[{"href":"https:\/\/www.hashtag.al\/index.php\/wp-json\/wp\/v2\/media?parent=453513"}],"wp:term":[{"taxonomy":"category","embeddable":true,"href":"https:\/\/www.hashtag.al\/index.php\/wp-json\/wp\/v2\/categories?post=453513"},{"taxonomy":"post_tag","embeddable":true,"href":"https:\/\/www.hashtag.al\/index.php\/wp-json\/wp\/v2\/tags?post=453513"}],"curies":[{"name":"wp","href":"https:\/\/api.w.org\/{rel}","templated":true}]}}