{"id":453431,"date":"2021-05-29T16:01:45","date_gmt":"2021-05-29T14:01:45","guid":{"rendered":"https:\/\/hashtag.al\/?p=453431"},"modified":"2021-05-29T16:02:58","modified_gmt":"2021-05-29T14:02:58","slug":"koreja-e-veriut-femijet-jetime-po-punojne-vullnetare-ne-miniera-dhe-ferma","status":"publish","type":"post","link":"https:\/\/www.hashtag.al\/index.php\/2021\/05\/29\/koreja-e-veriut-femijet-jetime-po-punojne-vullnetare-ne-miniera-dhe-ferma\/","title":{"rendered":"Koreja e Veriut: F\u00ebmij\u00ebt jetim\u00eb po punojn\u00eb vullnetar\u00eb n\u00eb miniera dhe ferma","gt_translate_keys":[{"key":"rendered","format":"text"}]},"content":{"rendered":"<p><a href=\"https:\/\/hashtag.al\/wp-content\/uploads\/2021\/05\/jetime-1.jpg\"><img loading=\"lazy\" decoding=\"async\" class=\"aligncenter size-full wp-image-453432\" src=\"https:\/\/hashtag.al\/wp-content\/uploads\/2021\/05\/jetime-1.jpg\" alt=\"\" width=\"976\" height=\"549\" srcset=\"https:\/\/www.hashtag.al\/wp-content\/uploads\/2021\/05\/jetime-1.jpg 976w, https:\/\/www.hashtag.al\/wp-content\/uploads\/2021\/05\/jetime-1-300x169.jpg 300w, https:\/\/www.hashtag.al\/wp-content\/uploads\/2021\/05\/jetime-1-768x432.jpg 768w\" sizes=\"auto, (max-width: 976px) 100vw, 976px\" \/><\/a><\/p>\n<p><span style=\"color: #000000;\">Media shtet\u00ebrore e Kores\u00eb s\u00eb Veriut ka deklaruar se f\u00ebmij\u00ebt jetim\u00eb kan\u00eb dal\u00eb vullnetar\u00eb p\u00ebr t\u00eb punuar n\u00eb minierat dhe fermat e drejtuara nga shteti.<\/span><\/p>\n<p><span style=\"color: #000000;\">Agjencia Qendrore e Lajmeve Koreane (KCNA) tha se qindra f\u00ebmij\u00eb &#8220;<em>me men\u00e7uri dhe guxim n\u00eb kulmin e rinis\u00eb s\u00eb tyre&#8221;<\/em> kan\u00eb zgjedhur t\u00eb kryejn\u00eb pun\u00eb manuale p\u00ebr shtetin.<\/span><\/p>\n<p><span style=\"color: #000000;\">Moshat e tyre jan\u00eb t\u00eb paqarta, por fotot sugjerojn\u00eb se ato jan\u00eb n\u00eb adoleshenc\u00eb. Grupet e t\u00eb drejtave t\u00eb njeriut e kan\u00eb akuzuar prej koh\u00ebsh Koren\u00eb e Veriut p\u00ebr p\u00ebrdorimin e pun\u00ebs s\u00eb detyruar t\u00eb f\u00ebmij\u00ebve, di\u00e7ka q\u00eb shteti e mohon.<\/span><\/p>\n<p><span style=\"color: #000000;\">N\u00eb muajin shkurt, <span style=\"color: #0000ff;\"><a style=\"color: #0000ff;\" href=\"https:\/\/www.bbc.com\/news\/world-asia-57293167\">BBC <\/a><\/span>raportoi mbi pretendimet se t\u00eb burgosurit nga Koreja e Jugut, po p\u00ebrdoren si skllev\u00ebr n\u00eb minierat e qymyrit t\u00eb Kores\u00eb s\u00eb Veriut p\u00ebr t\u00eb gjeneruar para p\u00ebr regjimin dhe programin e tij t\u00eb arm\u00ebve.<\/span><\/p>\n<p><span style=\"color: #000000;\">Rreth 26 milion njer\u00ebz mendohet t\u00eb jetojn\u00eb n\u00eb Koren\u00eb e Veriut, e cila drejtohet nga nj\u00eb qeveri me kontroll t\u00eb ngurt\u00eb.<\/span><\/p>\n<p><span style=\"color: #000000;\">N\u00eb prill, udh\u00ebheq\u00ebsi Kim Jong-un paralajm\u00ebroi vendin e tij t\u00eb p\u00ebrgatitej p\u00ebr koh\u00eb t\u00eb v\u00ebshtira p\u00ebrparan nj\u00eb gj\u00eb e rrall\u00eb kjo p\u00ebr vendin ku zakonisht nuk pranohet se ka probleme. Koreja e Veriut mbylli kufijt\u00eb e saj n\u00eb vitin 2020 p\u00ebr shkak t\u00eb pandemis\u00eb s\u00eb koronavirusit, duke mbyllur tregtin\u00eb me Kin\u00ebn.<\/span><\/p>\n<p><span style=\"color: #000000;\">Disa raporte n\u00eb mediat shtet\u00ebrore gjat\u00eb jav\u00ebs s\u00eb fundit thon\u00eb se t\u00eb ashtuquajturit vullnetar\u00eb po marrin pjes\u00eb n\u00eb pun\u00eb fizike n\u00eb t\u00eb gjith\u00eb vendin.<\/span><\/p>\n<p><span style=\"color: #000000;\">T\u00eb shtun\u00ebn, nj\u00eb raport i KCNA-s\u00eb tha se 700 jetim\u00eb ishin vullnetar\u00eb n\u00eb fabrika, ferma dhe pyje.<\/span><\/p>\n<p><span style=\"color: #000000;\">Dhe t\u00eb enjten, KCNA njoftoi se <em>&#8220;dhjet\u00ebra f\u00ebmij\u00eb jetim\u00eb nxituan p\u00ebr tek Kompleksi i minierave t\u00eb qymyrit n\u00eb zon\u00ebn Chonnae, p\u00ebr t\u00eb p\u00ebrmbushur betimin e tyre p\u00ebr t\u00eb shlyer edhe vet\u00ebm nj\u00eb t\u00eb miliont\u00ebn e dashuris\u00eb q\u00eb partia tregoi&#8221;.<\/em><\/span><\/p>\n","protected":false,"gt_translate_keys":[{"key":"rendered","format":"html"}]},"excerpt":{"rendered":"<p>Media shtet\u00ebrore e Kores\u00eb s\u00eb Veriut ka deklaruar se f\u00ebmij\u00ebt jetim\u00eb kan\u00eb dal\u00eb vullnetar\u00eb p\u00ebr t\u00eb punuar n\u00eb minierat dhe fermat e drejtuara nga shteti. Agjencia Qendrore e Lajmeve Koreane (KCNA) tha se qindra f\u00ebmij\u00eb &#8220;me men\u00e7uri dhe guxim n\u00eb kulmin e rinis\u00eb s\u00eb tyre&#8221; kan\u00eb zgjedhur t\u00eb kryejn\u00eb pun\u00eb manuale p\u00ebr shtetin. Moshat e [&hellip;]<\/p>\n","protected":false,"gt_translate_keys":[{"key":"rendered","format":"html"}]},"author":30,"featured_media":453432,"comment_status":"open","ping_status":"open","sticky":false,"template":"","format":"standard","meta":{"footnotes":""},"categories":[6,13],"tags":[],"class_list":["post-453431","post","type-post","status-publish","format-standard","has-post-thumbnail","hentry","category-nderkombetare","category-te-fundit"],"gt_translate_keys":[{"key":"link","format":"url"}],"_links":{"self":[{"href":"https:\/\/www.hashtag.al\/index.php\/wp-json\/wp\/v2\/posts\/453431","targetHints":{"allow":["GET"]}}],"collection":[{"href":"https:\/\/www.hashtag.al\/index.php\/wp-json\/wp\/v2\/posts"}],"about":[{"href":"https:\/\/www.hashtag.al\/index.php\/wp-json\/wp\/v2\/types\/post"}],"author":[{"embeddable":true,"href":"https:\/\/www.hashtag.al\/index.php\/wp-json\/wp\/v2\/users\/30"}],"replies":[{"embeddable":true,"href":"https:\/\/www.hashtag.al\/index.php\/wp-json\/wp\/v2\/comments?post=453431"}],"version-history":[{"count":0,"href":"https:\/\/www.hashtag.al\/index.php\/wp-json\/wp\/v2\/posts\/453431\/revisions"}],"wp:featuredmedia":[{"embeddable":true,"href":"https:\/\/www.hashtag.al\/index.php\/wp-json\/wp\/v2\/media\/453432"}],"wp:attachment":[{"href":"https:\/\/www.hashtag.al\/index.php\/wp-json\/wp\/v2\/media?parent=453431"}],"wp:term":[{"taxonomy":"category","embeddable":true,"href":"https:\/\/www.hashtag.al\/index.php\/wp-json\/wp\/v2\/categories?post=453431"},{"taxonomy":"post_tag","embeddable":true,"href":"https:\/\/www.hashtag.al\/index.php\/wp-json\/wp\/v2\/tags?post=453431"}],"curies":[{"name":"wp","href":"https:\/\/api.w.org\/{rel}","templated":true}]}}