{"id":453290,"date":"2021-05-28T21:20:08","date_gmt":"2021-05-28T19:20:08","guid":{"rendered":"https:\/\/hashtag.al\/?p=453290"},"modified":"2021-05-28T21:20:08","modified_gmt":"2021-05-28T19:20:08","slug":"sanksionet-kunder-rusise-thjesht-spo-funksionojne-na-duhen-bisedime-macron","status":"publish","type":"post","link":"https:\/\/www.hashtag.al\/index.php\/2021\/05\/28\/sanksionet-kunder-rusise-thjesht-spo-funksionojne-na-duhen-bisedime-macron\/","title":{"rendered":"\u201cSanksionet kund\u00ebr Rusis\u00eb thjesht s\u2019po funksionojn\u00eb, na duhen bisedime\u201d &#8211; Macron","gt_translate_keys":[{"key":"rendered","format":"text"}]},"content":{"rendered":"<p><span style=\"color: #000000;\"><img loading=\"lazy\" decoding=\"async\" class=\"aligncenter size-full wp-image-453291\" src=\"https:\/\/hashtag.al\/wp-content\/uploads\/2021\/05\/franca.jpg\" alt=\"\" width=\"988\" height=\"556\" srcset=\"https:\/\/www.hashtag.al\/wp-content\/uploads\/2021\/05\/franca.jpg 988w, https:\/\/www.hashtag.al\/wp-content\/uploads\/2021\/05\/franca-300x169.jpg 300w, https:\/\/www.hashtag.al\/wp-content\/uploads\/2021\/05\/franca-768x432.jpg 768w\" sizes=\"auto, (max-width: 988px) 100vw, 988px\" \/><\/span><\/p>\n<p><span style=\"color: #000000;\">Presidenti i Franc\u00ebs Macron i ka b\u00ebr\u00eb thirrje BE-s\u00eb t\u00eb rivler\u00ebsoj\u00eb qasjen e saj t\u00eb politik\u00ebs s\u00eb jashtme ndaj Rusis\u00eb, duke argumentuar se strategjia e tanishme e bllokut nuk po ndihmon p\u00ebr t\u00eb rivendosur marr\u00ebdh\u00ebniet konstruktive midis Mosk\u00ebs dhe Per\u00ebndimit.<\/span><\/p>\n<p><span style=\"color: #000000;\">Duke folur n\u00eb nj\u00eb konferenc\u00eb shtypi, Macron tha se \u2018me Rusin\u00eb, politika e sanksioneve progresive mbi situatat e ngrira nuk \u00ebsht\u00eb m\u00eb nj\u00eb politik\u00eb efektive\u2019.<\/span><\/p>\n<p><span style=\"color: #000000;\"><em>&#8220;Un\u00eb mendoj se jemi n\u00eb nj\u00eb moment t\u00eb s\u00eb v\u00ebrtet\u00ebs n\u00eb marr\u00ebdh\u00ebnien ton\u00eb me Rusin\u00eb, e cila duhet t\u00eb na \u00e7oj\u00eb t\u00eb rimendojm\u00eb kushtet e tensionit.&#8221;<\/em> &#8211; shtoi shefi i Elizes\u00eb.<\/span><\/p>\n<p><span style=\"color: #000000;\">I pyetur nga gazetar\u00ebt se si BE-ja mund t\u00eb paraqes\u00eb objektivat e saj politik\u00eb n\u00eb raste si ajo e burgimit t\u00eb figur\u00ebs ruse t\u00eb opozit\u00ebs Alexey Navalny, Macron u t\u00ebrhoq prapa, duke pyetur. <em>&#8220;\u00c7far\u00eb do t\u00eb d\u00ebshironit t\u00eb b\u00ebnim? A fillojm\u00eb nj\u00eb konflikt t\u00eb armatosur? A i nd\u00ebrpresim plot\u00ebsisht marr\u00ebdh\u00ebniet? A shkojm\u00eb m\u00eb tej me sanksione?&#8221;<\/em><\/span><\/p>\n<p><span style=\"color: #000000;\">Nd\u00ebrsa nuk sugjeroi q\u00eb sanksionet q\u00eb jan\u00eb n\u00eb fuqi t\u00eb hiqeshin, ai tha se p\u00ebrkrahte \u2018dialogun strategjik\u2019 me Mosk\u00ebn dhe kishte folur rregullisht n\u00eb telefon me me homologun e tij rus, Putin. Nj\u00eb rishikim i politik\u00ebs s\u00eb BE-s\u00eb, sugjeroi ai, do t\u00eb ishte nj\u00eb hap drejt nj\u00eb kuptimi m\u00eb t\u00eb mir\u00eb t\u00eb q\u00ebllimeve t\u00eb Rusis\u00eb n\u00eb Evrop\u00ebn kontinentale dhe se si BE duhet t&#8217;u p\u00ebrgjigjet atyre.<\/span><\/p>\n","protected":false,"gt_translate_keys":[{"key":"rendered","format":"html"}]},"excerpt":{"rendered":"<p>Presidenti i Franc\u00ebs Macron i ka b\u00ebr\u00eb thirrje BE-s\u00eb t\u00eb rivler\u00ebsoj\u00eb qasjen e saj t\u00eb politik\u00ebs s\u00eb jashtme ndaj Rusis\u00eb, duke argumentuar se strategjia e tanishme e bllokut nuk po ndihmon p\u00ebr t\u00eb rivendosur marr\u00ebdh\u00ebniet konstruktive midis Mosk\u00ebs dhe Per\u00ebndimit. Duke folur n\u00eb nj\u00eb konferenc\u00eb shtypi, Macron tha se \u2018me Rusin\u00eb, politika e sanksioneve progresive [&hellip;]<\/p>\n","protected":false,"gt_translate_keys":[{"key":"rendered","format":"html"}]},"author":51,"featured_media":453291,"comment_status":"open","ping_status":"open","sticky":false,"template":"","format":"standard","meta":{"footnotes":""},"categories":[6],"tags":[],"class_list":["post-453290","post","type-post","status-publish","format-standard","has-post-thumbnail","hentry","category-nderkombetare"],"gt_translate_keys":[{"key":"link","format":"url"}],"_links":{"self":[{"href":"https:\/\/www.hashtag.al\/index.php\/wp-json\/wp\/v2\/posts\/453290","targetHints":{"allow":["GET"]}}],"collection":[{"href":"https:\/\/www.hashtag.al\/index.php\/wp-json\/wp\/v2\/posts"}],"about":[{"href":"https:\/\/www.hashtag.al\/index.php\/wp-json\/wp\/v2\/types\/post"}],"author":[{"embeddable":true,"href":"https:\/\/www.hashtag.al\/index.php\/wp-json\/wp\/v2\/users\/51"}],"replies":[{"embeddable":true,"href":"https:\/\/www.hashtag.al\/index.php\/wp-json\/wp\/v2\/comments?post=453290"}],"version-history":[{"count":0,"href":"https:\/\/www.hashtag.al\/index.php\/wp-json\/wp\/v2\/posts\/453290\/revisions"}],"wp:featuredmedia":[{"embeddable":true,"href":"https:\/\/www.hashtag.al\/index.php\/wp-json\/wp\/v2\/media\/453291"}],"wp:attachment":[{"href":"https:\/\/www.hashtag.al\/index.php\/wp-json\/wp\/v2\/media?parent=453290"}],"wp:term":[{"taxonomy":"category","embeddable":true,"href":"https:\/\/www.hashtag.al\/index.php\/wp-json\/wp\/v2\/categories?post=453290"},{"taxonomy":"post_tag","embeddable":true,"href":"https:\/\/www.hashtag.al\/index.php\/wp-json\/wp\/v2\/tags?post=453290"}],"curies":[{"name":"wp","href":"https:\/\/api.w.org\/{rel}","templated":true}]}}