{"id":453287,"date":"2021-05-28T21:06:39","date_gmt":"2021-05-28T19:06:39","guid":{"rendered":"https:\/\/hashtag.al\/?p=453287"},"modified":"2021-05-28T21:06:39","modified_gmt":"2021-05-28T19:06:39","slug":"nderprerje-energjie-neser-ne-tirane-bizneset-e-zonat-qe-preken","status":"publish","type":"post","link":"https:\/\/www.hashtag.al\/index.php\/2021\/05\/28\/nderprerje-energjie-neser-ne-tirane-bizneset-e-zonat-qe-preken\/","title":{"rendered":"Nd\u00ebrprerje energjie nes\u00ebr n\u00eb Tiran\u00eb, bizneset e zonat q\u00eb preken","gt_translate_keys":[{"key":"rendered","format":"text"}]},"content":{"rendered":"<p><span style=\"color: #000000;\"><img loading=\"lazy\" decoding=\"async\" class=\"aligncenter size-full wp-image-453288\" src=\"https:\/\/hashtag.al\/wp-content\/uploads\/2021\/05\/oshee-1.jpg\" alt=\"\" width=\"1280\" height=\"960\" srcset=\"https:\/\/www.hashtag.al\/wp-content\/uploads\/2021\/05\/oshee-1.jpg 1280w, https:\/\/www.hashtag.al\/wp-content\/uploads\/2021\/05\/oshee-1-300x225.jpg 300w, https:\/\/www.hashtag.al\/wp-content\/uploads\/2021\/05\/oshee-1-768x576.jpg 768w, https:\/\/www.hashtag.al\/wp-content\/uploads\/2021\/05\/oshee-1-1024x768.jpg 1024w\" sizes=\"auto, (max-width: 1280px) 100vw, 1280px\" \/><\/span><\/p>\n<p><span style=\"color: #000000;\">Dit\u00ebn e nes\u00ebrme n\u00eb disa zona n\u00eb Tiran\u00eb do ket\u00eb nd\u00ebrprerje t\u00eb energjis\u00eb elektrike. <\/span><\/p>\n<p><span style=\"color: #000000;\">Sipas OSHEE-s\u00eb, shkak p\u00ebr k\u00ebt\u00eb \u00ebsht\u00eb rikonstruksioni i kabin\u00ebs n\u00eb n\u00ebnstacionin e Fark\u00ebs nga ora 9 e m\u00ebngjesit deri n\u00eb or\u00ebn 4 t\u00eb pasdites. <\/span><\/p>\n<p><span style=\"color: #000000;\">P\u00ebr k\u00ebt\u00eb arsye do nd\u00ebrpritet energjia pjes\u00ebrisht n\u00eb Sauk t\u00eb ri, t\u00eb gjitha bizneset e rrug\u00ebs s\u00eb Elbasanit nga Shkolla e Policis\u00eb deri te Karburanti i vjet\u00ebr si dhe disa rrug\u00eb.<\/span><\/p>\n<p><span style=\"color: #000000;\"><strong>Njoftimi<\/strong><\/span><\/p>\n<p><span style=\"color: #000000;\"><em>\u201cStakim, 29 maj<\/em><\/span><\/p>\n<p><span style=\"color: #000000;\"><em>P\u00ebr shkak t\u00eb investimit p\u00ebr rikonstruksionin e kabinave, nes\u00ebr do t\u00eb punohet n\u00eb nj\u00eb nga kabinat e NST Fark\u00eb gjat\u00eb intervalit kohor 09:00-16:00\u00a0 do t\u00eb stakohet energjia n\u00eb k\u00ebto zona n\u00eb Tiran\u00eb:<\/em><\/span><\/p>\n<p><span style=\"color: #000000;\"><em>Pjes\u00ebrisht Sauk i Ri\u00a0 dhe t\u00eb gjith\u00eb bizneset n\u00eb segmentin e\u00a0 rrug\u00ebs s\u00eb Elbasanit, nga Shkolla e Policise deri te zona e quajtur ( Karburanti i vjeter ) gjithashtu pa energji do te jene pjeserisht dhe rruget e meposhtme:<\/em><\/span><\/p>\n<p><span style=\"color: #000000;\"><em>Rruga \u201cEnver Preza\u201d,\u00a0 rruga \u201cShaqir Palushi\u201d ,rruga \u201cRamazan Bregu, rruga \u201cGrigor Gjika\u201d, rruga \u201cArif Hasko\u201d, rruga \u201cHamide Dalipi\u201d<\/em><\/span><\/p>\n<p><span style=\"color: #000000;\"><em>Rruga \u201cSelim Jegeni\u201d, rruga \u201cDanish Jukniu\u201d.<\/em><\/span><\/p>\n","protected":false,"gt_translate_keys":[{"key":"rendered","format":"html"}]},"excerpt":{"rendered":"<p>Dit\u00ebn e nes\u00ebrme n\u00eb disa zona n\u00eb Tiran\u00eb do ket\u00eb nd\u00ebrprerje t\u00eb energjis\u00eb elektrike. Sipas OSHEE-s\u00eb, shkak p\u00ebr k\u00ebt\u00eb \u00ebsht\u00eb rikonstruksioni i kabin\u00ebs n\u00eb n\u00ebnstacionin e Fark\u00ebs nga ora 9 e m\u00ebngjesit deri n\u00eb or\u00ebn 4 t\u00eb pasdites. P\u00ebr k\u00ebt\u00eb arsye do nd\u00ebrpritet energjia pjes\u00ebrisht n\u00eb Sauk t\u00eb ri, t\u00eb gjitha bizneset e rrug\u00ebs s\u00eb [&hellip;]<\/p>\n","protected":false,"gt_translate_keys":[{"key":"rendered","format":"html"}]},"author":51,"featured_media":453288,"comment_status":"open","ping_status":"open","sticky":false,"template":"","format":"standard","meta":{"footnotes":""},"categories":[65,13],"tags":[],"class_list":["post-453287","post","type-post","status-publish","format-standard","has-post-thumbnail","hentry","category-lajme","category-te-fundit"],"gt_translate_keys":[{"key":"link","format":"url"}],"_links":{"self":[{"href":"https:\/\/www.hashtag.al\/index.php\/wp-json\/wp\/v2\/posts\/453287","targetHints":{"allow":["GET"]}}],"collection":[{"href":"https:\/\/www.hashtag.al\/index.php\/wp-json\/wp\/v2\/posts"}],"about":[{"href":"https:\/\/www.hashtag.al\/index.php\/wp-json\/wp\/v2\/types\/post"}],"author":[{"embeddable":true,"href":"https:\/\/www.hashtag.al\/index.php\/wp-json\/wp\/v2\/users\/51"}],"replies":[{"embeddable":true,"href":"https:\/\/www.hashtag.al\/index.php\/wp-json\/wp\/v2\/comments?post=453287"}],"version-history":[{"count":0,"href":"https:\/\/www.hashtag.al\/index.php\/wp-json\/wp\/v2\/posts\/453287\/revisions"}],"wp:featuredmedia":[{"embeddable":true,"href":"https:\/\/www.hashtag.al\/index.php\/wp-json\/wp\/v2\/media\/453288"}],"wp:attachment":[{"href":"https:\/\/www.hashtag.al\/index.php\/wp-json\/wp\/v2\/media?parent=453287"}],"wp:term":[{"taxonomy":"category","embeddable":true,"href":"https:\/\/www.hashtag.al\/index.php\/wp-json\/wp\/v2\/categories?post=453287"},{"taxonomy":"post_tag","embeddable":true,"href":"https:\/\/www.hashtag.al\/index.php\/wp-json\/wp\/v2\/tags?post=453287"}],"curies":[{"name":"wp","href":"https:\/\/api.w.org\/{rel}","templated":true}]}}