{"id":453126,"date":"2021-05-27T23:48:55","date_gmt":"2021-05-27T21:48:55","guid":{"rendered":"https:\/\/hashtag.al\/?p=453126"},"modified":"2021-05-27T23:50:05","modified_gmt":"2021-05-27T21:50:05","slug":"deklarata-e-nishanit-reagon-basha-hedh-poshte-shpifjen-percarese-per-pd-ne","status":"publish","type":"post","link":"https:\/\/www.hashtag.al\/index.php\/2021\/05\/27\/deklarata-e-nishanit-reagon-basha-hedh-poshte-shpifjen-percarese-per-pd-ne\/","title":{"rendered":"Deklarata e Nishanit, reagon Basha: Hedh posht\u00eb shpifjen, p\u00ebr\u00e7ar\u00ebse p\u00ebr PD-n\u00eb","gt_translate_keys":[{"key":"rendered","format":"text"}]},"content":{"rendered":"<p><span style=\"color: #000000;\"><img loading=\"lazy\" decoding=\"async\" class=\"aligncenter size-full wp-image-453127\" src=\"https:\/\/hashtag.al\/wp-content\/uploads\/2021\/05\/basha-nishani.jpg\" alt=\"\" width=\"1200\" height=\"630\" srcset=\"https:\/\/www.hashtag.al\/wp-content\/uploads\/2021\/05\/basha-nishani.jpg 1200w, https:\/\/www.hashtag.al\/wp-content\/uploads\/2021\/05\/basha-nishani-300x158.jpg 300w, https:\/\/www.hashtag.al\/wp-content\/uploads\/2021\/05\/basha-nishani-768x403.jpg 768w, https:\/\/www.hashtag.al\/wp-content\/uploads\/2021\/05\/basha-nishani-1024x538.jpg 1024w\" sizes=\"auto, (max-width: 1200px) 100vw, 1200px\" \/><\/span><\/p>\n<p><span style=\"color: #000000;\">Kreu i Partis\u00eb Demokratike, Lulzim Basha ka reaguar ndaj deklarat\u00ebs s\u00eb ish-presidentit Bujar Nishani se kryedemokrati e dinte paraprakisht p\u00ebr shpalljen \u201cnon grata\u201d t\u00eb Sali Berish\u00ebs.<\/span><\/p>\n<p><span style=\"color: #000000;\">Basha thot\u00eb se Nishani ka b\u00ebr\u00eb shpifjen m\u00eb t\u00eb ul\u00ebt q\u00eb i sh\u00ebrben vet\u00ebm atyre q\u00eb k\u00ebrkojn\u00eb t\u00eb p\u00ebr\u00e7ajn\u00eb PD-n\u00eb.<\/span><\/p>\n<p><span style=\"color: #000000;\">\u201c<em>E kam nisur fushat\u00ebn p\u00ebr zgjedhjet brenda partis\u00eb me bindjen se nga kjo gar\u00eb duhet t\u00eb dalim m\u00eb t\u00eb fort\u00eb dhe m\u00eb t\u00eb bashkuar. Kam refuzuar reagimet q\u00eb nxisin p\u00ebr\u00e7arje edhe pse \u00e7do dit\u00eb ndaj meje jan\u00eb hedhur sulme personale dhe politike t\u00eb pav\u00ebrteta dhe t\u00eb padrejta. Por \u00e7do gj\u00eb e ka nj\u00eb limit. Ndaj sot hedh posht\u00eb me neveri shpifjen e ul\u00ebt t\u00eb Bujar Nishanit. Inati e mllefi personal e ka nj\u00eb limit. Por sot ai limit \u00ebsht\u00eb kaluar, sepse lidhet me nj\u00eb \u00e7\u00ebshtje q\u00eb ka prekur thell\u00eb jo nj\u00eb individ, jo Sali Berish\u00ebn por gjith\u00eb partin\u00eb ton\u00eb. K\u00ebto shpifje t\u00eb ul\u00ebta i sh\u00ebrbejn\u00eb vet\u00ebm atyre q\u00eb b\u00ebjn\u00eb gjith\u00e7ka t\u00eb p\u00ebr\u00e7ajn\u00eb Partin\u00eb Demokratike. Dhe un\u00eb k\u00ebt\u00eb nuk do ta lejoj<\/em>\u201d-shkruan Basha.<\/span><\/p>\n","protected":false,"gt_translate_keys":[{"key":"rendered","format":"html"}]},"excerpt":{"rendered":"<p>Kreu i Partis\u00eb Demokratike, Lulzim Basha ka reaguar ndaj deklarat\u00ebs s\u00eb ish-presidentit Bujar Nishani se kryedemokrati e dinte paraprakisht p\u00ebr shpalljen \u201cnon grata\u201d t\u00eb Sali Berish\u00ebs. Basha thot\u00eb se Nishani ka b\u00ebr\u00eb shpifjen m\u00eb t\u00eb ul\u00ebt q\u00eb i sh\u00ebrben vet\u00ebm atyre q\u00eb k\u00ebrkojn\u00eb t\u00eb p\u00ebr\u00e7ajn\u00eb PD-n\u00eb. \u201cE kam nisur fushat\u00ebn p\u00ebr zgjedhjet brenda partis\u00eb me [&hellip;]<\/p>\n","protected":false,"gt_translate_keys":[{"key":"rendered","format":"html"}]},"author":32,"featured_media":453127,"comment_status":"open","ping_status":"open","sticky":false,"template":"","format":"standard","meta":{"footnotes":""},"categories":[65,13],"tags":[175,603,602,604],"class_list":["post-453126","post","type-post","status-publish","format-standard","has-post-thumbnail","hentry","category-lajme","category-te-fundit","tag-basha","tag-berisha","tag-nishani","tag-non-grata"],"gt_translate_keys":[{"key":"link","format":"url"}],"_links":{"self":[{"href":"https:\/\/www.hashtag.al\/index.php\/wp-json\/wp\/v2\/posts\/453126","targetHints":{"allow":["GET"]}}],"collection":[{"href":"https:\/\/www.hashtag.al\/index.php\/wp-json\/wp\/v2\/posts"}],"about":[{"href":"https:\/\/www.hashtag.al\/index.php\/wp-json\/wp\/v2\/types\/post"}],"author":[{"embeddable":true,"href":"https:\/\/www.hashtag.al\/index.php\/wp-json\/wp\/v2\/users\/32"}],"replies":[{"embeddable":true,"href":"https:\/\/www.hashtag.al\/index.php\/wp-json\/wp\/v2\/comments?post=453126"}],"version-history":[{"count":0,"href":"https:\/\/www.hashtag.al\/index.php\/wp-json\/wp\/v2\/posts\/453126\/revisions"}],"wp:featuredmedia":[{"embeddable":true,"href":"https:\/\/www.hashtag.al\/index.php\/wp-json\/wp\/v2\/media\/453127"}],"wp:attachment":[{"href":"https:\/\/www.hashtag.al\/index.php\/wp-json\/wp\/v2\/media?parent=453126"}],"wp:term":[{"taxonomy":"category","embeddable":true,"href":"https:\/\/www.hashtag.al\/index.php\/wp-json\/wp\/v2\/categories?post=453126"},{"taxonomy":"post_tag","embeddable":true,"href":"https:\/\/www.hashtag.al\/index.php\/wp-json\/wp\/v2\/tags?post=453126"}],"curies":[{"name":"wp","href":"https:\/\/api.w.org\/{rel}","templated":true}]}}