{"id":453078,"date":"2021-05-27T18:55:44","date_gmt":"2021-05-27T16:55:44","guid":{"rendered":"https:\/\/hashtag.al\/?p=453078"},"modified":"2021-05-27T18:55:44","modified_gmt":"2021-05-27T16:55:44","slug":"rama-be-duhet-te-mbaje-premtimin-per-konferencen-e-pare-nderqeveritar","status":"publish","type":"post","link":"https:\/\/www.hashtag.al\/index.php\/2021\/05\/27\/rama-be-duhet-te-mbaje-premtimin-per-konferencen-e-pare-nderqeveritar\/","title":{"rendered":"Rama: BE duhet t\u00eb mbaj\u00eb premtimin p\u00ebr konferenc\u00ebn e par\u00eb nd\u00ebrqeveritar","gt_translate_keys":[{"key":"rendered","format":"text"}]},"content":{"rendered":"<p><span style=\"color: #000000;\"><img loading=\"lazy\" decoding=\"async\" class=\"aligncenter size-full wp-image-453079\" src=\"https:\/\/hashtag.al\/wp-content\/uploads\/2021\/05\/rama-roth.png\" alt=\"\" width=\"1226\" height=\"692\" srcset=\"https:\/\/www.hashtag.al\/wp-content\/uploads\/2021\/05\/rama-roth.png 1226w, https:\/\/www.hashtag.al\/wp-content\/uploads\/2021\/05\/rama-roth-300x169.png 300w, https:\/\/www.hashtag.al\/wp-content\/uploads\/2021\/05\/rama-roth-768x433.png 768w, https:\/\/www.hashtag.al\/wp-content\/uploads\/2021\/05\/rama-roth-1024x578.png 1024w\" sizes=\"auto, (max-width: 1226px) 100vw, 1226px\" \/><\/span><\/p>\n<p><span style=\"color: #000000;\">Kryeministri Edi Rama n\u00eb konferenc\u00ebn e p\u00ebrbashk\u00ebt p\u00ebr mediat me Ministrin e Jasht\u00ebm gjerman Micheal Roth deklaroi se BE-ja duhet t\u00eb mbaj\u00eb premtimin p\u00ebr t\u00eb mbajtur konferenc\u00ebn e par\u00eb nd\u00ebrqeveritare.<\/span><\/p>\n<p><span style=\"color: #000000;\">Por Rama tha se BE-ja po p\u00ebrballet me nj\u00eb surpriz\u00eb ballkanike me bllokimin q\u00eb Bullgaria po i b\u00ebn Maqedonis\u00eb s\u00eb Veriut.<\/span><\/p>\n<p><span style=\"color: #000000;\">\u201cM\u00eb vjen shum\u00eb q\u00eb sot nuk jan\u00eb vet\u00ebm ata q\u00eb e thoshin edhe dje, q\u00eb Shqip\u00ebria i ka kryer t\u00eb gjitha detyrat e veta dhe miratimi i korniz\u00ebs negociuese bazuar n\u00eb vendimin e marr\u00eb p\u00ebr \u00e7eljen e negociatave nga vet\u00eb k\u00ebshilli evropian dhe mbajtja e konferenc\u00ebs s\u00eb par\u00eb nd\u00ebrqeveritare.<em>BE ndeshet me nj\u00eb surpriz\u00eb t\u00eb radh\u00ebs nga bota ballkanike dhe p\u00ebrreth q\u00eb lidhet me ng\u00ebr\u00e7in e krijuar mes Maqedonis\u00eb s\u00eb Veriut dhe Bullgaris\u00eb. Natyrisht nuk mund t\u00eb p\u00ebrs\u00ebrisja vet\u00ebm se t\u00eb them me bindje q\u00eb ne duhet t\u00eb hapim menj\u00ebher\u00eb procesin dhe BE duhet t\u00eb zbatoj\u00eb vendimin q\u00eb ka marr\u00eb, duke miratuar korniz\u00ebn negociuese dhe duke thirrur konferenc\u00ebn e par\u00eb nd\u00ebrqeveritare. A do t\u00eb ndodh\u00eb? Ne nuk e dim\u00eb dhe natyrisht do t\u00eb varet sa do t\u00eb zgjidhet ng\u00ebr\u00e7i mes Maqedonis\u00eb s\u00eb Veriut dhe Bullgaris\u00eb dhe sa do t\u00eb jet\u00eb e gatshme t\u00eb heq\u00eb barrikad\u00ebn q\u00eb i ka v\u00ebn\u00eb k\u00ebtij procesi. Sidoqoft\u00eb, ne sot kemi nj\u00eb mb\u00ebshtetje t\u00eb z\u00ebshme nga t\u00eb gjitha vendet dhe posa\u00e7\u00ebrisht nga Gjermania<\/em>\u201d-deklaroi Rama.<\/span><\/p>\n","protected":false,"gt_translate_keys":[{"key":"rendered","format":"html"}]},"excerpt":{"rendered":"<p>Kryeministri Edi Rama n\u00eb konferenc\u00ebn e p\u00ebrbashk\u00ebt p\u00ebr mediat me Ministrin e Jasht\u00ebm gjerman Micheal Roth deklaroi se BE-ja duhet t\u00eb mbaj\u00eb premtimin p\u00ebr t\u00eb mbajtur konferenc\u00ebn e par\u00eb nd\u00ebrqeveritare. Por Rama tha se BE-ja po p\u00ebrballet me nj\u00eb surpriz\u00eb ballkanike me bllokimin q\u00eb Bullgaria po i b\u00ebn Maqedonis\u00eb s\u00eb Veriut. \u201cM\u00eb vjen shum\u00eb q\u00eb [&hellip;]<\/p>\n","protected":false,"gt_translate_keys":[{"key":"rendered","format":"html"}]},"author":32,"featured_media":453079,"comment_status":"open","ping_status":"open","sticky":false,"template":"","format":"standard","meta":{"footnotes":""},"categories":[65,13],"tags":[],"class_list":["post-453078","post","type-post","status-publish","format-standard","has-post-thumbnail","hentry","category-lajme","category-te-fundit"],"gt_translate_keys":[{"key":"link","format":"url"}],"_links":{"self":[{"href":"https:\/\/www.hashtag.al\/index.php\/wp-json\/wp\/v2\/posts\/453078","targetHints":{"allow":["GET"]}}],"collection":[{"href":"https:\/\/www.hashtag.al\/index.php\/wp-json\/wp\/v2\/posts"}],"about":[{"href":"https:\/\/www.hashtag.al\/index.php\/wp-json\/wp\/v2\/types\/post"}],"author":[{"embeddable":true,"href":"https:\/\/www.hashtag.al\/index.php\/wp-json\/wp\/v2\/users\/32"}],"replies":[{"embeddable":true,"href":"https:\/\/www.hashtag.al\/index.php\/wp-json\/wp\/v2\/comments?post=453078"}],"version-history":[{"count":0,"href":"https:\/\/www.hashtag.al\/index.php\/wp-json\/wp\/v2\/posts\/453078\/revisions"}],"wp:featuredmedia":[{"embeddable":true,"href":"https:\/\/www.hashtag.al\/index.php\/wp-json\/wp\/v2\/media\/453079"}],"wp:attachment":[{"href":"https:\/\/www.hashtag.al\/index.php\/wp-json\/wp\/v2\/media?parent=453078"}],"wp:term":[{"taxonomy":"category","embeddable":true,"href":"https:\/\/www.hashtag.al\/index.php\/wp-json\/wp\/v2\/categories?post=453078"},{"taxonomy":"post_tag","embeddable":true,"href":"https:\/\/www.hashtag.al\/index.php\/wp-json\/wp\/v2\/tags?post=453078"}],"curies":[{"name":"wp","href":"https:\/\/api.w.org\/{rel}","templated":true}]}}