{"id":452927,"date":"2021-05-27T08:47:35","date_gmt":"2021-05-27T06:47:35","guid":{"rendered":"https:\/\/hashtag.al\/?p=452927"},"modified":"2021-05-27T08:47:35","modified_gmt":"2021-05-27T06:47:35","slug":"rektori-i-ut-se-nuk-ka-ulje-tarifash-edhe-pse-mesimi-do-mbyllet-online","status":"publish","type":"post","link":"https:\/\/www.hashtag.al\/index.php\/2021\/05\/27\/rektori-i-ut-se-nuk-ka-ulje-tarifash-edhe-pse-mesimi-do-mbyllet-online\/","title":{"rendered":"Rektori i UT-s\u00eb: Nuk ka ulje tarifash edhe pse m\u00ebsimi do mbyllet online","gt_translate_keys":[{"key":"rendered","format":"text"}]},"content":{"rendered":"<p><a href=\"https:\/\/hashtag.al\/wp-content\/uploads\/2021\/05\/Artan-Hoxha.jpg\"><img loading=\"lazy\" decoding=\"async\" class=\"aligncenter size-full wp-image-452928\" src=\"https:\/\/hashtag.al\/wp-content\/uploads\/2021\/05\/Artan-Hoxha.jpg\" alt=\"\" width=\"1280\" height=\"720\" srcset=\"https:\/\/www.hashtag.al\/wp-content\/uploads\/2021\/05\/Artan-Hoxha.jpg 1280w, https:\/\/www.hashtag.al\/wp-content\/uploads\/2021\/05\/Artan-Hoxha-300x169.jpg 300w, https:\/\/www.hashtag.al\/wp-content\/uploads\/2021\/05\/Artan-Hoxha-768x432.jpg 768w, https:\/\/www.hashtag.al\/wp-content\/uploads\/2021\/05\/Artan-Hoxha-1024x576.jpg 1024w\" sizes=\"auto, (max-width: 1280px) 100vw, 1280px\" \/><\/a><\/p>\n<p><span style=\"color: #000000;\">Ky \u00ebsht\u00eb viti i dyt\u00eb akademik q\u00eb mbyllet n\u00eb distanc\u00eb. E mesa duket Universiteti Publik i Tiran\u00ebs, me numrin m\u00eb t\u00eb lart\u00eb t\u00eb student\u00ebve nuk ka nd\u00ebrmend t\u00eb konsideroj\u00eb k\u00ebrkes\u00ebn e student\u00ebve p\u00ebr ulje tarife.<\/span><\/p>\n<p><span style=\"color: #000000;\">Student\u00ebt do ta paguajn\u00eb t\u00eb plot\u00eb tarif\u00ebn e studimeve universitare megjith\u00ebse i gjith\u00eb viti akademik universitar ishte online.<\/span><\/p>\n<p><span style=\"color: #000000;\">K\u00ebshtu ka deklaruar dit\u00ebn e djeshme, Rektori i Universiteti t\u00eb Tiran\u00ebs Artan Hoxha\u00a0duke e konsideruar heqjen e tarif\u00ebs si nj\u00eb gj\u00eb t\u00eb pamundur.<\/span><\/p>\n<p><span style=\"color: #000000;\">Sipas tij, nuk \u00ebsht\u00eb tarifa ajo q\u00eb i r\u00ebndon student\u00ebt dhe familjet e tyre. Por shpenzimet p\u00ebr q\u00ebndrimin e student\u00ebve nga rrethet n\u00eb kryeqytet. Sipas rektorit, familjet e student\u00ebve kan\u00eb p\u00ebrfituar n\u00eb k\u00ebt\u00eb mes, nga zhvillimi i m\u00ebsimit online.<\/span><\/p>\n<p><span style=\"color: #000000;\"><em>\u201cSipas t\u00eb dh\u00ebnave tona, 70% e student\u00ebve vijn\u00eb nga rrethet, 30% banojn\u00eb n\u00eb kryeqytet. Do t\u00eb thot\u00eb q\u00eb nuk jan\u00eb tarifat ato q\u00eb d\u00ebmtojn\u00eb ekonomin\u00eb familjare, por pjes\u00ebmarrja e studentit n\u00eb universitet dhe jo n\u00eb distanc\u00eb.\u201d<\/em>-thot\u00eb rektori, i cili shton se edhe semestri i dyt\u00eb, nj\u00ebsoj si i pari do t\u00eb mbyllet online, pavar\u00ebsisht lejes nga komiteti teknik i ekspert\u00ebve p\u00ebr t\u00eb hapur auditoret. Edhe ky, nj\u00eb argument shtes\u00eb se financat e student\u00ebve nuk do t\u00eb cenohen. <\/span><\/p>\n<p><span style=\"color: #000000;\"><em>\u201cN\u00eb p\u00ebrgjith\u00ebsi provimet e semestrit t\u00eb dyt\u00eb dhe p\u00ebrmbyllja e k\u00ebtij viti akademik do t\u00eb b\u00ebhet online, me p\u00ebrjashtime t\u00eb vogla sipas deg\u00ebve dhe programeve ku prezenca \u00ebsht\u00eb e domosdoshme. Kjo do t\u00eb thot\u00eb q\u00eb ne nuk do t&#8217;i ngarkojm\u00eb familjet e student\u00ebve me kosto shtes\u00eb. Do t\u00eb mundohemi q\u00eb programin m\u00ebsimor ta p\u00ebrfundojm\u00eb me nivelin sa m\u00eb t\u00eb lart\u00eb t\u00eb realizimit t\u00eb tij\u201d.<\/em><\/span><\/p>\n<p><span style=\"color: #000000;\">E nj\u00ebjta gj\u00eb nuk ndodh n\u00eb Prishtin\u00eb, ku kostoja vjetore e shpenzimeve p\u00ebr student\u00ebt n\u00eb vitin pandemik \u00ebsht\u00eb vendosur t\u00eb zerohet.<\/span><\/p>\n","protected":false,"gt_translate_keys":[{"key":"rendered","format":"html"}]},"excerpt":{"rendered":"<p>Ky \u00ebsht\u00eb viti i dyt\u00eb akademik q\u00eb mbyllet n\u00eb distanc\u00eb. E mesa duket Universiteti Publik i Tiran\u00ebs, me numrin m\u00eb t\u00eb lart\u00eb t\u00eb student\u00ebve nuk ka nd\u00ebrmend t\u00eb konsideroj\u00eb k\u00ebrkes\u00ebn e student\u00ebve p\u00ebr ulje tarife. Student\u00ebt do ta paguajn\u00eb t\u00eb plot\u00eb tarif\u00ebn e studimeve universitare megjith\u00ebse i gjith\u00eb viti akademik universitar ishte online. K\u00ebshtu ka [&hellip;]<\/p>\n","protected":false,"gt_translate_keys":[{"key":"rendered","format":"html"}]},"author":30,"featured_media":452928,"comment_status":"open","ping_status":"open","sticky":false,"template":"","format":"standard","meta":{"footnotes":""},"categories":[65,13],"tags":[],"class_list":["post-452927","post","type-post","status-publish","format-standard","has-post-thumbnail","hentry","category-lajme","category-te-fundit"],"gt_translate_keys":[{"key":"link","format":"url"}],"_links":{"self":[{"href":"https:\/\/www.hashtag.al\/index.php\/wp-json\/wp\/v2\/posts\/452927","targetHints":{"allow":["GET"]}}],"collection":[{"href":"https:\/\/www.hashtag.al\/index.php\/wp-json\/wp\/v2\/posts"}],"about":[{"href":"https:\/\/www.hashtag.al\/index.php\/wp-json\/wp\/v2\/types\/post"}],"author":[{"embeddable":true,"href":"https:\/\/www.hashtag.al\/index.php\/wp-json\/wp\/v2\/users\/30"}],"replies":[{"embeddable":true,"href":"https:\/\/www.hashtag.al\/index.php\/wp-json\/wp\/v2\/comments?post=452927"}],"version-history":[{"count":0,"href":"https:\/\/www.hashtag.al\/index.php\/wp-json\/wp\/v2\/posts\/452927\/revisions"}],"wp:featuredmedia":[{"embeddable":true,"href":"https:\/\/www.hashtag.al\/index.php\/wp-json\/wp\/v2\/media\/452928"}],"wp:attachment":[{"href":"https:\/\/www.hashtag.al\/index.php\/wp-json\/wp\/v2\/media?parent=452927"}],"wp:term":[{"taxonomy":"category","embeddable":true,"href":"https:\/\/www.hashtag.al\/index.php\/wp-json\/wp\/v2\/categories?post=452927"},{"taxonomy":"post_tag","embeddable":true,"href":"https:\/\/www.hashtag.al\/index.php\/wp-json\/wp\/v2\/tags?post=452927"}],"curies":[{"name":"wp","href":"https:\/\/api.w.org\/{rel}","templated":true}]}}