{"id":452873,"date":"2021-05-26T19:45:35","date_gmt":"2021-05-26T17:45:35","guid":{"rendered":"https:\/\/hashtag.al\/?p=452873"},"modified":"2021-05-26T19:45:35","modified_gmt":"2021-05-26T17:45:35","slug":"i-dha-titullin-pas-10-vitesh-por-interi-largon-conten","status":"publish","type":"post","link":"https:\/\/www.hashtag.al\/index.php\/2021\/05\/26\/i-dha-titullin-pas-10-vitesh-por-interi-largon-conten\/","title":{"rendered":"I dha titullin pas 10 vitesh por Interi largon Conten","gt_translate_keys":[{"key":"rendered","format":"text"}]},"content":{"rendered":"<p><img loading=\"lazy\" decoding=\"async\" class=\"aligncenter size-full wp-image-385878\" src=\"https:\/\/hashtag.al\/wp-content\/uploads\/2020\/07\/conte-e1594223691487.jpg\" alt=\"\" width=\"1280\" height=\"720\" srcset=\"https:\/\/www.hashtag.al\/wp-content\/uploads\/2020\/07\/conte-e1594223691487.jpg 1280w, https:\/\/www.hashtag.al\/wp-content\/uploads\/2020\/07\/conte-e1594223691487-300x169.jpg 300w, https:\/\/www.hashtag.al\/wp-content\/uploads\/2020\/07\/conte-e1594223691487-768x432.jpg 768w, https:\/\/www.hashtag.al\/wp-content\/uploads\/2020\/07\/conte-e1594223691487-1024x576.jpg 1024w\" sizes=\"auto, (max-width: 1280px) 100vw, 1280px\" \/><\/p>\n<p><span style=\"color: #000000;\">Antonio Conte l\u00eb rolin e trajnerit t\u00eb Interit me p\u00eblqim t\u00eb nd\u00ebrsjell\u00eb.<\/span><\/p>\n<p><span style=\"color: #000000;\">Conte udh\u00ebhoqi Interin n\u00eb titullin e tyre t\u00eb par\u00eb n\u00eb Serie A n\u00eb 11 vjet.<\/span><\/p>\n<p><span style=\"color: #000000;\">Menaxheri i Lazios, Simone Inzaghi ka t\u00eb ngjar\u00eb t\u00eb z\u00ebvend\u00ebsoj\u00eb Conten n\u00eb Inter.<\/span><\/p>\n<p><span style=\"color: #000000;\">Conte ka r\u00ebn\u00eb dakord p\u00ebr nj\u00eb marr\u00ebveshje me pronar\u00ebt e klubit q\u00eb do ta paguajn\u00eb 7 milion \u20ac p\u00ebr vitin e fundit t\u00eb kontrat\u00ebs s\u00eb tij.<\/span><\/p>\n","protected":false,"gt_translate_keys":[{"key":"rendered","format":"html"}]},"excerpt":{"rendered":"<p>Antonio Conte l\u00eb rolin e trajnerit t\u00eb Interit me p\u00eblqim t\u00eb nd\u00ebrsjell\u00eb. Conte udh\u00ebhoqi Interin n\u00eb titullin e tyre t\u00eb par\u00eb n\u00eb Serie A n\u00eb 11 vjet. Menaxheri i Lazios, Simone Inzaghi ka t\u00eb ngjar\u00eb t\u00eb z\u00ebvend\u00ebsoj\u00eb Conten n\u00eb Inter. Conte ka r\u00ebn\u00eb dakord p\u00ebr nj\u00eb marr\u00ebveshje me pronar\u00ebt e klubit q\u00eb do ta paguajn\u00eb [&hellip;]<\/p>\n","protected":false,"gt_translate_keys":[{"key":"rendered","format":"html"}]},"author":32,"featured_media":385878,"comment_status":"open","ping_status":"open","sticky":false,"template":"","format":"standard","meta":{"footnotes":""},"categories":[134,13],"tags":[],"class_list":["post-452873","post","type-post","status-publish","format-standard","has-post-thumbnail","hentry","category-sport","category-te-fundit"],"gt_translate_keys":[{"key":"link","format":"url"}],"_links":{"self":[{"href":"https:\/\/www.hashtag.al\/index.php\/wp-json\/wp\/v2\/posts\/452873","targetHints":{"allow":["GET"]}}],"collection":[{"href":"https:\/\/www.hashtag.al\/index.php\/wp-json\/wp\/v2\/posts"}],"about":[{"href":"https:\/\/www.hashtag.al\/index.php\/wp-json\/wp\/v2\/types\/post"}],"author":[{"embeddable":true,"href":"https:\/\/www.hashtag.al\/index.php\/wp-json\/wp\/v2\/users\/32"}],"replies":[{"embeddable":true,"href":"https:\/\/www.hashtag.al\/index.php\/wp-json\/wp\/v2\/comments?post=452873"}],"version-history":[{"count":0,"href":"https:\/\/www.hashtag.al\/index.php\/wp-json\/wp\/v2\/posts\/452873\/revisions"}],"wp:featuredmedia":[{"embeddable":true,"href":"https:\/\/www.hashtag.al\/index.php\/wp-json\/wp\/v2\/media\/385878"}],"wp:attachment":[{"href":"https:\/\/www.hashtag.al\/index.php\/wp-json\/wp\/v2\/media?parent=452873"}],"wp:term":[{"taxonomy":"category","embeddable":true,"href":"https:\/\/www.hashtag.al\/index.php\/wp-json\/wp\/v2\/categories?post=452873"},{"taxonomy":"post_tag","embeddable":true,"href":"https:\/\/www.hashtag.al\/index.php\/wp-json\/wp\/v2\/tags?post=452873"}],"curies":[{"name":"wp","href":"https:\/\/api.w.org\/{rel}","templated":true}]}}