{"id":452727,"date":"2021-05-26T10:08:38","date_gmt":"2021-05-26T08:08:38","guid":{"rendered":"https:\/\/hashtag.al\/?p=452727"},"modified":"2021-05-26T10:08:51","modified_gmt":"2021-05-26T08:08:51","slug":"soreca-pro-krijimit-te-parkut-kombetar-te-vjoses-thelbesore-qe-zeri-i-komuniteteve-lokale-te-degjohet","status":"publish","type":"post","link":"https:\/\/www.hashtag.al\/index.php\/2021\/05\/26\/soreca-pro-krijimit-te-parkut-kombetar-te-vjoses-thelbesore-qe-zeri-i-komuniteteve-lokale-te-degjohet\/","title":{"rendered":"Soreca Pro krijimit t\u00eb Parkut Komb\u00ebtar t\u00eb Vjos\u00ebs: Thelb\u00ebsore q\u00eb z\u00ebri i komuniteteve lokale t\u00eb d\u00ebgjohet","gt_translate_keys":[{"key":"rendered","format":"text"}]},"content":{"rendered":"<p><a href=\"https:\/\/hashtag.al\/wp-content\/uploads\/2021\/05\/Sorec.jpg\"><img loading=\"lazy\" decoding=\"async\" class=\"aligncenter size-full wp-image-452728\" src=\"https:\/\/hashtag.al\/wp-content\/uploads\/2021\/05\/Sorec.jpg\" alt=\"\" width=\"675\" height=\"450\" srcset=\"https:\/\/www.hashtag.al\/wp-content\/uploads\/2021\/05\/Sorec.jpg 675w, https:\/\/www.hashtag.al\/wp-content\/uploads\/2021\/05\/Sorec-300x200.jpg 300w\" sizes=\"auto, (max-width: 675px) 100vw, 675px\" \/><\/a><\/p>\n<p><span style=\"color: #000000;\">Ambasadori i Bashkimit Europian n\u00eb Tiran\u00eb, Luigi Soreca ka dal\u00eb n\u00eb mb\u00ebshtetje t\u00eb iniciativ\u00ebs p\u00ebr krijimin e Parkut Komb\u00ebtar t\u00eb Vjos\u00ebs.<\/span><\/p>\n<p><span style=\"color: #000000;\">N\u00eb nj\u00eb postim n\u00eb rrjetet sociale, Soreca thekson se BE po e ndjek nga af\u00ebr k\u00ebt\u00eb situat\u00eb s\u00eb bashku me ambasadat e tjera. Ai b\u00ebn thirrje q\u00eb z\u00ebri i komuniteteve t\u00eb ekspert\u00ebve t\u00eb mjedisit dhe i qytetar\u00ebve t\u00eb d\u00ebgjohet.<\/span><\/p>\n<p><span style=\"color: #000000;\"><em>\u201cNe mb\u00ebshtesim iniciativ\u00ebn p\u00ebr krijimin e Parkut Komb\u00ebtar Vjosa. Bashkimi Europian vazhdon ta ndjek\u00eb k\u00ebt\u00eb \u00e7\u00ebshtje nga af\u00ebr s\u00eb bashku me Ambasadat e BE, n\u00eb konsultim me autoritetet e Shqip\u00ebris\u00eb. \u00cbsht\u00eb thelb\u00ebsore q\u00eb z\u00ebri i komuniteteve lokale dhe ekspert\u00ebve t\u00eb mjedisit t\u00eb d\u00ebgjohet.\u201d-<\/em> shkruan Soreca n\u00eb reagimin e tij.<\/span><\/p>\n<p><span style=\"color: #000000;\">Shpalljen e Vjos\u00ebs Park Komb\u00ebtar po e mb\u00ebshtesin shum\u00eb shoqata\u00a0t\u00eb mbrojtjes s\u00eb mjedisit, shkenc\u00ebtar\u00eb dhe artist\u00eb me fam\u00eb bot\u00ebrore si Leonardo di Caprio.<\/span><\/p>\n","protected":false,"gt_translate_keys":[{"key":"rendered","format":"html"}]},"excerpt":{"rendered":"<p>Ambasadori i Bashkimit Europian n\u00eb Tiran\u00eb, Luigi Soreca ka dal\u00eb n\u00eb mb\u00ebshtetje t\u00eb iniciativ\u00ebs p\u00ebr krijimin e Parkut Komb\u00ebtar t\u00eb Vjos\u00ebs. N\u00eb nj\u00eb postim n\u00eb rrjetet sociale, Soreca thekson se BE po e ndjek nga af\u00ebr k\u00ebt\u00eb situat\u00eb s\u00eb bashku me ambasadat e tjera. Ai b\u00ebn thirrje q\u00eb z\u00ebri i komuniteteve t\u00eb ekspert\u00ebve t\u00eb mjedisit [&hellip;]<\/p>\n","protected":false,"gt_translate_keys":[{"key":"rendered","format":"html"}]},"author":30,"featured_media":452728,"comment_status":"open","ping_status":"open","sticky":false,"template":"","format":"standard","meta":{"footnotes":""},"categories":[65,13],"tags":[],"class_list":["post-452727","post","type-post","status-publish","format-standard","has-post-thumbnail","hentry","category-lajme","category-te-fundit"],"gt_translate_keys":[{"key":"link","format":"url"}],"_links":{"self":[{"href":"https:\/\/www.hashtag.al\/index.php\/wp-json\/wp\/v2\/posts\/452727","targetHints":{"allow":["GET"]}}],"collection":[{"href":"https:\/\/www.hashtag.al\/index.php\/wp-json\/wp\/v2\/posts"}],"about":[{"href":"https:\/\/www.hashtag.al\/index.php\/wp-json\/wp\/v2\/types\/post"}],"author":[{"embeddable":true,"href":"https:\/\/www.hashtag.al\/index.php\/wp-json\/wp\/v2\/users\/30"}],"replies":[{"embeddable":true,"href":"https:\/\/www.hashtag.al\/index.php\/wp-json\/wp\/v2\/comments?post=452727"}],"version-history":[{"count":0,"href":"https:\/\/www.hashtag.al\/index.php\/wp-json\/wp\/v2\/posts\/452727\/revisions"}],"wp:featuredmedia":[{"embeddable":true,"href":"https:\/\/www.hashtag.al\/index.php\/wp-json\/wp\/v2\/media\/452728"}],"wp:attachment":[{"href":"https:\/\/www.hashtag.al\/index.php\/wp-json\/wp\/v2\/media?parent=452727"}],"wp:term":[{"taxonomy":"category","embeddable":true,"href":"https:\/\/www.hashtag.al\/index.php\/wp-json\/wp\/v2\/categories?post=452727"},{"taxonomy":"post_tag","embeddable":true,"href":"https:\/\/www.hashtag.al\/index.php\/wp-json\/wp\/v2\/tags?post=452727"}],"curies":[{"name":"wp","href":"https:\/\/api.w.org\/{rel}","templated":true}]}}