{"id":452684,"date":"2021-05-25T23:32:13","date_gmt":"2021-05-25T21:32:13","guid":{"rendered":"https:\/\/hashtag.al\/?p=452684"},"modified":"2021-05-25T23:32:13","modified_gmt":"2021-05-25T21:32:13","slug":"mjeket-dhunojne-pacientin-ministria-denojme-aktin-do-kryejme-hetim-administrativ","status":"publish","type":"post","link":"https:\/\/www.hashtag.al\/index.php\/2021\/05\/25\/mjeket-dhunojne-pacientin-ministria-denojme-aktin-do-kryejme-hetim-administrativ\/","title":{"rendered":"Mjek\u00ebt dhunojn\u00eb pacientin, Ministria: D\u00ebnojm\u00eb aktin, do kryejm\u00eb hetim administrativ","gt_translate_keys":[{"key":"rendered","format":"text"}]},"content":{"rendered":"<p><span style=\"color: #000000;\"><img loading=\"lazy\" decoding=\"async\" class=\"aligncenter size-full wp-image-452685\" src=\"https:\/\/hashtag.al\/wp-content\/uploads\/2021\/05\/ardit.jpg\" alt=\"\" width=\"1601\" height=\"877\" srcset=\"https:\/\/www.hashtag.al\/wp-content\/uploads\/2021\/05\/ardit.jpg 1601w, https:\/\/www.hashtag.al\/wp-content\/uploads\/2021\/05\/ardit-300x164.jpg 300w, https:\/\/www.hashtag.al\/wp-content\/uploads\/2021\/05\/ardit-768x421.jpg 768w, https:\/\/www.hashtag.al\/wp-content\/uploads\/2021\/05\/ardit-1024x561.jpg 1024w\" sizes=\"auto, (max-width: 1601px) 100vw, 1601px\" \/><\/span><\/p>\n<p><span style=\"color: #000000;\">Emisioni \u201cStop\u201d publikoi dit\u00ebn e sotme\u00a0 nj\u00eb audio-regjistrim ku 4 mjek\u00eb t\u00eb spitalit t\u00eb Fierit kan\u00eb ushtruar dhun\u00eb ndaj qytetarit Ardit Klima. Ky i fundit \u00ebsht\u00eb arrestuar disa dit\u00eb m\u00eb par\u00eb p\u00ebr dhun\u00eb ndaj bluzave t\u00eb bardha.<\/span><\/p>\n<p><span style=\"color: #000000;\">Pas publikimit t\u00eb denoncimit ka reaguar Ministria e Sh\u00ebndet\u00ebsis\u00eb e cila k\u00ebrkon hetim t\u00eb plot\u00eb t\u00eb ngjarjes dhe d\u00ebnon dhun\u00ebn. Gjithashtu njofton se ka ngritur grup pune p\u00ebr hetim administrativ t\u00eb ngjarjes.<\/span><\/p>\n<p><span style=\"color: #000000;\">\u201c<em>MSHMS d\u00ebnon ashp\u00ebr dhun\u00ebn: Hetim t\u00eb plot\u00eb p\u00ebr ngjarjen n\u00eb spitalin e Fierit<\/em><\/span><\/p>\n<p><span style=\"color: #000000;\"><em>Nisur nga denoncimi i ngjarjes se r\u00ebnd\u00eb n\u00eb emisionin Stop n\u00eb TV Klan, Ministria e Sh\u00ebndet\u00ebsis\u00eb dhe Mbrojtjes Sociale d\u00ebnon ashp\u00ebr \u00e7do form\u00eb dhune dhe e konsideron nj\u00ebsoj t\u00eb papranuesh\u00ebm \u00e7do akt t\u00eb till\u00eb, ndaj bluzave t\u00eb bardha dhe ndaj \u00e7do qytetari. <\/em><\/span><\/p>\n<p><span style=\"color: #000000;\"><em>Ministria e Sh\u00ebndet\u00ebsis\u00eb dhe Mbrojtjes Sociale ka ngritur menj\u00ebher\u00eb nj\u00eb grup pune p\u00ebr t\u00eb kryer nj\u00eb hetim administrativ mbi ngjarjen dhe nj\u00ebher\u00ebsh nxit organet kompetente t\u00eb kryejn\u00eb zbardhjen sa m\u00eb t\u00eb shpejt\u00eb t\u00eb saj<\/em>\u201d-shkruan Ministria.<\/span><\/p>\n<p><span style=\"color: #000000;\">N\u00eb material d\u00ebgjohet sesi mjeku neurolog Enver Halili bashk\u00eb me disa koleg\u00eb t\u00eb tij mjeku i Hemodinamik\u00ebs, Ndri\u00e7im Kallashi dhe nj\u00eb tjet\u00ebr i quajtur Luli, e kan\u00eb rrahur dhe fyer n\u00eb m\u00ebnyr\u00eb \u00e7njer\u00ebzore Arditin.<\/span><\/p>\n<p><iframe loading=\"lazy\" title=\"YouTube video player\" src=\"https:\/\/www.youtube.com\/embed\/FGRkNE39p6A\" width=\"722\" height=\"315\" frameborder=\"0\" allowfullscreen=\"allowfullscreen\"><\/iframe><\/p>\n<p><span style=\"color: #000000;\"><strong>Transkripti i audio-regjistrimit<\/strong><\/span><\/p>\n<p><span style=\"color: #000000;\"><strong>Djali:<\/strong>\u00a0Hajde shikoje pak plakun tim, tani! Rri un\u00eb k\u00ebtu, vet\u00ebm t\u00eb t\u00eb shoh un\u00eb, q\u00eb ti po vete!<\/span><\/p>\n<p><span style=\"color: #000000;\"><strong>Enver Halili, neurolog:<\/strong>\u00a0E shoh un\u00eb baban\u00eb, ti prit atje jasht\u00eb!<\/span><\/p>\n<p><span style=\"color: #000000;\"><strong>Djali:<\/strong>\u00a0Tani t\u00eb shkosh!<\/span><\/p>\n<p><span style=\"color: #000000;\"><strong>Enver Halili, neurolog:<\/strong>\u00a0Jasht\u00eb thash\u00eb!<\/span><\/p>\n<p><span style=\"color: #000000;\">(Nis p\u00ebrplasja)<\/span><\/p>\n<p><span style=\"color: #000000;\"><strong>Djali:<\/strong>\u00a0Ooooo!<\/span><\/p>\n<p><span style=\"color: #000000;\"><strong>Mjeku:<\/strong>\u00a0Bjeri qenit!<\/span><\/p>\n<p><span style=\"color: #000000;\">O k*** e m***<\/span><\/p>\n<p><span style=\"color: #000000;\">K\u00eb godet ti?<\/span><\/p>\n<p><span style=\"color: #000000;\"><strong>Djali:<\/strong>\u00a0Nuk e godita.<\/span><\/p>\n<p><span style=\"color: #000000;\"><strong>Mjeku:<\/strong>\u00a0Do na jap\u00ebsh urdhra? K\u00eb godet mor pis?!<\/span><\/p>\n<p><span style=\"color: #000000;\"><strong>Djali:<\/strong>\u00a0Nuk e godita.<\/span><\/p>\n<p><span style=\"color: #000000;\">O qelb\u00ebsir\u00eb! Mjekun godet, mor qelb\u00ebsir\u00eb? B**** m***<\/span><\/p>\n<p><span style=\"color: #000000;\"><strong>Djali:<\/strong>\u00a0Boll, or boll!<\/span><\/p>\n<p><span style=\"color: #000000;\"><strong>Mjeku:<\/strong>\u00a0Goditet mjeku me karrige?<\/span><\/p>\n<p><span style=\"color: #000000;\"><strong>Djali:<\/strong>\u00a0E mora p\u00ebr mbrojtje. Nuk e godita!<\/span><\/p>\n<p><span style=\"color: #000000;\">Mor pis!<\/span><\/p>\n<p><span style=\"color: #000000;\"><strong>Djali:<\/strong>\u00a0Pse g\u00ebnjeni? Kush po m\u00eb mban, se nuk po shikoj? Nuk shikoj m\u00eb, jam q\u00ebrruar.<\/span><\/p>\n<p><span style=\"color: #000000;\"><strong>Mjeku:<\/strong>\u00a0Ta q**** \u00a0Ule kok\u00ebn!<\/span><\/p>\n<p><span style=\"color: #000000;\"><strong>Djali:<\/strong>\u00a0Dakord\u2026! Nuk shikoj m\u00eb.<\/span><\/p>\n<p><span style=\"color: #000000;\"><strong>Mjeku:<\/strong>\u00a0Ule kok\u00ebn!<\/span><\/p>\n<p><span style=\"color: #000000;\"><strong>Djali:<\/strong>\u00a0E ula!<\/span><\/p>\n<p><span style=\"color: #000000;\">Dhuna vazhdon ndaj t\u00eb riut.<\/span><\/p>\n<p><span style=\"color: #000000;\"><strong>Djali:<\/strong>\u00a0O Luli t\u00eb pash\u00eb, je \u00e7un lagje. M\u00eb fal, e ula! Jo n\u00eb fytyr\u00eb! Jo nga koka!<\/span><\/p>\n<p><span style=\"color: #000000;\"><strong>Mjeku:<\/strong>\u00a0Hiqe dor\u00ebn!<\/span><\/p>\n<p><span style=\"color: #000000;\"><strong>Djali:<\/strong>\u00a0Jo nga koka!<\/span><\/p>\n<p><span style=\"color: #000000;\"><strong>Mjeku:<\/strong>\u00a0Mos luaj!<\/span><\/p>\n<p><span style=\"color: #000000;\"><strong>Djali:<\/strong>\u00a0Nuk luaj, por jo nga koka\u2026!<\/span><\/p>\n<p><span style=\"color: #000000;\"><strong>Mjeku:<\/strong>\u00a0K\u00ebshtu e doje ti? K***<\/span><\/p>\n<p><span style=\"color: #000000;\"><strong>Mjeku:<\/strong>\u00a0Lidhe, q*****<\/span><\/p>\n<p><span style=\"color: #000000;\"><strong>Djali:<\/strong>\u00a0Mos m\u00eb q\u00ebllo m\u00eb!<\/span><\/p>\n<p><span style=\"color: #000000;\"><strong>Mjeku:<\/strong>\u00a0Legen!<\/span><\/p>\n<p><span style=\"color: #000000;\"><strong>Mjeku:<\/strong>\u00a0Na \u00e7au k*** b\u00ebj k\u00ebt\u00eb e b\u00ebj at\u00eb!<\/span><\/p>\n<p><span style=\"color: #000000;\"><strong>Djali:<\/strong>\u00a0Mos m\u00eb godisni m\u00eb! Oooo barku!<\/span><\/p>\n<p><span style=\"color: #000000;\"><strong>Mjeku:<\/strong>\u00a0Ku e ke at\u00eb\u00a0 celularin? T\u00eb q*** ku e ke celularin? Nxirre! Ku e ka?<\/span><\/p>\n<p><span style=\"color: #000000;\"><strong>Djali:<\/strong>\u00a0Enver, t\u00eb kam respektuar si shok. Oh, ma q* stomakun.<\/span><\/p>\n<p><span style=\"color: #000000;\"><strong>Mjeku:<\/strong>\u00a0Do t\u00eb t\u00eb q* miun e sht\u00ebpis\u00eb, do t\u00eb t\u00eb q** n\u00eb b*** po l\u00ebre stomakun ti!<\/span><\/p>\n<p><span style=\"color: #000000;\"><strong>Mjeku:<\/strong>\u00a0H\u00eb, k** , do vazhdosh m\u00eb?<\/span><\/p>\n<p><span style=\"color: #000000;\"><strong>Djali:<\/strong>\u00a0Jo, jo, rri, boll, t\u00eb lutem!<\/span><\/p>\n<p><span style=\"color: #000000;\"><strong>Djali:<\/strong>\u00a0\u00c7far\u00eb t\u00eb vazhdoj m\u00eb un\u00eb? Nuk shoh m\u00eb nga syt\u00eb! Po t\u00eb them t\u00eb lutem! Jo nga koka!<\/span><\/p>\n<p><span style=\"color: #000000;\"><strong>Mjeku:<\/strong>\u00a0Kok\u00eb e madhe ti b***. Thuaj: \u201cJam k*rv\u00eb\u201d<\/span><\/p>\n<p><span style=\"color: #000000;\"><strong>Djali:<\/strong>\u00a0Nuk jam k*rv\u00eb!<\/span><\/p>\n<p><span style=\"color: #000000;\"><strong>Mjeku:<\/strong>\u00a0Bjeri, q* motr\u00ebn bjeri!<\/span><\/p>\n<p><span style=\"color: #000000;\"><strong>Djali:<\/strong>\u00a0M\u00eb b\u00ebn m** kat\u00ebr me nj\u00eb.<\/span><\/p>\n<p><span style=\"color: #000000;\">Mjek\u00ebt mohojn\u00eb ta ken\u00eb prekur me dor\u00eb, por fotot e Arditit dhe audio regjistrimi tregojn\u00eb t\u00eb kund\u00ebrt\u00ebn. Drejtoria e Policis\u00eb Fier n\u00eb nj\u00eb deklarat\u00eb p\u00ebr mediat\u00a0b\u00ebri me dije nj\u00eb dit\u00eb pas ngjarjes, se u\u00a0 vu n\u00eb pranga 32-vjecari, pasi ushtroi dhun\u00eb fizike\u00a0ndaj mjekut neurolog Enver Halili, gjat\u00eb ushtrimit t\u00eb detyr\u00ebs.<\/span><\/p>\n<p><span style=\"color: #000000;\">Tashm\u00eb \u00e7\u00ebshtja i ka kaluar Prokuroris\u00eb pran\u00eb Gjykat\u00ebs s\u00eb Shkall\u00ebs s\u00eb Par\u00eb Fier, e cila po heton 32-vje\u00e7arin p\u00ebr vepr\u00ebn penale t\u00eb \u201cGoditjes p\u00ebr shkak t\u00eb detyr\u00ebs\u201d.<\/span><\/p>\n<p>&nbsp;<\/p>\n","protected":false,"gt_translate_keys":[{"key":"rendered","format":"html"}]},"excerpt":{"rendered":"<p>Emisioni \u201cStop\u201d publikoi dit\u00ebn e sotme\u00a0 nj\u00eb audio-regjistrim ku 4 mjek\u00eb t\u00eb spitalit t\u00eb Fierit kan\u00eb ushtruar dhun\u00eb ndaj qytetarit Ardit Klima. Ky i fundit \u00ebsht\u00eb arrestuar disa dit\u00eb m\u00eb par\u00eb p\u00ebr dhun\u00eb ndaj bluzave t\u00eb bardha. Pas publikimit t\u00eb denoncimit ka reaguar Ministria e Sh\u00ebndet\u00ebsis\u00eb e cila k\u00ebrkon hetim t\u00eb plot\u00eb t\u00eb ngjarjes dhe [&hellip;]<\/p>\n","protected":false,"gt_translate_keys":[{"key":"rendered","format":"html"}]},"author":32,"featured_media":452685,"comment_status":"open","ping_status":"open","sticky":false,"template":"","format":"standard","meta":{"footnotes":""},"categories":[65,13],"tags":[],"class_list":["post-452684","post","type-post","status-publish","format-standard","has-post-thumbnail","hentry","category-lajme","category-te-fundit"],"gt_translate_keys":[{"key":"link","format":"url"}],"_links":{"self":[{"href":"https:\/\/www.hashtag.al\/index.php\/wp-json\/wp\/v2\/posts\/452684","targetHints":{"allow":["GET"]}}],"collection":[{"href":"https:\/\/www.hashtag.al\/index.php\/wp-json\/wp\/v2\/posts"}],"about":[{"href":"https:\/\/www.hashtag.al\/index.php\/wp-json\/wp\/v2\/types\/post"}],"author":[{"embeddable":true,"href":"https:\/\/www.hashtag.al\/index.php\/wp-json\/wp\/v2\/users\/32"}],"replies":[{"embeddable":true,"href":"https:\/\/www.hashtag.al\/index.php\/wp-json\/wp\/v2\/comments?post=452684"}],"version-history":[{"count":0,"href":"https:\/\/www.hashtag.al\/index.php\/wp-json\/wp\/v2\/posts\/452684\/revisions"}],"wp:featuredmedia":[{"embeddable":true,"href":"https:\/\/www.hashtag.al\/index.php\/wp-json\/wp\/v2\/media\/452685"}],"wp:attachment":[{"href":"https:\/\/www.hashtag.al\/index.php\/wp-json\/wp\/v2\/media?parent=452684"}],"wp:term":[{"taxonomy":"category","embeddable":true,"href":"https:\/\/www.hashtag.al\/index.php\/wp-json\/wp\/v2\/categories?post=452684"},{"taxonomy":"post_tag","embeddable":true,"href":"https:\/\/www.hashtag.al\/index.php\/wp-json\/wp\/v2\/tags?post=452684"}],"curies":[{"name":"wp","href":"https:\/\/api.w.org\/{rel}","templated":true}]}}