{"id":452682,"date":"2021-05-25T23:09:04","date_gmt":"2021-05-25T21:09:04","guid":{"rendered":"https:\/\/hashtag.al\/?p=452682"},"modified":"2021-05-25T23:09:04","modified_gmt":"2021-05-25T21:09:04","slug":"13-viktima-dhe-14-raste-te-reja-nga-covid-19-ne-maqedonine-e-veriut","status":"publish","type":"post","link":"https:\/\/www.hashtag.al\/index.php\/2021\/05\/25\/13-viktima-dhe-14-raste-te-reja-nga-covid-19-ne-maqedonine-e-veriut\/","title":{"rendered":"13 viktima dhe 14 raste t\u00eb reja nga Covid-19 n\u00eb Maqedonin\u00eb e Veriut","gt_translate_keys":[{"key":"rendered","format":"text"}]},"content":{"rendered":"<p><span style=\"color: #000000;\"><img loading=\"lazy\" decoding=\"async\" class=\"aligncenter size-full wp-image-384627\" src=\"https:\/\/hashtag.al\/wp-content\/uploads\/2020\/07\/maqedoniaeveriut-covid.jpg\" alt=\"\" width=\"1600\" height=\"901\" srcset=\"https:\/\/www.hashtag.al\/wp-content\/uploads\/2020\/07\/maqedoniaeveriut-covid.jpg 1600w, https:\/\/www.hashtag.al\/wp-content\/uploads\/2020\/07\/maqedoniaeveriut-covid-300x169.jpg 300w, https:\/\/www.hashtag.al\/wp-content\/uploads\/2020\/07\/maqedoniaeveriut-covid-768x432.jpg 768w, https:\/\/www.hashtag.al\/wp-content\/uploads\/2020\/07\/maqedoniaeveriut-covid-1024x577.jpg 1024w\" sizes=\"auto, (max-width: 1600px) 100vw, 1600px\" \/><\/span><\/p>\n<p><span style=\"color: #000000;\">Maqedonia e Veriut gjat\u00eb 24 or\u00ebve t\u00eb fundit ka regjistruar 14 raste t\u00eb tjera t\u00eb COVID-19, duke e \u00e7uar n\u00eb 155.071 numrin e p\u00ebrgjithsh\u00ebm t\u00eb rasteve t\u00eb konfirmuara me k\u00ebt\u00eb virus.<\/span><\/p>\n<p><span style=\"color: #000000;\">Sipas t\u00eb dh\u00ebnave t\u00eb Ministris\u00eb s\u00eb Sh\u00ebndet\u00ebsis\u00eb, numri i p\u00ebrgjithsh\u00ebm i viktimave nga COVID-19 n\u00eb vend ka shkuar n\u00eb 5.342, p\u00ebrfshir\u00eb 13 viktima t\u00eb regjistruara brenda dit\u00ebs s\u00eb fundit.<\/span><\/p>\n<p><span style=\"color: #000000;\">Po ashtu 103 pacient\u00eb t\u00eb tjer\u00eb fituan betej\u00ebn kund\u00ebr koronavirusit, duke e \u00e7uar n\u00eb 147.043 numrin e p\u00ebrgjithsh\u00ebm t\u00eb pacient\u00ebve t\u00eb sh\u00ebruar nga virusi.<\/span><\/p>\n<p><span style=\"color: #000000;\">Q\u00eb nga shp\u00ebrthimi i pandemis\u00eb, autoritetet sh\u00ebndet\u00ebsore turke kan\u00eb kryer 779.581 teste t\u00eb dyshuara p\u00ebr COVID-19, me 1.489 teste t\u00eb kryera brenda dit\u00ebs s\u00eb fundit.<\/span><\/p>\n<p><span style=\"color: #000000;\">Aktualisht numri i rasteve aktive me COVID-19 n\u00eb Maqedonin\u00eb e Veriut \u00ebsht\u00eb 2.686.<\/span><\/p>\n","protected":false,"gt_translate_keys":[{"key":"rendered","format":"html"}]},"excerpt":{"rendered":"<p>Maqedonia e Veriut gjat\u00eb 24 or\u00ebve t\u00eb fundit ka regjistruar 14 raste t\u00eb tjera t\u00eb COVID-19, duke e \u00e7uar n\u00eb 155.071 numrin e p\u00ebrgjithsh\u00ebm t\u00eb rasteve t\u00eb konfirmuara me k\u00ebt\u00eb virus. Sipas t\u00eb dh\u00ebnave t\u00eb Ministris\u00eb s\u00eb Sh\u00ebndet\u00ebsis\u00eb, numri i p\u00ebrgjithsh\u00ebm i viktimave nga COVID-19 n\u00eb vend ka shkuar n\u00eb 5.342, p\u00ebrfshir\u00eb 13 viktima t\u00eb [&hellip;]<\/p>\n","protected":false,"gt_translate_keys":[{"key":"rendered","format":"html"}]},"author":32,"featured_media":384627,"comment_status":"open","ping_status":"open","sticky":false,"template":"","format":"standard","meta":{"footnotes":""},"categories":[149,13],"tags":[],"class_list":["post-452682","post","type-post","status-publish","format-standard","has-post-thumbnail","hentry","category-kosoverajon","category-te-fundit"],"gt_translate_keys":[{"key":"link","format":"url"}],"_links":{"self":[{"href":"https:\/\/www.hashtag.al\/index.php\/wp-json\/wp\/v2\/posts\/452682","targetHints":{"allow":["GET"]}}],"collection":[{"href":"https:\/\/www.hashtag.al\/index.php\/wp-json\/wp\/v2\/posts"}],"about":[{"href":"https:\/\/www.hashtag.al\/index.php\/wp-json\/wp\/v2\/types\/post"}],"author":[{"embeddable":true,"href":"https:\/\/www.hashtag.al\/index.php\/wp-json\/wp\/v2\/users\/32"}],"replies":[{"embeddable":true,"href":"https:\/\/www.hashtag.al\/index.php\/wp-json\/wp\/v2\/comments?post=452682"}],"version-history":[{"count":0,"href":"https:\/\/www.hashtag.al\/index.php\/wp-json\/wp\/v2\/posts\/452682\/revisions"}],"wp:featuredmedia":[{"embeddable":true,"href":"https:\/\/www.hashtag.al\/index.php\/wp-json\/wp\/v2\/media\/384627"}],"wp:attachment":[{"href":"https:\/\/www.hashtag.al\/index.php\/wp-json\/wp\/v2\/media?parent=452682"}],"wp:term":[{"taxonomy":"category","embeddable":true,"href":"https:\/\/www.hashtag.al\/index.php\/wp-json\/wp\/v2\/categories?post=452682"},{"taxonomy":"post_tag","embeddable":true,"href":"https:\/\/www.hashtag.al\/index.php\/wp-json\/wp\/v2\/tags?post=452682"}],"curies":[{"name":"wp","href":"https:\/\/api.w.org\/{rel}","templated":true}]}}