{"id":452670,"date":"2021-05-25T21:17:37","date_gmt":"2021-05-25T19:17:37","guid":{"rendered":"https:\/\/hashtag.al\/?p=452670"},"modified":"2021-05-25T21:17:37","modified_gmt":"2021-05-25T19:17:37","slug":"blinken-premton-rindertimin-e-gazes-dhe-rihapjen-e-konsullates-ne-jeruzalem","status":"publish","type":"post","link":"https:\/\/www.hashtag.al\/index.php\/2021\/05\/25\/blinken-premton-rindertimin-e-gazes-dhe-rihapjen-e-konsullates-ne-jeruzalem\/","title":{"rendered":"Blinken premton rind\u00ebrtimin e Gaz\u00ebs dhe rihapjen e konsullat\u00ebs n\u00eb Jeruzalem","gt_translate_keys":[{"key":"rendered","format":"text"}]},"content":{"rendered":"<p><span style=\"color: #000000;\"><img loading=\"lazy\" decoding=\"async\" class=\"aligncenter size-full wp-image-452671\" src=\"https:\/\/hashtag.al\/wp-content\/uploads\/2021\/05\/blinken.png\" alt=\"\" width=\"1144\" height=\"678\" srcset=\"https:\/\/www.hashtag.al\/wp-content\/uploads\/2021\/05\/blinken.png 1144w, https:\/\/www.hashtag.al\/wp-content\/uploads\/2021\/05\/blinken-300x178.png 300w, https:\/\/www.hashtag.al\/wp-content\/uploads\/2021\/05\/blinken-768x455.png 768w, https:\/\/www.hashtag.al\/wp-content\/uploads\/2021\/05\/blinken-1024x607.png 1024w\" sizes=\"auto, (max-width: 1144px) 100vw, 1144px\" \/><\/span><\/p>\n<p><span style=\"color: #000000;\">Sekretari i Shtetit Antony Blinken njoftoi t\u00eb mart\u00ebn se Uashingtoni do t\u00eb rihap\u00eb Konsullat\u00ebn e P\u00ebrgjithshme amerikane n\u00eb Jeruzalem, nj\u00eb l\u00ebvizje q\u00eb rivendos lidhjet me palestinez\u00ebt t\u00eb cilat u reduktuar nga administrata Trump.<\/span><\/p>\n<p><span style=\"color: #000000;\">Konsullata sh\u00ebrbeu p\u00ebr nj\u00eb koh\u00eb t\u00eb gjat\u00eb si nj\u00eb zyr\u00eb autonome e ngarkuar p\u00ebr marr\u00ebdh\u00ebniet diplomatike me palestinez\u00ebt. Por ish-Presidenti Donald reduktoi veprimtarin\u00eb e saj dhe e vendosi ato n\u00ebn autoritetin e ambasadorit n\u00eb Izrael pasi mori vendim p\u00ebr zhvendosje t\u00eb ambasad\u00ebn n\u00eb Jeruzalem.<\/span><\/p>\n<p><span style=\"color: #000000;\">Vendimi i zotit Trump shkaktoi zem\u00ebrim n\u00eb mesin e palestinez\u00ebve, t\u00eb cil\u00ebt e shohin Jeruzalemin lindor si territor t\u00eb okupuar dhe kryeqytetin e shtetit t\u00eb tyre t\u00eb ardhsh\u00ebm.<\/span><\/p>\n<p><span style=\"color: #000000;\">Zoti Blinken nuk dha nj\u00eb dat\u00eb t\u00eb sakt\u00eb p\u00ebr rihapjen e konsullat\u00ebs.<\/span><\/p>\n<p><span style=\"color: #000000;\">Sekretari i shtetit e njoftoi vendimin pas nj\u00eb takimi me Presidentin palestinez Mahmoud Abbas n\u00eb Ramallah, n\u00eb Bregun e okupuar Per\u00ebndimor. Shtetet e Bashkuara po p\u00ebrpiqen t\u00eb mb\u00ebshtesin zotin Abas n\u00eb rivalitetin e tij me grupin militant Hamas q\u00eb dominon Gazan si dhe n\u00eb sken\u00ebn nd\u00ebrkomb\u00ebtare.<\/span><\/p>\n<p><span style=\"color: #000000;\">Administrata Biden do t&#8217;i k\u00ebrkoj\u00eb Kongresit amerikan 75 milion dollar\u00eb ndihma zhvillimi dhe ekonomike p\u00ebr palestinez\u00ebt, njoftoi t\u00eb mart\u00ebn Sekretari i Shtetit Antony Blinken, i cili shtoi se Uashingtoni do ta vazhdoj\u00eb procesin p\u00ebr t\u00eb rihapur konsullat\u00ebn e SHBA n\u00eb Jeruzalem, raporton VOA.<\/span><\/p>\n<p><span style=\"color: #000000;\">Duke folur pas takimit me Presidentin e Autoritetit Palestinez Mahmoud Abbas, zoti Blinken tha se Shtetet e Bashkuara do t\u00eb sigurojn\u00eb gjithashtu 5.5 milion dollar\u00eb ndihm\u00eb t\u00eb menj\u00ebhershme p\u00ebr Gaz\u00ebn dhe 32 milion dollar\u00eb p\u00ebr Agjencin\u00eb e Kombeve t\u00eb Bashkuara p\u00ebr Ndihm\u00ebn dhe Pun\u00ebn (UNRWA).<\/span><\/p>\n<p><span style=\"color: #000000;\">Sekretari amerikan i Shtetit Antony Blinken u takua t\u00eb mart\u00ebn me kryeministrin izraelit Benjamin Netanyahu dhe shkoi m\u00eb pas n\u00eb Ramallah t\u00eb Bregut t\u00eb pushtuar Per\u00ebndimor, ku u takua me Presidentin Palestinez t\u00eb mb\u00ebshtetur nga Per\u00ebndimi, Mahmoud Abbas.<\/span><\/p>\n<p><span style=\"color: #000000;\">Sekretari Blinken e filloi vizit\u00ebn n\u00eb Jeruzalem, ku pati bisedime me Kryeministrin Netanyahu.<\/span><\/p>\n<p><span style=\"color: #000000;\"><em>&#8220;Ne e dim\u00eb se p\u00ebr t\u00eb parandaluar nj\u00eb kthim t\u00eb dhun\u00ebs duhet t\u00eb p\u00ebrdorim hap\u00ebsir\u00ebn e krijuar p\u00ebr t\u00eb trajtuar nj\u00eb grup m\u00eb t\u00eb madh \u00e7\u00ebshtjesh dhe sfidash t\u00eb cilat q\u00ebndrojn\u00eb prapa saj. Dhe kjo fillon me trajtimin e situat\u00ebs s\u00eb r\u00ebnd\u00eb humanitare n\u00eb Gaz\u00eb dhe me fillimin e rind\u00ebrtimit,&#8221;<\/em>\u00a0tha zoti Blinken.<\/span><\/p>\n<p><span style=\"color: #000000;\">Shtetet e Bashkuara, tha ai, do t\u00eb punojn\u00eb p\u00ebr t\u00eb grumbulluar mb\u00ebshtetje nd\u00ebrkomb\u00ebtare rreth k\u00ebtyre p\u00ebrpjekjeve dhe p\u00ebr t\u00eb dh\u00ebn\u00eb\u00a0<em>&#8220;kontributin e tyre t\u00eb r\u00ebnd\u00ebsish\u00ebm&#8221;.<\/em><\/span><\/p>\n<p><span style=\"color: #000000;\"><em>&#8220;Ne do t\u00eb punojm\u00eb nga af\u00ebr me t\u00eb gjith\u00eb partner\u00ebt tan\u00eb, p\u00ebr t\u00eb garantuar se Hamasi nuk do t\u00eb p\u00ebrfitoj\u00eb nga ndihma e rind\u00ebrtimit,&#8221;\u00a0<\/em>tha sekretari Blinken.<\/span><\/p>\n<p><span style=\"color: #000000;\">Udh\u00ebheq\u00ebsi izraelit, Benjamin Netanyahu, duke folur n\u00eb krah t\u00eb diplomatit t\u00eb lart\u00eb amerikan, k\u00ebrc\u00ebnoi p\u00ebr nj\u00eb &#8220;<em>kund\u00ebrp\u00ebrgjigje shum\u00eb t\u00eb fuqishme&#8221;<\/em>\u00a0n\u00ebse Hamasi rifillon sulmet me raketa.<\/span><\/p>\n<p><span style=\"color: #000000;\">Zoti Blinken do t\u00eb jet\u00eb n\u00eb rajon deri t\u00eb enjten dhe do t\u00eb vizitoj\u00eb gjithashtu Egjiptin dhe Jordanin\u00eb. N\u00eb koordinim me vizit\u00ebn e tij, autoritetet izraelite lejuan q\u00eb karburantet, ila\u00e7et dhe ushqimet e destinuara p\u00ebr sektorin privat t\u00eb Gaz\u00ebs t\u00eb hynin n\u00eb k\u00ebt\u00eb territor p\u00ebr her\u00eb t\u00eb par\u00eb q\u00eb nga fillimi i luftimeve m\u00eb 10 maj.<\/span><\/p>\n","protected":false,"gt_translate_keys":[{"key":"rendered","format":"html"}]},"excerpt":{"rendered":"<p>Sekretari i Shtetit Antony Blinken njoftoi t\u00eb mart\u00ebn se Uashingtoni do t\u00eb rihap\u00eb Konsullat\u00ebn e P\u00ebrgjithshme amerikane n\u00eb Jeruzalem, nj\u00eb l\u00ebvizje q\u00eb rivendos lidhjet me palestinez\u00ebt t\u00eb cilat u reduktuar nga administrata Trump. Konsullata sh\u00ebrbeu p\u00ebr nj\u00eb koh\u00eb t\u00eb gjat\u00eb si nj\u00eb zyr\u00eb autonome e ngarkuar p\u00ebr marr\u00ebdh\u00ebniet diplomatike me palestinez\u00ebt. Por ish-Presidenti Donald reduktoi [&hellip;]<\/p>\n","protected":false,"gt_translate_keys":[{"key":"rendered","format":"html"}]},"author":32,"featured_media":452671,"comment_status":"open","ping_status":"open","sticky":false,"template":"","format":"standard","meta":{"footnotes":""},"categories":[6,13],"tags":[],"class_list":["post-452670","post","type-post","status-publish","format-standard","has-post-thumbnail","hentry","category-nderkombetare","category-te-fundit"],"gt_translate_keys":[{"key":"link","format":"url"}],"_links":{"self":[{"href":"https:\/\/www.hashtag.al\/index.php\/wp-json\/wp\/v2\/posts\/452670","targetHints":{"allow":["GET"]}}],"collection":[{"href":"https:\/\/www.hashtag.al\/index.php\/wp-json\/wp\/v2\/posts"}],"about":[{"href":"https:\/\/www.hashtag.al\/index.php\/wp-json\/wp\/v2\/types\/post"}],"author":[{"embeddable":true,"href":"https:\/\/www.hashtag.al\/index.php\/wp-json\/wp\/v2\/users\/32"}],"replies":[{"embeddable":true,"href":"https:\/\/www.hashtag.al\/index.php\/wp-json\/wp\/v2\/comments?post=452670"}],"version-history":[{"count":0,"href":"https:\/\/www.hashtag.al\/index.php\/wp-json\/wp\/v2\/posts\/452670\/revisions"}],"wp:featuredmedia":[{"embeddable":true,"href":"https:\/\/www.hashtag.al\/index.php\/wp-json\/wp\/v2\/media\/452671"}],"wp:attachment":[{"href":"https:\/\/www.hashtag.al\/index.php\/wp-json\/wp\/v2\/media?parent=452670"}],"wp:term":[{"taxonomy":"category","embeddable":true,"href":"https:\/\/www.hashtag.al\/index.php\/wp-json\/wp\/v2\/categories?post=452670"},{"taxonomy":"post_tag","embeddable":true,"href":"https:\/\/www.hashtag.al\/index.php\/wp-json\/wp\/v2\/tags?post=452670"}],"curies":[{"name":"wp","href":"https:\/\/api.w.org\/{rel}","templated":true}]}}