{"id":452667,"date":"2021-05-25T20:49:19","date_gmt":"2021-05-25T18:49:19","guid":{"rendered":"https:\/\/hashtag.al\/?p=452667"},"modified":"2021-05-25T20:49:19","modified_gmt":"2021-05-25T18:49:19","slug":"shehaj-basha-kandidati-me-i-forte-do-njoh-rezultatin-nese-humb","status":"publish","type":"post","link":"https:\/\/www.hashtag.al\/index.php\/2021\/05\/25\/shehaj-basha-kandidati-me-i-forte-do-njoh-rezultatin-nese-humb\/","title":{"rendered":"Shehaj: Basha kandidati m\u00eb i fort\u00eb, do njoh rezultatin n\u00ebse humb","gt_translate_keys":[{"key":"rendered","format":"text"}]},"content":{"rendered":"<p><span style=\"color: #000000;\"><img loading=\"lazy\" decoding=\"async\" class=\"aligncenter size-full wp-image-452668\" src=\"https:\/\/hashtag.al\/wp-content\/uploads\/2021\/05\/shehaj-1-1.jpg\" alt=\"\" width=\"1304\" height=\"732\" srcset=\"https:\/\/www.hashtag.al\/wp-content\/uploads\/2021\/05\/shehaj-1-1.jpg 1304w, https:\/\/www.hashtag.al\/wp-content\/uploads\/2021\/05\/shehaj-1-1-300x168.jpg 300w, https:\/\/www.hashtag.al\/wp-content\/uploads\/2021\/05\/shehaj-1-1-768x431.jpg 768w, https:\/\/www.hashtag.al\/wp-content\/uploads\/2021\/05\/shehaj-1-1-1024x575.jpg 1024w\" sizes=\"auto, (max-width: 1304px) 100vw, 1304px\" \/><\/span><\/p>\n<p><span style=\"color: #000000;\">Kandidati i PD-s\u00eb Agron Shehaj ka deklaruar n\u00eb emisionin \u201cFrontline\u201d se kund\u00ebrshtari m\u00eb i fort\u00eb n\u00eb gar\u00ebn e 13 qershorit \u00ebsht\u00eb Lulzim Bash\u00ebn.<\/span><\/p>\n<p><span style=\"color: #000000;\">Ai thot\u00eb se ka p\u00ebr ta njohur rezultatin e zgjedhjeve n\u00eb PD, por kjo nuk do t\u00eb thot\u00eb se nuk do t\u00eb denoncoj\u00eb parregullsit\u00eb.<\/span><\/p>\n<p><span style=\"color: #000000;\">M\u00eb tej Shehaj thekson se p\u00ebrjashtimi i kandidatit Ibsen Elezi ishte i padrejt\u00eb pasi nuk kishte arsye.<\/span><\/p>\n<p><span style=\"color: #000000;\">Shehaj shpreh rezerva edhe p\u00ebr dat\u00ebn e zgjedhjeve duke shtuar q\u00eb duhej m\u00eb shum\u00eb koh\u00eb p\u00ebr nj\u00eb gar\u00eb reale e t\u00eb barabart\u00eb dhe 22 korriku mund t\u00eb ishte nj\u00eb mund\u00ebsi.<\/span><\/p>\n<p><span style=\"color: #000000;\">Sa i p\u00ebrket asaj q\u00eb Basha e cil\u00ebson si \u2018masakra zgjedhore\u2019, Shehaj shpreson q\u00eb t\u00eb ket\u00eb ndryshime, por thot\u00eb se nuk beson se do t\u00eb ket\u00eb ndikim n\u00eb \u00a0rezultatin final.<\/span><\/p>\n<p><span style=\"color: #000000;\"><strong>GAZETARJA<\/strong>: K\u00eb shihni si konkurrentin m\u00eb t\u00eb fort\u00eb?<\/span><\/p>\n<p><span style=\"color: #000000;\"><strong>SHEHAJ<\/strong>: S\u2019ka dyshim q\u00eb Basha \u00ebsht\u00eb kandidati q\u00eb \u00ebsht\u00eb m\u00eb i forti midis t\u00eb treve.<\/span><\/p>\n<p><span style=\"color: #000000;\"><strong>GAZETARJA:<\/strong> Po largimi i Ibsen Elezit?<\/span><\/p>\n<p><span style=\"color: #000000;\"><strong>AGRON SHEHAJ:<\/strong> Mendoj se p\u00ebrjashtimi ka qen\u00eb i gabuar, s\u2019duhej p\u00ebrjashtuar. Ka qen\u00eb gabim.<\/span><\/p>\n<p><span style=\"color: #000000;\"><strong>GAZETARJA:<\/strong> P\u00ebr \u00e7far\u00eb arsye duhej p\u00ebrjashtuar?<\/span><\/p>\n<p><span style=\"color: #000000;\"><strong>AGRON SHEHAJ:<\/strong> Pik\u00ebrisht. Ka qen\u00eb e padrejt\u00eb.<\/span><\/p>\n<p><span style=\"color: #000000;\"><strong>GAZETARJA:<\/strong> Jeni dakord me Komisionin, personat q\u00eb do menaxhojn\u00eb 13 qershorin?<\/span><\/p>\n<p><span style=\"color: #000000;\"><strong>AGRON SHEHAJ:<\/strong> Do e kisha b\u00ebr\u00eb dhe menaxhuar ndryshe. Un\u00eb kam pranuar t\u00eb marr pjes\u00eb n\u00eb k\u00ebto zgjedhje, s\u2019kam nd\u00ebrmend t\u00eb b\u00ebj k\u00ebrkesa p\u00ebr t\u00eb ndryshuar. Mir\u00ebpritja varet. Un\u00eb do e njoh rezultatin, por s\u2019do t\u00eb thot\u00eb q\u00eb mos them q\u00eb ka parregullsira. I jam futur gar\u00ebs duke patur parasysh si \u00ebsht\u00eb organizuar procesi. Mora vendim t\u00eb marr pjes\u00eb n\u00eb gar\u00eb, s\u2019kam tjet\u00ebr.<\/span><\/p>\n<p><span style=\"color: #000000;\">Do t\u00eb duhej m\u00eb shum\u00eb koh\u00eb p\u00ebr nj\u00eb gar\u00eb reale, m\u00eb t\u00eb drejt\u00eb.<\/span><\/p>\n<p><span style=\"color: #000000;\"><strong>GAZETARJA:<\/strong> 22 korriku?<\/span><\/p>\n<p><span style=\"color: #000000;\"><strong>AGRON SHEHAJ:<\/strong> Mund t\u00eb ishte nj\u00eb mund\u00ebsi.<\/span><\/p>\n<p><span style=\"color: #000000;\"><strong>GAZETARJA:<\/strong> E keni shprehur pak\u00ebnaq\u00ebsin\u00eb?<\/span><\/p>\n<p><span style=\"color: #000000;\"><strong>AGRON SHENAJ:<\/strong> Nuk kam qen\u00eb n\u00eb K\u00ebshillin Komb\u00ebtar prezent, s\u2019do t\u00eb ndryshonte gj\u00eb.<\/span><\/p>\n<p><span style=\"color: #000000;\"><strong>GAZETARJA:<\/strong> Pse ky afri, kujt i leverdis, zotit Basha?<\/span><\/p>\n<p><span style=\"color: #000000;\"><strong>AGRON SHENAJ:<\/strong> I intereson atij q\u00eb e ka vendosur, kush e ka vendosur, ka pasur interesin p\u00ebr tu b\u00ebr\u00eb k\u00ebshtu. Vendimi u mor me shumic\u00eb, dhe shumica ka pasur t\u00eb arsyeshme p\u00ebr t\u2019u b\u00ebr\u00eb zgjedhjet k\u00ebshtu.<\/span><\/p>\n<p><span style=\"color: #000000;\"><strong>GAZETARJA:<\/strong> Dua t\u2019ju pyes p\u00ebr Berish\u00ebn. Shpallja non grata e Berish\u00ebs ka sjell\u00eb trazim t\u00eb uj\u00ebrave. \u00c7do t\u00eb thot\u00eb t\u00eb shpallet non grata lideri historik?<\/span><\/p>\n<p><span style=\"color: #000000;\"><strong>AGRON SHEHAJ:<\/strong> S\u2019ka dyshim q\u00eb lideri historik Sali Berisha ka konktribut t\u00eb paz\u00ebv\u00ebnd\u00ebsuesh\u00ebm dhe pamohuesh\u00ebm n\u00eb afrimin e Shqip\u00ebris\u00eb me per\u00ebndimin. Por s\u2019dua t\u00eb jap opinion. Nuk d\u00ebshiroj koment.<\/span><\/p>\n<p><span style=\"color: #000000;\">Nuk ka k\u00ebrkuar njeri p\u00ebrjashtim t\u00eb Berish\u00ebs n\u00eb grup parlamentar.<\/span><\/p>\n<p><span style=\"color: #000000;\"><strong>GAZETARJA:<\/strong> Si e shihni pranin\u00eb e tij, do ndikonte tek PD?<\/span><\/p>\n<p><span style=\"color: #000000;\">AGRON SHEHAJ: Edhe p\u00ebr vendimin q\u00eb nuk kam koment.<\/span><\/p>\n<p><span style=\"color: #000000;\">GAZETARJA: Keni besim se hapja e kutive mund t\u00eb sjell\u00eb ndryshim?<\/span><\/p>\n<p><span style=\"color: #000000;\">AGRON SHEHAJ: Shpresoj. T\u00eb them t\u00eb v\u00ebrtet\u00ebn pritshm\u00ebrit\u00eb i kam m\u00eb shum\u00eb t\u00eb m\u00ebdhaja tek SPAK, sesa KQZ.<\/span><\/p>\n<p><span style=\"color: #000000;\">Pothuajse e pamundur q\u00eb rezultati i zgjedhjeve t\u00eb ndryshoj\u00eb. Mendoj q\u00eb n\u00eb fund do jet\u00eb shum\u00eb e v\u00ebshtir\u00eb ose e pamundur t\u00eb ndryshoj\u00eb, sigurisht shpresoj t\u00eb ket\u00eb ndryshime t\u00eb vogla, por jo aq sa t\u00eb ndryshoj\u00eb rezultatin final.<\/span><\/p>\n<p><span style=\"color: #000000;\">GAZETARJA: Ka pasur mbledhje masive t\u00eb votave n\u00eb Tiran\u00eb?<\/span><br \/>\n<span style=\"color: #000000;\">AGRON SHEHAJ: Mjafton t\u00eb shoh\u00ebsh kandidat\u00ebt q\u00eb u zgjodh\u00ebn nga PS, rezulton se ka patur. Nuk m\u00eb rezulton nga PD. S\u2019di t\u00eb jen\u00eb akuzuar p\u00ebr shit-blerje votash. Zgjedhjet kan\u00eb kaluar, un\u00eb kam ardhur k\u00ebtu si kandidat p\u00ebr kryetar t\u00eb PD. Kur t\u00eb vij\u00eb momenti si\u00e7 thash\u00eb p\u00ebr aleancat do diskutohen aleancat dhe aleat\u00ebt.<\/span><\/p>\n<p>&nbsp;<\/p>\n","protected":false,"gt_translate_keys":[{"key":"rendered","format":"html"}]},"excerpt":{"rendered":"<p>Kandidati i PD-s\u00eb Agron Shehaj ka deklaruar n\u00eb emisionin \u201cFrontline\u201d se kund\u00ebrshtari m\u00eb i fort\u00eb n\u00eb gar\u00ebn e 13 qershorit \u00ebsht\u00eb Lulzim Bash\u00ebn. Ai thot\u00eb se ka p\u00ebr ta njohur rezultatin e zgjedhjeve n\u00eb PD, por kjo nuk do t\u00eb thot\u00eb se nuk do t\u00eb denoncoj\u00eb parregullsit\u00eb. M\u00eb tej Shehaj thekson se p\u00ebrjashtimi i kandidatit [&hellip;]<\/p>\n","protected":false,"gt_translate_keys":[{"key":"rendered","format":"html"}]},"author":32,"featured_media":452668,"comment_status":"open","ping_status":"open","sticky":false,"template":"","format":"standard","meta":{"footnotes":""},"categories":[65,13],"tags":[],"class_list":["post-452667","post","type-post","status-publish","format-standard","has-post-thumbnail","hentry","category-lajme","category-te-fundit"],"gt_translate_keys":[{"key":"link","format":"url"}],"_links":{"self":[{"href":"https:\/\/www.hashtag.al\/index.php\/wp-json\/wp\/v2\/posts\/452667","targetHints":{"allow":["GET"]}}],"collection":[{"href":"https:\/\/www.hashtag.al\/index.php\/wp-json\/wp\/v2\/posts"}],"about":[{"href":"https:\/\/www.hashtag.al\/index.php\/wp-json\/wp\/v2\/types\/post"}],"author":[{"embeddable":true,"href":"https:\/\/www.hashtag.al\/index.php\/wp-json\/wp\/v2\/users\/32"}],"replies":[{"embeddable":true,"href":"https:\/\/www.hashtag.al\/index.php\/wp-json\/wp\/v2\/comments?post=452667"}],"version-history":[{"count":0,"href":"https:\/\/www.hashtag.al\/index.php\/wp-json\/wp\/v2\/posts\/452667\/revisions"}],"wp:featuredmedia":[{"embeddable":true,"href":"https:\/\/www.hashtag.al\/index.php\/wp-json\/wp\/v2\/media\/452668"}],"wp:attachment":[{"href":"https:\/\/www.hashtag.al\/index.php\/wp-json\/wp\/v2\/media?parent=452667"}],"wp:term":[{"taxonomy":"category","embeddable":true,"href":"https:\/\/www.hashtag.al\/index.php\/wp-json\/wp\/v2\/categories?post=452667"},{"taxonomy":"post_tag","embeddable":true,"href":"https:\/\/www.hashtag.al\/index.php\/wp-json\/wp\/v2\/tags?post=452667"}],"curies":[{"name":"wp","href":"https:\/\/api.w.org\/{rel}","templated":true}]}}