{"id":452662,"date":"2021-05-25T20:00:10","date_gmt":"2021-05-25T18:00:10","guid":{"rendered":"https:\/\/hashtag.al\/?p=452662"},"modified":"2021-05-25T20:00:10","modified_gmt":"2021-05-25T18:00:10","slug":"presidenti-shperndau-vendimin-e-gjykates-reagon-ukt-ceshtja-daton-5-vite-me-pare-kreu-i-shtetit-po-keqinformon-publikun","status":"publish","type":"post","link":"https:\/\/www.hashtag.al\/index.php\/2021\/05\/25\/presidenti-shperndau-vendimin-e-gjykates-reagon-ukt-ceshtja-daton-5-vite-me-pare-kreu-i-shtetit-po-keqinformon-publikun\/","title":{"rendered":"Presidenti shp\u00ebrndau vendimin e Gjykat\u00ebs, reagon UKT: \u00c7\u00ebshtja daton 5 vite m\u00eb par\u00eb, Kreu i Shtetit po keqinformon publikun","gt_translate_keys":[{"key":"rendered","format":"text"}]},"content":{"rendered":"<p><span style=\"color: #000000;\"><img loading=\"lazy\" decoding=\"async\" class=\"aligncenter size-full wp-image-452663\" src=\"https:\/\/hashtag.al\/wp-content\/uploads\/2021\/05\/ukt-sha-701x351-1.jpg\" alt=\"\" width=\"701\" height=\"351\" srcset=\"https:\/\/www.hashtag.al\/wp-content\/uploads\/2021\/05\/ukt-sha-701x351-1.jpg 701w, https:\/\/www.hashtag.al\/wp-content\/uploads\/2021\/05\/ukt-sha-701x351-1-300x150.jpg 300w, https:\/\/www.hashtag.al\/wp-content\/uploads\/2021\/05\/ukt-sha-701x351-1-700x351.jpg 700w\" sizes=\"auto, (max-width: 701px) 100vw, 701px\" \/><\/span><\/p>\n<p><span style=\"color: #000000;\">Uj\u00ebsjell\u00ebs Kanalizime Tiran\u00eb ka reaguar pasi Presidenti i Republik\u00ebs Ilir Meta shp\u00ebrndau vendimin e vitit 2017 t\u00eb Gjykat\u00ebs e cila e nxirrte ujin e Tiran\u00ebs t\u00eb papijsh\u00ebm.<\/span><\/p>\n<p><span style=\"color: #000000;\">UKT-ja n\u00eb reagimin e saj t\u00eb sot\u00ebm thot\u00eb se Presidenti po keqinformon publikun pasi ka p\u00ebrdorur nj\u00eb vendim t\u00eb 5 viteve m\u00eb par\u00eb.<\/span><\/p>\n<p><span style=\"color: #000000;\">M\u00eb tej ky institucion n\u00eb reagimin e tij thot\u00eb se q\u00eb prej vendimit UKT ka p\u00ebsuar ndryshim rr\u00ebnj\u00ebsor dhe se nuk \u00ebsht\u00eb institucioni i dikursh\u00ebm q\u00eb drejtohej nga nj\u00eb prej aleat\u00ebve t\u00eb Presidentit.<\/span><\/p>\n<p><span style=\"color: #000000;\"><strong>Deklarata e plot\u00eb:<\/strong><\/span><\/p>\n<p><span style=\"color: #000000;\">UKT ndoqi me keqardhje nj\u00eb reagim t\u00eb pavend dhe aspak t\u00eb denj\u00eb t\u00eb Presidentit t\u00eb Republik\u00ebs, por q\u00eb nuk \u00e7udit ask\u00ebnd, lidhur me nj\u00eb vendim gjykate, referuar nj\u00eb \u00e7\u00ebshtjeje q\u00eb daton 5 vjet m\u00eb par\u00eb, t\u00eb keqpublikuar q\u00ebllimisht dit\u00ebt e fundit nga disa media e portale pran\u00eb opozit\u00ebs dhe Presidentit.<\/span><\/p>\n<p><span style=\"color: #000000;\">Presidenti i Republik\u00ebs, sht\u00ebpit\u00eb dhe vilat e t\u00eb cilit sot furnizohen me 24h uj\u00eb, po e p\u00ebrdor q\u00ebllimisht k\u00ebt\u00eb \u00e7\u00ebshtje p\u00ebr t\u00eb keqinformuar publikun. I kujtojm\u00eb Presidentit se UKT-ja nuk \u00ebsht\u00eb m\u00eb institucioni i dikursh\u00ebm, kur drejtohej nga nj\u00eb kanakar i nj\u00eb prej aleat\u00ebve m\u00eb besnik\u00eb t\u00eb z. President.<\/span><\/p>\n<p><span style=\"color: #000000;\">Q\u00eb nga ajo koh\u00eb, UKT ka p\u00ebsuar nj\u00eb ndryshim rr\u00ebnj\u00ebsor, qoft\u00eb n\u00eb dh\u00ebnien e sh\u00ebrbimit p\u00ebr qytetar\u00ebt, qoft\u00eb n\u00eb furnizimin me uj\u00eb t\u00eb tyre, duke e \u00e7uar furnizimin me 24h uj\u00eb n\u00eb dit\u00eb n\u00eb 70% t\u00eb Tiran\u00ebs.<\/span><\/p>\n<p><span style=\"color: #000000;\">UKT siguron qytetar\u00ebt e Tiran\u00ebs se zbaton standartin komb\u00ebtar t\u00eb cil\u00ebsis\u00eb s\u00eb ujit t\u00eb pijsh\u00ebm, mb\u00ebshtetur n\u00eb VKM Nr.379 dat\u00eb 25\/05\/2016, dhe rekomandimet p\u00ebr cil\u00ebsin\u00eb e ujit nga Organizata Bot\u00ebrore e Sh\u00ebndet\u00ebsis\u00eb. Sipas k\u00ebtij standardi, uji i pijsh\u00ebm monitorohet \u00e7do dit\u00eb nga Operatori i Sherbimeve t\u00eb Kujdesit Sh\u00ebndet\u00ebsor, i cili \u00ebsht\u00eb organi q\u00eb kontrollon dhe monitoron cil\u00ebsin\u00eb e ujit t\u00eb pijsh\u00ebm. Zgjedhja e pikave t\u00eb marrjes s\u00eb mostrave realizohet n\u00eb bashk\u00ebpunim me Operatorin e Sh\u00ebrbimeve t\u00eb Kujdesit Sh\u00ebndet\u00ebsor t\u00eb Tiran\u00ebs dhe miratohet nga Ministria e Sh\u00ebndet\u00ebsis\u00eb.<\/span><\/p>\n<p><span style=\"color: #000000;\">\u00c7do dit\u00eb kryhen analiza p\u00ebr 16 kampione p\u00ebr 7 parametra fiziko-kimike (ngjyra, era, shija, turbullira, amoniaku, nitrite, klori i lir\u00eb mbet\u00ebs) dhe 3 parametra mikrobiologjik (Koliforme totale, Escherichia coli, Streptokoku fekal).<\/span><\/p>\n<p><span style=\"color: #000000;\">P\u00ebrve\u00e7 UKT, edhe Drejtoria e Higjen\u00ebs monitoron rregullisht, n\u00eb m\u00ebnyr\u00eb t\u00eb p\u00ebrditshme, kampione uji n\u00eb 31 pika t\u00eb p\u00ebrcaktuara n\u00eb t\u00eb gjith\u00eb qytetin e Tiran\u00ebs. Gjithashtu, uji me t\u00eb cilin UKT furnizon konsumator\u00ebt e saj p\u00ebrmes rrjetit shp\u00ebrndar\u00ebs, \u00ebsht\u00eb objekt kontrolli periodik nga Institucione t\u00eb tjera monitoruese sic jan\u00eb: Inspektoriati Shendetesor Shqiptar, institucion q\u00eb vepron n\u00eb baz\u00eb t\u00eb dispozitave t\u00eb ligjit nr. 7643 dt. 02.12.1992 \u201cP\u00ebr Inspektimin Sanitar\u201d t\u00eb ndryshuar, si dhe akteve t\u00eb tjera kigjore n\u00eb fuqi dhe njofton Ministrin\u00eb e Sh\u00ebndet\u00ebsis\u00eb si dhe Agjencia e Baseneve Ujore.<\/span><\/p>\n<p><span style=\"color: #000000;\">Vet\u00eb Uj\u00ebsjell\u00ebs Kanalizime Tiran\u00eb kryen kontroll t\u00eb p\u00ebrditsh\u00ebm n\u00eb 52 pika t\u00eb kampionimit n\u00eb t\u00eb gjith\u00eb qytetin e Tiran\u00ebs p\u00ebr monitorimin e klorit t\u00eb lir\u00eb mbet\u00ebs n\u00eb pikat fundore t\u00eb rrjetit t\u00eb uj\u00ebsjell\u00ebsit. P\u00ebr sa i p\u00ebrket klorinimit, niveli i klorit n\u00eb t\u00eb gjith\u00eb rrjetin e uj\u00ebsjell\u00ebsit mbahet gjithmon\u00eb brenda limiteve t\u00eb rekomanduara nga ISHSH q\u00eb \u00ebsht\u00eb n\u00eb vlerat 0,3-0,5 mg\/l n\u00eb rrjet.<\/span><\/p>\n","protected":false,"gt_translate_keys":[{"key":"rendered","format":"html"}]},"excerpt":{"rendered":"<p>Uj\u00ebsjell\u00ebs Kanalizime Tiran\u00eb ka reaguar pasi Presidenti i Republik\u00ebs Ilir Meta shp\u00ebrndau vendimin e vitit 2017 t\u00eb Gjykat\u00ebs e cila e nxirrte ujin e Tiran\u00ebs t\u00eb papijsh\u00ebm. UKT-ja n\u00eb reagimin e saj t\u00eb sot\u00ebm thot\u00eb se Presidenti po keqinformon publikun pasi ka p\u00ebrdorur nj\u00eb vendim t\u00eb 5 viteve m\u00eb par\u00eb. M\u00eb tej ky institucion n\u00eb [&hellip;]<\/p>\n","protected":false,"gt_translate_keys":[{"key":"rendered","format":"html"}]},"author":32,"featured_media":452663,"comment_status":"open","ping_status":"open","sticky":false,"template":"","format":"standard","meta":{"footnotes":""},"categories":[65,13],"tags":[],"class_list":["post-452662","post","type-post","status-publish","format-standard","has-post-thumbnail","hentry","category-lajme","category-te-fundit"],"gt_translate_keys":[{"key":"link","format":"url"}],"_links":{"self":[{"href":"https:\/\/www.hashtag.al\/index.php\/wp-json\/wp\/v2\/posts\/452662","targetHints":{"allow":["GET"]}}],"collection":[{"href":"https:\/\/www.hashtag.al\/index.php\/wp-json\/wp\/v2\/posts"}],"about":[{"href":"https:\/\/www.hashtag.al\/index.php\/wp-json\/wp\/v2\/types\/post"}],"author":[{"embeddable":true,"href":"https:\/\/www.hashtag.al\/index.php\/wp-json\/wp\/v2\/users\/32"}],"replies":[{"embeddable":true,"href":"https:\/\/www.hashtag.al\/index.php\/wp-json\/wp\/v2\/comments?post=452662"}],"version-history":[{"count":0,"href":"https:\/\/www.hashtag.al\/index.php\/wp-json\/wp\/v2\/posts\/452662\/revisions"}],"wp:featuredmedia":[{"embeddable":true,"href":"https:\/\/www.hashtag.al\/index.php\/wp-json\/wp\/v2\/media\/452663"}],"wp:attachment":[{"href":"https:\/\/www.hashtag.al\/index.php\/wp-json\/wp\/v2\/media?parent=452662"}],"wp:term":[{"taxonomy":"category","embeddable":true,"href":"https:\/\/www.hashtag.al\/index.php\/wp-json\/wp\/v2\/categories?post=452662"},{"taxonomy":"post_tag","embeddable":true,"href":"https:\/\/www.hashtag.al\/index.php\/wp-json\/wp\/v2\/tags?post=452662"}],"curies":[{"name":"wp","href":"https:\/\/api.w.org\/{rel}","templated":true}]}}