{"id":452566,"date":"2021-05-25T12:38:06","date_gmt":"2021-05-25T10:38:06","guid":{"rendered":"https:\/\/hashtag.al\/?p=452566"},"modified":"2021-05-25T12:38:06","modified_gmt":"2021-05-25T10:38:06","slug":"rama-ne-mandatin-e-3-te-drejt-objektivit-qe-studentet-tane-te-marrin-diploma-europiane-ketu","status":"publish","type":"post","link":"https:\/\/www.hashtag.al\/index.php\/2021\/05\/25\/rama-ne-mandatin-e-3-te-drejt-objektivit-qe-studentet-tane-te-marrin-diploma-europiane-ketu\/","title":{"rendered":"Rama: N\u00eb mandatin e 3-t\u00eb drejt objektivit q\u00eb student\u00ebt tan\u00eb t\u00eb marrin diploma europiane k\u00ebtu","gt_translate_keys":[{"key":"rendered","format":"text"}]},"content":{"rendered":"<p><a href=\"https:\/\/hashtag.al\/wp-content\/uploads\/2021\/05\/rama-10.jpg\"><img loading=\"lazy\" decoding=\"async\" class=\"aligncenter size-full wp-image-452569\" src=\"https:\/\/hashtag.al\/wp-content\/uploads\/2021\/05\/rama-10.jpg\" alt=\"\" width=\"906\" height=\"678\" srcset=\"https:\/\/www.hashtag.al\/wp-content\/uploads\/2021\/05\/rama-10.jpg 906w, https:\/\/www.hashtag.al\/wp-content\/uploads\/2021\/05\/rama-10-300x225.jpg 300w, https:\/\/www.hashtag.al\/wp-content\/uploads\/2021\/05\/rama-10-768x575.jpg 768w\" sizes=\"auto, (max-width: 906px) 100vw, 906px\" \/><\/a><\/p>\n<p><span style=\"color: #000000;\">Dit\u00ebn e sotme qeveria ka nisur sot konsultimin me rektor\u00ebt e universiteteve publike p\u00ebr ngjitjen e Arsimit t\u00eb Lart\u00eb dhe krijimin e Komitetit t\u00eb P\u00ebrbashk\u00ebt p\u00ebr Politikat e Arsimit t\u00eb Lart\u00eb.<\/span><\/p>\n<p><span style=\"color: #000000;\">K\u00ebshtu thot\u00eb kryeministri Edi Rama n\u00eb nj\u00eb postim n\u00eb \u2018Facebook\u2019. Ai shkruan se ky mandat i tret\u00eb i tij do t\u00eb fokusohet drejt nj\u00eb hopi t\u00eb madh, drejt Objektivit Strategjik t\u00eb Hapjes s\u00eb Dyerve t\u00eb universiteteve shqiptare me ato europiane.<\/span><\/p>\n<p><em><span style=\"color: #000000;\">\u201cNis\u00ebm sot konsultimin me rektor\u00ebt e universiteteve publike p\u00ebr ngjitjen e Arsimit t\u00eb Lart\u00eb n\u00eb nj\u00eb nivel tjet\u00ebr dhe dakord\u00ebsuam krijimin e Komitetit t\u00eb P\u00ebrbashk\u00ebt p\u00ebr Politikat e Arsimit t\u00eb Lart\u00eb.<\/span><\/em><br \/>\n<em><span style=\"color: #000000;\">Do t\u00eb punojm\u00eb ngusht\u00ebsisht #s\u00ebbashku q\u00eb ta kthejm\u00eb Mandatin e Tret\u00eb n\u00eb faz\u00ebn e nj\u00eb hopi t\u00eb madh, drejt Objektivit Strategjik t\u00eb Hapjes s\u00eb Dyerve t\u00eb universiteteve tona p\u00ebr Universitetet Publike Europiane dhe krjimin e kushteve, q\u00eb student\u00ebt tan\u00eb t\u00eb mund t\u00eb marrin n\u00eb t\u00eb ardhmen diploma europiane k\u00ebtu, n\u00eb Shqip\u00ebri.<\/span><\/em><br \/>\n<span style=\"color: #000000;\"><em>#SkaKoh\u00ebP\u00ebrPushim.<\/em>\u201d-shkruan Rama.<\/span><\/p>\n<p>&nbsp;<\/p>\n<p><a href=\"https:\/\/hashtag.al\/wp-content\/uploads\/2021\/05\/192225350_10158785023411523_7636522622890583119_n.jpg\"><img loading=\"lazy\" decoding=\"async\" class=\"aligncenter size-full wp-image-452568\" src=\"https:\/\/hashtag.al\/wp-content\/uploads\/2021\/05\/192225350_10158785023411523_7636522622890583119_n.jpg\" alt=\"\" width=\"1024\" height=\"767\" srcset=\"https:\/\/www.hashtag.al\/wp-content\/uploads\/2021\/05\/192225350_10158785023411523_7636522622890583119_n.jpg 1024w, https:\/\/www.hashtag.al\/wp-content\/uploads\/2021\/05\/192225350_10158785023411523_7636522622890583119_n-300x225.jpg 300w, https:\/\/www.hashtag.al\/wp-content\/uploads\/2021\/05\/192225350_10158785023411523_7636522622890583119_n-768x575.jpg 768w\" sizes=\"auto, (max-width: 1024px) 100vw, 1024px\" \/><\/a><a href=\"https:\/\/hashtag.al\/wp-content\/uploads\/2021\/05\/190542280_10158785023381523_1040487222782453246_n-1.jpg\"><img loading=\"lazy\" decoding=\"async\" class=\"aligncenter size-full wp-image-452567\" src=\"https:\/\/hashtag.al\/wp-content\/uploads\/2021\/05\/190542280_10158785023381523_1040487222782453246_n-1.jpg\" alt=\"\" width=\"1280\" height=\"958\" srcset=\"https:\/\/www.hashtag.al\/wp-content\/uploads\/2021\/05\/190542280_10158785023381523_1040487222782453246_n-1.jpg 1280w, https:\/\/www.hashtag.al\/wp-content\/uploads\/2021\/05\/190542280_10158785023381523_1040487222782453246_n-1-300x225.jpg 300w, https:\/\/www.hashtag.al\/wp-content\/uploads\/2021\/05\/190542280_10158785023381523_1040487222782453246_n-1-768x575.jpg 768w, https:\/\/www.hashtag.al\/wp-content\/uploads\/2021\/05\/190542280_10158785023381523_1040487222782453246_n-1-1024x766.jpg 1024w\" sizes=\"auto, (max-width: 1280px) 100vw, 1280px\" \/><\/a><\/p>\n","protected":false,"gt_translate_keys":[{"key":"rendered","format":"html"}]},"excerpt":{"rendered":"<p>Dit\u00ebn e sotme qeveria ka nisur sot konsultimin me rektor\u00ebt e universiteteve publike p\u00ebr ngjitjen e Arsimit t\u00eb Lart\u00eb dhe krijimin e Komitetit t\u00eb P\u00ebrbashk\u00ebt p\u00ebr Politikat e Arsimit t\u00eb Lart\u00eb. K\u00ebshtu thot\u00eb kryeministri Edi Rama n\u00eb nj\u00eb postim n\u00eb \u2018Facebook\u2019. Ai shkruan se ky mandat i tret\u00eb i tij do t\u00eb fokusohet drejt nj\u00eb [&hellip;]<\/p>\n","protected":false,"gt_translate_keys":[{"key":"rendered","format":"html"}]},"author":30,"featured_media":452569,"comment_status":"open","ping_status":"open","sticky":false,"template":"","format":"standard","meta":{"footnotes":""},"categories":[65,13],"tags":[],"class_list":["post-452566","post","type-post","status-publish","format-standard","has-post-thumbnail","hentry","category-lajme","category-te-fundit"],"gt_translate_keys":[{"key":"link","format":"url"}],"_links":{"self":[{"href":"https:\/\/www.hashtag.al\/index.php\/wp-json\/wp\/v2\/posts\/452566","targetHints":{"allow":["GET"]}}],"collection":[{"href":"https:\/\/www.hashtag.al\/index.php\/wp-json\/wp\/v2\/posts"}],"about":[{"href":"https:\/\/www.hashtag.al\/index.php\/wp-json\/wp\/v2\/types\/post"}],"author":[{"embeddable":true,"href":"https:\/\/www.hashtag.al\/index.php\/wp-json\/wp\/v2\/users\/30"}],"replies":[{"embeddable":true,"href":"https:\/\/www.hashtag.al\/index.php\/wp-json\/wp\/v2\/comments?post=452566"}],"version-history":[{"count":0,"href":"https:\/\/www.hashtag.al\/index.php\/wp-json\/wp\/v2\/posts\/452566\/revisions"}],"wp:featuredmedia":[{"embeddable":true,"href":"https:\/\/www.hashtag.al\/index.php\/wp-json\/wp\/v2\/media\/452569"}],"wp:attachment":[{"href":"https:\/\/www.hashtag.al\/index.php\/wp-json\/wp\/v2\/media?parent=452566"}],"wp:term":[{"taxonomy":"category","embeddable":true,"href":"https:\/\/www.hashtag.al\/index.php\/wp-json\/wp\/v2\/categories?post=452566"},{"taxonomy":"post_tag","embeddable":true,"href":"https:\/\/www.hashtag.al\/index.php\/wp-json\/wp\/v2\/tags?post=452566"}],"curies":[{"name":"wp","href":"https:\/\/api.w.org\/{rel}","templated":true}]}}