{"id":452438,"date":"2021-05-24T21:04:38","date_gmt":"2021-05-24T19:04:38","guid":{"rendered":"https:\/\/hashtag.al\/?p=452438"},"modified":"2021-05-24T21:04:38","modified_gmt":"2021-05-24T19:04:38","slug":"u-akuzua-se-konsumoi-droge-fituesi-i-eurovizionit-del-negativ-nga-testi","status":"publish","type":"post","link":"https:\/\/www.hashtag.al\/index.php\/2021\/05\/24\/u-akuzua-se-konsumoi-droge-fituesi-i-eurovizionit-del-negativ-nga-testi\/","title":{"rendered":"U akuzua se konsumoi drog\u00eb, fituesi i Eurovizionit del negativ nga testi","gt_translate_keys":[{"key":"rendered","format":"text"}]},"content":{"rendered":"<p><span style=\"color: #000000;\"><img loading=\"lazy\" decoding=\"async\" class=\"aligncenter size-full wp-image-452228\" src=\"https:\/\/hashtag.al\/wp-content\/uploads\/2021\/05\/Damiano-David.jpg\" alt=\"\" width=\"2400\" height=\"1260\" srcset=\"https:\/\/www.hashtag.al\/wp-content\/uploads\/2021\/05\/Damiano-David.jpg 2400w, https:\/\/www.hashtag.al\/wp-content\/uploads\/2021\/05\/Damiano-David-300x158.jpg 300w, https:\/\/www.hashtag.al\/wp-content\/uploads\/2021\/05\/Damiano-David-768x403.jpg 768w, https:\/\/www.hashtag.al\/wp-content\/uploads\/2021\/05\/Damiano-David-1024x538.jpg 1024w\" sizes=\"auto, (max-width: 2400px) 100vw, 2400px\" \/><\/span><\/p>\n<p><span style=\"color: #000000;\">Vokalisti i grupit italian, Maneskin, Damiano David, q\u00eb fitoi n\u00eb festivalin e k\u00ebng\u00ebs evropiane \u201cEurovision\u201d, ka dalur negativ n\u00eb testin e drog\u00ebs, than\u00eb organizator\u00ebt e festivalit.<\/span><\/p>\n<p><span style=\"color: #000000;\">Pamjet t\u00eb cilat e shfaqnin at\u00eb me kok\u00eb t\u00eb ulur n\u00eb tavolin\u00eb, n\u00eb zon\u00ebn e mikpritjes s\u00eb festivalit, u b\u00ebn virale dhe shkaktuan reagime dhe spekulime se ai mund ket\u00eb konsumuar substanc\u00eb narkotike.<\/span><\/p>\n<p><span style=\"color: #000000;\">David u pyet p\u00ebr pamjet gjat\u00eb nj\u00eb konference shtypi t\u00eb diel\u00ebn dhe ai tha se kishte par\u00eb posht\u00eb sepse kitaristi, Thomas Raggi, kishte thyer nj\u00eb got\u00eb.<\/span><\/p>\n<p><span style=\"color: #000000;\">&#8220;Asnj\u00eb p\u00ebrdorim droge nuk ndodhi n\u00eb Dhom\u00ebn e Gjelb\u00ebr dhe ne e konsiderojm\u00eb \u00e7\u00ebshtjen t\u00eb mbyllur\u201d, tha Unioni i Transmetuesve Evropian\u00eb (EBU), q\u00eb \u00ebsht\u00eb organizator i festivalit.<\/span><\/p>\n<p><span style=\"color: #000000;\">EBU me baz\u00eb n\u00eb Gjenev\u00eb tha se pas akuzave p\u00ebr p\u00ebrdorimin e drog\u00ebs n\u00eb prapasken\u00eb, ajo kishte rishikuar faktet, duke p\u00ebrfshir\u00eb kontrollimin e t\u00eb gjitha pamjeve n\u00eb dispozicion.<\/span><\/p>\n<p><span style=\"color: #000000;\">Damiano David vullnetarisht iu n\u00ebnshtrua nj\u00eb testi droge t\u00eb h\u00ebn\u00ebn dhe EBU e ka par\u00eb rezultatin.<\/span><\/p>\n<p><span style=\"color: #000000;\">Grupi italian ishte n\u00eb konkurenc\u00eb t\u00eb ngusht\u00eb m\u00eb Franc\u00ebn dhe Zvicr\u00ebn, por arriti 524 pik\u00eb duke u shpallur fitues me k\u00ebng\u00ebn e tyre &#8220;Zitti e Buoni&#8221;.<\/span><\/p>\n<p><span style=\"color: #000000;\">M\u00eb her\u00ebt kishin reaguar edhe zyrtar\u00eb t\u00eb qeveris\u00eb franceze. Ministri francez p\u00ebr Evrop\u00ebn, Clement Beaune kishte b\u00ebr\u00eb thirrje p\u00ebr &#8220;transparenc\u00eb totale&#8221;.<\/span><\/p>\n<p><span style=\"color: #000000;\">&#8220;N\u00ebse ka nj\u00eb problem, ka nd\u00ebshkime duke p\u00ebrfshir\u00eb edhe skualifikimin e mundsh\u00ebm&#8221;, tha ai.<\/span><\/p>\n<p><span style=\"color: #000000;\">Eurovision, \u00ebsht\u00eb nj\u00eb festival q\u00eb shikohet nga qindra miliona njer\u00ebz \u00e7do vit.<\/span><\/p>\n<p><span style=\"color: #000000;\">Festivali Eurovision p\u00ebr her\u00eb t\u00eb par\u00eb u mbajt m\u00eb 1956, me q\u00ebllim t\u00eb bashkimit t\u00eb Evrop\u00ebs pas Luft\u00ebs s\u00eb Dyt\u00eb Bot\u00ebrore.<\/span><\/p>\n","protected":false,"gt_translate_keys":[{"key":"rendered","format":"html"}]},"excerpt":{"rendered":"<p>Vokalisti i grupit italian, Maneskin, Damiano David, q\u00eb fitoi n\u00eb festivalin e k\u00ebng\u00ebs evropiane \u201cEurovision\u201d, ka dalur negativ n\u00eb testin e drog\u00ebs, than\u00eb organizator\u00ebt e festivalit. Pamjet t\u00eb cilat e shfaqnin at\u00eb me kok\u00eb t\u00eb ulur n\u00eb tavolin\u00eb, n\u00eb zon\u00ebn e mikpritjes s\u00eb festivalit, u b\u00ebn virale dhe shkaktuan reagime dhe spekulime se ai mund [&hellip;]<\/p>\n","protected":false,"gt_translate_keys":[{"key":"rendered","format":"html"}]},"author":32,"featured_media":452228,"comment_status":"open","ping_status":"open","sticky":false,"template":"","format":"standard","meta":{"footnotes":""},"categories":[53,13],"tags":[],"class_list":["post-452438","post","type-post","status-publish","format-standard","has-post-thumbnail","hentry","category-fast-foodi","category-te-fundit"],"gt_translate_keys":[{"key":"link","format":"url"}],"_links":{"self":[{"href":"https:\/\/www.hashtag.al\/index.php\/wp-json\/wp\/v2\/posts\/452438","targetHints":{"allow":["GET"]}}],"collection":[{"href":"https:\/\/www.hashtag.al\/index.php\/wp-json\/wp\/v2\/posts"}],"about":[{"href":"https:\/\/www.hashtag.al\/index.php\/wp-json\/wp\/v2\/types\/post"}],"author":[{"embeddable":true,"href":"https:\/\/www.hashtag.al\/index.php\/wp-json\/wp\/v2\/users\/32"}],"replies":[{"embeddable":true,"href":"https:\/\/www.hashtag.al\/index.php\/wp-json\/wp\/v2\/comments?post=452438"}],"version-history":[{"count":0,"href":"https:\/\/www.hashtag.al\/index.php\/wp-json\/wp\/v2\/posts\/452438\/revisions"}],"wp:featuredmedia":[{"embeddable":true,"href":"https:\/\/www.hashtag.al\/index.php\/wp-json\/wp\/v2\/media\/452228"}],"wp:attachment":[{"href":"https:\/\/www.hashtag.al\/index.php\/wp-json\/wp\/v2\/media?parent=452438"}],"wp:term":[{"taxonomy":"category","embeddable":true,"href":"https:\/\/www.hashtag.al\/index.php\/wp-json\/wp\/v2\/categories?post=452438"},{"taxonomy":"post_tag","embeddable":true,"href":"https:\/\/www.hashtag.al\/index.php\/wp-json\/wp\/v2\/tags?post=452438"}],"curies":[{"name":"wp","href":"https:\/\/api.w.org\/{rel}","templated":true}]}}