{"id":451942,"date":"2021-05-22T11:23:49","date_gmt":"2021-05-22T09:23:49","guid":{"rendered":"https:\/\/hashtag.al\/?p=451942"},"modified":"2021-05-22T11:33:35","modified_gmt":"2021-05-22T09:33:35","slug":"ibsen-elezi-dorezon-zyrtarisht-kandidaturen-per-kreun-e-pd-se-spashe-asnje-kandidat-me-pikepamje-te-djathta-dhe-vendosa-te-kandidoj-vete","status":"publish","type":"post","link":"https:\/\/www.hashtag.al\/index.php\/2021\/05\/22\/ibsen-elezi-dorezon-zyrtarisht-kandidaturen-per-kreun-e-pd-se-spashe-asnje-kandidat-me-pikepamje-te-djathta-dhe-vendosa-te-kandidoj-vete\/","title":{"rendered":"Ibsen Elezi dor\u00ebzon zyrtarisht kandidatur\u00ebn p\u00ebr kreun e PD-s\u00eb: S\u2019pash\u00eb asnj\u00eb kandidat me pik\u00ebpamje t\u00eb djathta dhe vendosa t\u00eb kandidoj vet\u00eb","gt_translate_keys":[{"key":"rendered","format":"text"}]},"content":{"rendered":"<p><a href=\"https:\/\/hashtag.al\/wp-content\/uploads\/2021\/05\/Elezi.jpg\"><img loading=\"lazy\" decoding=\"async\" class=\"aligncenter size-full wp-image-451947\" src=\"https:\/\/hashtag.al\/wp-content\/uploads\/2021\/05\/Elezi.jpg\" alt=\"\" width=\"780\" height=\"440\" srcset=\"https:\/\/www.hashtag.al\/wp-content\/uploads\/2021\/05\/Elezi.jpg 780w, https:\/\/www.hashtag.al\/wp-content\/uploads\/2021\/05\/Elezi-300x169.jpg 300w, https:\/\/www.hashtag.al\/wp-content\/uploads\/2021\/05\/Elezi-768x433.jpg 768w\" sizes=\"auto, (max-width: 780px) 100vw, 780px\" \/><\/a><\/p>\n<p><span style=\"color: #000000;\">Ibsen Elezi \u00ebsht\u00eb kandidati i kat\u00ebrt zyrtar p\u00ebr postin e kryetarit t\u00eb Partis\u00eb Demokratike. Ai sapo ka dor\u00ebzuar zyrtarisht kandidatur\u00ebn e tij n\u00eb selin\u00eb blu.<\/span><\/p>\n<p><span style=\"color: #000000;\">N\u00eb nj\u00eb dalje p\u00ebr mediet, Elezi tha se ai nuk kishte par\u00eb asnj\u00eb akndidat tjet\u00ebr me bindje t\u00eb djathta dhe p\u00ebr k\u00ebt\u00eb arsye kishte vendosur t\u00eb kandidonte vet\u00eb.<\/span><\/p>\n<p><span style=\"color: #000000;\"><em>\u201cKam th\u00ebn\u00eb se n\u00ebse do t\u00eb shoh nj\u00eb kandidat me pik\u00ebpamje t\u00eb djathta q\u00eb do shpall\u00eb nj\u00eb platform\u00eb do t\u00eb jem ndjek\u00ebsi i tij. Duke qen\u00eb se nuk pash\u00eb asnj\u00eb kandidat me pik\u00ebpamje t\u00eb tilla konservatore vendosa t\u00eb kandidoj vet\u00eb. Nuk ishte vet\u00ebm \u00e7\u00ebshtje personale por edhe diskutim grupi. Referuar normave t\u00eb statutit. \u00cbsht\u00eb e drejta themelore e \u00e7do an\u00ebtari t\u00eb kandidoj\u00eb dhe ky \u00ebsht\u00eb parimi i transparenc\u00ebs, brenda partis\u00eb.<\/em><\/span><\/p>\n<p><span style=\"color: #000000;\"><em>Kjo vlen p\u00ebr t\u00eb gjith\u00eb struktur\u00ebn e PD. Un\u00eb dua t\u2019i kujtoj drejtuesve t\u00eb strukturave q\u00eb t\u00eb ken\u00eb kujdes dhe t\u00eb administrohet nj\u00eb proces zgjedhor ku vota t\u00eb konsiderohet e paprekshme. N\u00eb kushtet kur sot jemi n\u00eb nj\u00eb betej\u00eb me Edi Ram\u00ebn si nj\u00eb nga personat q\u00eb ka arritur t\u00eb deformoj\u00eb gjith\u00eb procesin zgjedhor, nuk besoj q\u00eb k\u00ebt\u00eb shembull duhet ta jap\u00eb edhe PD.\u201d-<\/em>\u00a0tha Elezi.<\/span><\/p>\n<p><span style=\"color: #000000;\">Kujtojm\u00eb se p\u00ebrball\u00eb kryetarit Lulzim Basha, kan\u00eb shpallur kandidatur\u00ebn e tyre Fatbardh Kadilli dhe Edith Harxhi.<\/span><\/p>\n<p><span style=\"color: #000000;\">Nga ana tjet\u00ebr, Elezi \u00ebsht\u00eb kandidati i dyt\u00eb pas Harxhit q\u00eb del nga \u201dGrupi p\u00ebr PD\u201d, q\u00eb i k\u00ebrkon Bash\u00ebs dor\u00ebheqjen dhe shtyrjen e dat\u00ebs 13 qershor.\u00a0 Elezi theksoi se <em>\u201dvet\u00ebm me dor\u00ebheqjen e Bash\u00ebs mund t\u00eb get\u00eb gar\u00eb t\u00eb barabart\u00eb. Kandidat\u00ebt p\u00ebr kryetar duhet t\u00eb ken\u00eb p\u00ebrfaq\u00ebsues n\u00eb komisionin zgjedhor.\u201d<\/em><\/span><\/p>\n","protected":false,"gt_translate_keys":[{"key":"rendered","format":"html"}]},"excerpt":{"rendered":"<p>Ibsen Elezi \u00ebsht\u00eb kandidati i kat\u00ebrt zyrtar p\u00ebr postin e kryetarit t\u00eb Partis\u00eb Demokratike. Ai sapo ka dor\u00ebzuar zyrtarisht kandidatur\u00ebn e tij n\u00eb selin\u00eb blu. N\u00eb nj\u00eb dalje p\u00ebr mediet, Elezi tha se ai nuk kishte par\u00eb asnj\u00eb akndidat tjet\u00ebr me bindje t\u00eb djathta dhe p\u00ebr k\u00ebt\u00eb arsye kishte vendosur t\u00eb kandidonte vet\u00eb. \u201cKam th\u00ebn\u00eb [&hellip;]<\/p>\n","protected":false,"gt_translate_keys":[{"key":"rendered","format":"html"}]},"author":30,"featured_media":451947,"comment_status":"open","ping_status":"open","sticky":false,"template":"","format":"standard","meta":{"footnotes":""},"categories":[22,65,13],"tags":[],"class_list":["post-451942","post","type-post","status-publish","format-standard","has-post-thumbnail","hentry","category-ballina","category-lajme","category-te-fundit"],"gt_translate_keys":[{"key":"link","format":"url"}],"_links":{"self":[{"href":"https:\/\/www.hashtag.al\/index.php\/wp-json\/wp\/v2\/posts\/451942","targetHints":{"allow":["GET"]}}],"collection":[{"href":"https:\/\/www.hashtag.al\/index.php\/wp-json\/wp\/v2\/posts"}],"about":[{"href":"https:\/\/www.hashtag.al\/index.php\/wp-json\/wp\/v2\/types\/post"}],"author":[{"embeddable":true,"href":"https:\/\/www.hashtag.al\/index.php\/wp-json\/wp\/v2\/users\/30"}],"replies":[{"embeddable":true,"href":"https:\/\/www.hashtag.al\/index.php\/wp-json\/wp\/v2\/comments?post=451942"}],"version-history":[{"count":0,"href":"https:\/\/www.hashtag.al\/index.php\/wp-json\/wp\/v2\/posts\/451942\/revisions"}],"wp:featuredmedia":[{"embeddable":true,"href":"https:\/\/www.hashtag.al\/index.php\/wp-json\/wp\/v2\/media\/451947"}],"wp:attachment":[{"href":"https:\/\/www.hashtag.al\/index.php\/wp-json\/wp\/v2\/media?parent=451942"}],"wp:term":[{"taxonomy":"category","embeddable":true,"href":"https:\/\/www.hashtag.al\/index.php\/wp-json\/wp\/v2\/categories?post=451942"},{"taxonomy":"post_tag","embeddable":true,"href":"https:\/\/www.hashtag.al\/index.php\/wp-json\/wp\/v2\/tags?post=451942"}],"curies":[{"name":"wp","href":"https:\/\/api.w.org\/{rel}","templated":true}]}}