{"id":451793,"date":"2021-05-21T17:56:21","date_gmt":"2021-05-21T15:56:21","guid":{"rendered":"https:\/\/hashtag.al\/?p=451793"},"modified":"2021-05-21T18:15:19","modified_gmt":"2021-05-21T16:15:19","slug":"pas-tre-letrave-drejtuar-presidentit-macron-policet-proteste-ne-france-na-mbroni-nuk-vazhdohet-me-keshtu-video","status":"publish","type":"post","link":"https:\/\/www.hashtag.al\/index.php\/2021\/05\/21\/pas-tre-letrave-drejtuar-presidentit-macron-policet-proteste-ne-france-na-mbroni-nuk-vazhdohet-me-keshtu-video\/","title":{"rendered":"Pas tre letrave drejtuar presidentit Macron, polic\u00ebt protest\u00eb n\u00eb Franc\u00eb: Na mbroni, nuk vazhdohet m\u00eb k\u00ebshtu (Video)","gt_translate_keys":[{"key":"rendered","format":"text"}]},"content":{"rendered":"<p><span style=\"color: #000000;\"><img loading=\"lazy\" decoding=\"async\" class=\"aligncenter size-full wp-image-451794\" src=\"https:\/\/hashtag.al\/wp-content\/uploads\/2021\/05\/polici-3.jpg\" alt=\"\" width=\"999\" height=\"563\" srcset=\"https:\/\/www.hashtag.al\/wp-content\/uploads\/2021\/05\/polici-3.jpg 999w, https:\/\/www.hashtag.al\/wp-content\/uploads\/2021\/05\/polici-3-300x169.jpg 300w, https:\/\/www.hashtag.al\/wp-content\/uploads\/2021\/05\/polici-3-768x433.jpg 768w\" sizes=\"auto, (max-width: 999px) 100vw, 999px\" \/><\/span><\/p>\n<p><span style=\"color: #000000;\">Policia franceze ka organizuar nj\u00eb demonstrat\u00eb jasht\u00eb Asambles\u00eb Komb\u00ebtare p\u00ebr t&#8217;i b\u00ebr\u00eb thirrje qeveris\u00eb s\u00eb Presidentit Emmanuel Macron p\u00ebr t&#8217;i mbrojtur ata nga dhuna dhe p\u00ebr t\u00eb nd\u00ebshkuar m\u00eb ashp\u00ebr ata q\u00eb sulmojn\u00eb oficer\u00ebt e zbatimit t\u00eb ligjit.<\/span><\/p>\n<p><span style=\"color: #000000;\">Ministri i Brendsh\u00ebm Gerald Darmanin u brohorit nga disa efektiv\u00eb pasi ai u bashkua p\u00ebr pak koh\u00eb me tubimin n\u00eb nj\u00eb shenj\u00eb mb\u00ebshtetjeje.<\/span><\/p>\n<p><span style=\"color: #000000;\"><em>&#8220;Kjo nuk mund t\u00eb vazhdoj\u00eb m\u00eb k\u00ebshtu. Kemi nevoj\u00eb t\u00eb na mbroni. Gjendja po p\u00ebrkeq\u00ebsohet \u201d &#8211; <\/em>tha nj\u00eb oficer.<\/span><\/p>\n<p><span style=\"color: #000000;\">Protesta, e mbajtur jasht\u00eb nd\u00ebrtes\u00ebs s\u00eb Asambles\u00eb Komb\u00ebtare n\u00eb Paris, t\u00ebrhoqi mij\u00ebra oficer\u00eb t\u00eb zbatimit t\u00eb ligjit q\u00eb tundnin flamuj dhe banderola. Nj\u00eb banderol\u00eb shkruante: \u2018Paguhemi p\u00ebr t\u00eb sh\u00ebrbyer, jo p\u00ebr t\u00eb vdekur\u2019.<\/span><\/p>\n<p><span style=\"color: #000000;\">Sindikatat jan\u00eb ankuar se qeveria nuk po i mbron oficer\u00ebt e policis\u00eb nga dhuna. Gjat\u00eb fjalimeve t\u00eb tyre t\u00eb m\u00ebrkur\u00ebn, udh\u00ebheq\u00ebsit e sindikat\u00ebs k\u00ebrkuan reform\u00eb t\u00eb thell\u00eb t\u00eb sistemit t\u00eb drejt\u00ebsis\u00eb dhe vendosjen e d\u00ebnimeve minimale me burg p\u00ebr k\u00ebdo q\u00eb shpallet fajtor p\u00ebr sulmin ndaj nj\u00eb oficeri policie.<\/span><\/p>\n<p><span style=\"color: #000000;\">M\u00eb her\u00ebt, disa Gjeneral\u00eb n\u00eb pension, ushtarak\u00eb n\u00eb detyr\u00eb p\u00ebrfshir\u00eb edhe oficer\u00eb policie i kan\u00eb shkruar tre letra presidentit Macron duke e paralajm\u00ebruar se vendi po rr\u00ebshqet drejt Luft\u00ebs Civile.<\/span><\/p>\n","protected":false,"gt_translate_keys":[{"key":"rendered","format":"html"}]},"excerpt":{"rendered":"<p>Policia franceze ka organizuar nj\u00eb demonstrat\u00eb jasht\u00eb Asambles\u00eb Komb\u00ebtare p\u00ebr t&#8217;i b\u00ebr\u00eb thirrje qeveris\u00eb s\u00eb Presidentit Emmanuel Macron p\u00ebr t&#8217;i mbrojtur ata nga dhuna dhe p\u00ebr t\u00eb nd\u00ebshkuar m\u00eb ashp\u00ebr ata q\u00eb sulmojn\u00eb oficer\u00ebt e zbatimit t\u00eb ligjit. Ministri i Brendsh\u00ebm Gerald Darmanin u brohorit nga disa efektiv\u00eb pasi ai u bashkua p\u00ebr pak koh\u00eb [&hellip;]<\/p>\n","protected":false,"gt_translate_keys":[{"key":"rendered","format":"html"}]},"author":51,"featured_media":451794,"comment_status":"open","ping_status":"open","sticky":false,"template":"","format":"standard","meta":{"footnotes":""},"categories":[6],"tags":[],"class_list":["post-451793","post","type-post","status-publish","format-standard","has-post-thumbnail","hentry","category-nderkombetare"],"gt_translate_keys":[{"key":"link","format":"url"}],"_links":{"self":[{"href":"https:\/\/www.hashtag.al\/index.php\/wp-json\/wp\/v2\/posts\/451793","targetHints":{"allow":["GET"]}}],"collection":[{"href":"https:\/\/www.hashtag.al\/index.php\/wp-json\/wp\/v2\/posts"}],"about":[{"href":"https:\/\/www.hashtag.al\/index.php\/wp-json\/wp\/v2\/types\/post"}],"author":[{"embeddable":true,"href":"https:\/\/www.hashtag.al\/index.php\/wp-json\/wp\/v2\/users\/51"}],"replies":[{"embeddable":true,"href":"https:\/\/www.hashtag.al\/index.php\/wp-json\/wp\/v2\/comments?post=451793"}],"version-history":[{"count":0,"href":"https:\/\/www.hashtag.al\/index.php\/wp-json\/wp\/v2\/posts\/451793\/revisions"}],"wp:featuredmedia":[{"embeddable":true,"href":"https:\/\/www.hashtag.al\/index.php\/wp-json\/wp\/v2\/media\/451794"}],"wp:attachment":[{"href":"https:\/\/www.hashtag.al\/index.php\/wp-json\/wp\/v2\/media?parent=451793"}],"wp:term":[{"taxonomy":"category","embeddable":true,"href":"https:\/\/www.hashtag.al\/index.php\/wp-json\/wp\/v2\/categories?post=451793"},{"taxonomy":"post_tag","embeddable":true,"href":"https:\/\/www.hashtag.al\/index.php\/wp-json\/wp\/v2\/tags?post=451793"}],"curies":[{"name":"wp","href":"https:\/\/api.w.org\/{rel}","templated":true}]}}