{"id":451756,"date":"2021-05-21T15:18:46","date_gmt":"2021-05-21T13:18:46","guid":{"rendered":"https:\/\/hashtag.al\/?p=451756"},"modified":"2021-05-21T15:21:22","modified_gmt":"2021-05-21T13:21:22","slug":"rama-ne-korrik-hapim-regjistrimet-e-akademise-se-lidershipit-kerkesa-ka-shume-vende-pak","status":"publish","type":"post","link":"https:\/\/www.hashtag.al\/index.php\/2021\/05\/21\/rama-ne-korrik-hapim-regjistrimet-e-akademise-se-lidershipit-kerkesa-ka-shume-vende-pak\/","title":{"rendered":"Rama: N\u00eb korrik hapim regjistrimet e Akademis\u00eb s\u00eb Lidershipit, k\u00ebrkesa ka shum\u00eb, vende pak","gt_translate_keys":[{"key":"rendered","format":"text"}]},"content":{"rendered":"<p><span style=\"color: #000000;\"><a href=\"https:\/\/hashtag.al\/wp-content\/uploads\/2021\/05\/rama-9.jpg\"><img loading=\"lazy\" decoding=\"async\" class=\"aligncenter size-full wp-image-451757\" src=\"https:\/\/hashtag.al\/wp-content\/uploads\/2021\/05\/rama-9.jpg\" alt=\"\" width=\"1242\" height=\"714\" srcset=\"https:\/\/www.hashtag.al\/wp-content\/uploads\/2021\/05\/rama-9.jpg 1242w, https:\/\/www.hashtag.al\/wp-content\/uploads\/2021\/05\/rama-9-300x172.jpg 300w, https:\/\/www.hashtag.al\/wp-content\/uploads\/2021\/05\/rama-9-768x442.jpg 768w, https:\/\/www.hashtag.al\/wp-content\/uploads\/2021\/05\/rama-9-1024x589.jpg 1024w, https:\/\/www.hashtag.al\/wp-content\/uploads\/2021\/05\/rama-9-250x145.jpg 250w\" sizes=\"auto, (max-width: 1242px) 100vw, 1242px\" \/><\/a><\/span><\/p>\n<p><span style=\"color: #000000;\">Kryeministri Edi Rama ka deklaruar p\u00ebrmes nj\u00eb postimi n\u00eb rrjetet sociale, se n\u00eb muajin korrik do t\u00eb hapen regjistrimet p\u00ebr Akademin\u00eb e Re t\u00eb lidershipit p\u00ebr vajza dhe djem.<\/span><\/p>\n<p><span style=\"color: #000000;\">Rama thot\u00eb se kjo Akademi \u00ebsht\u00eb p\u00ebr t\u00eb rinjt\u00eb q\u00eb duan t\u00eb st\u00ebrviten n\u00eb grup p\u00ebr t\u00eb zhvilluar aft\u00ebsit\u00eb e tyre t\u00eb komunikimit e vendimmarrjes.<\/span><\/p>\n<p><span style=\"color: #000000;\">Kushti \u00ebsht\u00eb q\u00eb ata t\u00eb mos jen\u00eb m\u00eb pak se 16 vje\u00e7 apo m\u00eb shum\u00eb se 26 vje\u00e7. Kryeministri Rama thekson se k\u00ebrkesa \u00ebsht\u00eb e lart\u00eb e ka pak vende t\u00eb lira.<\/span><\/p>\n<p><em><span style=\"color: #000000;\">\u00a0\u201cKUR DO FLASIM<\/span><\/em><\/p>\n<p><em><span style=\"color: #000000;\">N\u00eb korrik do t\u00eb hapim regjistrimet e Akademis\u00eb s\u00eb Re t\u00eb Lidershipit p\u00ebr vajza e djem ambicioz\u00eb, sfidues, kok\u00ebfort\u00eb. T\u00eb rinj q\u00eb duan t\u00eb lexojn\u00eb e q\u00eb din\u00eb t\u00eb flasin, po dhe t\u00eb d\u00ebgjojn\u00eb. T\u00eb pak\u00ebnaqur me si shkojn\u00eb gj\u00ebrat p\u00ebrreth, po edhe me veten e tyre. Individ\u00eb q\u00eb d\u00ebshirojn\u00eb t\u00eb st\u00ebrviten n\u00eb grup, p\u00ebr t\u00eb zhvilluar aft\u00ebsit\u00eb e tyre t\u00eb komunikimit dhe vendimmarrjes.<\/span><\/em><\/p>\n<p><em><span style=\"color: #000000;\">P\u00ebr k\u00ebdo q\u00eb e gjen veten n\u00eb k\u00ebta rreshta, q\u00eb nuk \u00ebsht\u00eb m\u00eb pak se 16 vje\u00e7 e m\u00eb shum\u00eb se 26 vje\u00e7, e q\u00eb d\u00ebshiron ta provoj\u00eb mund\u00ebsin\u00eb e vet p\u00ebr nj\u00eb vend n\u00eb Akademin\u00eb e Re t\u00eb Lidershipit, kjo \u00ebsht\u00eb adresa: <\/span><\/em><span style=\"color: #0000ff;\"><em><a style=\"color: #0000ff;\" href=\"https:\/\/l.facebook.com\/l.php?u=https%3A%2F%2Fliderakademi.al%2F%3Ffbclid%3DIwAR1vf5eb2maDtDbjiNrjpMSD24uDBv2aLZCzwUFMaBPQ_KpOvHQ2VS14rA8&amp;h=AT0NDrGjTf43IoKjrzMbwdaa_ZUbSrZU780CewYdRJMb1RSnkKBTPPk7DT-ZX20dA6dhnfUDB80pX6DPqd832t88I8Qwg2ULKSImvjd8q2uYTr_oOMUzrMQbBXr0NHdGYgsU&amp;__tn__=-UK-R&amp;c%5b0%5d=AT08vhN-C-V9f8zgJaGUfm_1-OKPK-SOfUO-FWaOInxVFZBspKwHgLG6Jtx3HGNOweKrRawsdb4jvabDxId6t4L1A1gIrhXJC6EpwTkhLVKLGeIO5pOyEdNWWpSEKP4qPPtg1QtTarQuSIx4kGFg6kgEY7bquuLW_kz2anP-PygfXvd_\">https:\/\/liderakademi.al\/<\/a><\/em><\/span><\/p>\n<p><span style=\"color: #000000;\"><em>K\u00ebrkesa mund t\u00eb ket\u00eb shum\u00eb, po vende jan\u00eb pak. Prandaj kush aplikon duhet ta mbaj\u00eb parasysh se ka m\u00eb shum\u00eb gjas\u00eb t\u00eb humbas\u00eb, se sa t\u00eb fitoj\u00eb! Por kush d\u00ebshiron dhe nj\u00ebher\u00ebsh ngurron, le t\u00eb lexoj\u00eb k\u00ebto fjal\u00eb t\u00eb Michael Jordan: \u2018Kam humbur m\u00eb shum\u00eb se 9000 gjuajtje dhe thuajse 300 ndeshje. E kam humbur gjuajtjen e fitores 26 nga her\u00ebt q\u00eb ma besuan. N\u00eb jet\u00ebn time kam d\u00ebshtuar her\u00eb pas here dhe p\u00ebrs\u00ebri. Dhe prandaj ia kam dal\u00eb t\u00eb kem sukses\u2019.\u201d<\/em>-shkruan Rama.<\/span><\/p>\n","protected":false,"gt_translate_keys":[{"key":"rendered","format":"html"}]},"excerpt":{"rendered":"<p>Kryeministri Edi Rama ka deklaruar p\u00ebrmes nj\u00eb postimi n\u00eb rrjetet sociale, se n\u00eb muajin korrik do t\u00eb hapen regjistrimet p\u00ebr Akademin\u00eb e Re t\u00eb lidershipit p\u00ebr vajza dhe djem. Rama thot\u00eb se kjo Akademi \u00ebsht\u00eb p\u00ebr t\u00eb rinjt\u00eb q\u00eb duan t\u00eb st\u00ebrviten n\u00eb grup p\u00ebr t\u00eb zhvilluar aft\u00ebsit\u00eb e tyre t\u00eb komunikimit e vendimmarrjes. Kushti [&hellip;]<\/p>\n","protected":false,"gt_translate_keys":[{"key":"rendered","format":"html"}]},"author":30,"featured_media":451757,"comment_status":"open","ping_status":"open","sticky":false,"template":"","format":"standard","meta":{"footnotes":""},"categories":[65,13],"tags":[],"class_list":["post-451756","post","type-post","status-publish","format-standard","has-post-thumbnail","hentry","category-lajme","category-te-fundit"],"gt_translate_keys":[{"key":"link","format":"url"}],"_links":{"self":[{"href":"https:\/\/www.hashtag.al\/index.php\/wp-json\/wp\/v2\/posts\/451756","targetHints":{"allow":["GET"]}}],"collection":[{"href":"https:\/\/www.hashtag.al\/index.php\/wp-json\/wp\/v2\/posts"}],"about":[{"href":"https:\/\/www.hashtag.al\/index.php\/wp-json\/wp\/v2\/types\/post"}],"author":[{"embeddable":true,"href":"https:\/\/www.hashtag.al\/index.php\/wp-json\/wp\/v2\/users\/30"}],"replies":[{"embeddable":true,"href":"https:\/\/www.hashtag.al\/index.php\/wp-json\/wp\/v2\/comments?post=451756"}],"version-history":[{"count":0,"href":"https:\/\/www.hashtag.al\/index.php\/wp-json\/wp\/v2\/posts\/451756\/revisions"}],"wp:featuredmedia":[{"embeddable":true,"href":"https:\/\/www.hashtag.al\/index.php\/wp-json\/wp\/v2\/media\/451757"}],"wp:attachment":[{"href":"https:\/\/www.hashtag.al\/index.php\/wp-json\/wp\/v2\/media?parent=451756"}],"wp:term":[{"taxonomy":"category","embeddable":true,"href":"https:\/\/www.hashtag.al\/index.php\/wp-json\/wp\/v2\/categories?post=451756"},{"taxonomy":"post_tag","embeddable":true,"href":"https:\/\/www.hashtag.al\/index.php\/wp-json\/wp\/v2\/tags?post=451756"}],"curies":[{"name":"wp","href":"https:\/\/api.w.org\/{rel}","templated":true}]}}