{"id":451656,"date":"2021-05-21T10:56:02","date_gmt":"2021-05-21T08:56:02","guid":{"rendered":"https:\/\/hashtag.al\/?p=451656"},"modified":"2021-05-21T10:56:02","modified_gmt":"2021-05-21T08:56:02","slug":"mark-zuckerbeg-feston-9-vjetorin-e-marteses-me-priscilla-chan-sme-besohet","status":"publish","type":"post","link":"https:\/\/www.hashtag.al\/index.php\/2021\/05\/21\/mark-zuckerbeg-feston-9-vjetorin-e-marteses-me-priscilla-chan-sme-besohet\/","title":{"rendered":"Mark Zuckerbeg feston 9-vjetorin e martes\u00ebs me Priscilla Chan: S\u2019m\u00eb besohet","gt_translate_keys":[{"key":"rendered","format":"text"}]},"content":{"rendered":"<p><a href=\"https:\/\/hashtag.al\/wp-content\/uploads\/2021\/05\/M-2.jpg\"><img loading=\"lazy\" decoding=\"async\" class=\"aligncenter size-full wp-image-451657\" src=\"https:\/\/hashtag.al\/wp-content\/uploads\/2021\/05\/M-2.jpg\" alt=\"\" width=\"1066\" height=\"600\" srcset=\"https:\/\/www.hashtag.al\/wp-content\/uploads\/2021\/05\/M-2.jpg 1066w, https:\/\/www.hashtag.al\/wp-content\/uploads\/2021\/05\/M-2-300x169.jpg 300w, https:\/\/www.hashtag.al\/wp-content\/uploads\/2021\/05\/M-2-768x432.jpg 768w, https:\/\/www.hashtag.al\/wp-content\/uploads\/2021\/05\/M-2-1024x576.jpg 1024w\" sizes=\"auto, (max-width: 1066px) 100vw, 1066px\" \/><\/a><\/p>\n<p><span style=\"color: #000000;\">Themeluesi i \u201cFacebook\u201d-ut Mark Zuckerbeg dhe gruaja e tij Priscilla Chan kan\u00eb festuar t\u00eb m\u00ebrkur\u00ebn p\u00ebrvjetorin e n\u00ebnt\u00eb t\u00eb martes\u00ebs s\u00eb tyre.<\/span><\/p>\n<p><span style=\"color: #000000;\">E dit\u00ebn e djeshme, Zuckerbeg ka b\u00ebr\u00eb nj\u00eb postim dedikuar t\u00eb shoqes, duke th\u00ebn\u00eb se n\u00eb vitin e ardhsh\u00ebm ata t\u00eb dy do t\u00eb ken\u00eb kaluar bashk\u00eb gjysm\u00ebn e jet\u00ebs s\u00eb tyre.<\/span><\/p>\n<p><span style=\"color: #000000;\"><em>\u201cNuk mundem ta besoj se vitin tjet\u00ebr do t\u00eb jemi bashk\u00eb p\u00ebr gjysm\u00ebn e jet\u00ebs. Un\u00eb gjithashtu nuk mundem ta besoj se n\u00eb ngjitjen q\u00eb b\u00ebm\u00eb n\u00eb p\u00ebrvjetorin ton\u00eb, kamera jon\u00eb u lye me krem dielli\u201d<\/em>&#8211; shkruan Zuckerberg duke shpjeguar k\u00ebshtu edhe arsyen se pse fotoja nuk \u00ebsht\u00eb aq e qart\u00eb.<\/span><\/p>\n<p><a href=\"https:\/\/hashtag.al\/wp-content\/uploads\/2021\/05\/Mark.jpg\"><img loading=\"lazy\" decoding=\"async\" class=\"aligncenter size-full wp-image-451658\" src=\"https:\/\/hashtag.al\/wp-content\/uploads\/2021\/05\/Mark.jpg\" alt=\"\" width=\"960\" height=\"720\" srcset=\"https:\/\/www.hashtag.al\/wp-content\/uploads\/2021\/05\/Mark.jpg 960w, https:\/\/www.hashtag.al\/wp-content\/uploads\/2021\/05\/Mark-300x225.jpg 300w, https:\/\/www.hashtag.al\/wp-content\/uploads\/2021\/05\/Mark-768x576.jpg 768w\" sizes=\"auto, (max-width: 960px) 100vw, 960px\" \/><\/a><\/p>\n<p><span style=\"color: #000000;\">\u00c7ifti u takuan n\u00eb vitin 2003 n\u00eb nj\u00eb fest\u00eb dhe pas 9 vitesh lidhje, u martuan s\u00ebbashku m\u00eb 19 maj, t\u00eb vitit 2012.<\/span><\/p>\n<p><span style=\"color: #000000;\">K\u00ebshtu ata kan\u00eb 9 vite t\u00eb martuar dhe 18 vite q\u00eb jan\u00eb s\u00ebbashku dhe jan\u00eb prind\u00ebr t\u00eb dy f\u00ebmij\u00ebve. N\u00eb postimin e tij, Zuckerberg thot\u00eb se vitin e ardhsh\u00ebm ai do t\u00eb ket\u00eb kaluar gjysm\u00ebn e jet\u00ebs me Priscill\u00ebn, pasi ai n\u00eb 2022-shin mbush 38 vje\u00e7 dhe 19 nga k\u00ebto vite i ka me t\u00eb.<\/span><\/p>\n","protected":false,"gt_translate_keys":[{"key":"rendered","format":"html"}]},"excerpt":{"rendered":"<p>Themeluesi i \u201cFacebook\u201d-ut Mark Zuckerbeg dhe gruaja e tij Priscilla Chan kan\u00eb festuar t\u00eb m\u00ebrkur\u00ebn p\u00ebrvjetorin e n\u00ebnt\u00eb t\u00eb martes\u00ebs s\u00eb tyre. E dit\u00ebn e djeshme, Zuckerbeg ka b\u00ebr\u00eb nj\u00eb postim dedikuar t\u00eb shoqes, duke th\u00ebn\u00eb se n\u00eb vitin e ardhsh\u00ebm ata t\u00eb dy do t\u00eb ken\u00eb kaluar bashk\u00eb gjysm\u00ebn e jet\u00ebs s\u00eb tyre. \u201cNuk [&hellip;]<\/p>\n","protected":false,"gt_translate_keys":[{"key":"rendered","format":"html"}]},"author":30,"featured_media":451657,"comment_status":"open","ping_status":"open","sticky":false,"template":"","format":"standard","meta":{"footnotes":""},"categories":[53],"tags":[],"class_list":["post-451656","post","type-post","status-publish","format-standard","has-post-thumbnail","hentry","category-fast-foodi"],"gt_translate_keys":[{"key":"link","format":"url"}],"_links":{"self":[{"href":"https:\/\/www.hashtag.al\/index.php\/wp-json\/wp\/v2\/posts\/451656","targetHints":{"allow":["GET"]}}],"collection":[{"href":"https:\/\/www.hashtag.al\/index.php\/wp-json\/wp\/v2\/posts"}],"about":[{"href":"https:\/\/www.hashtag.al\/index.php\/wp-json\/wp\/v2\/types\/post"}],"author":[{"embeddable":true,"href":"https:\/\/www.hashtag.al\/index.php\/wp-json\/wp\/v2\/users\/30"}],"replies":[{"embeddable":true,"href":"https:\/\/www.hashtag.al\/index.php\/wp-json\/wp\/v2\/comments?post=451656"}],"version-history":[{"count":0,"href":"https:\/\/www.hashtag.al\/index.php\/wp-json\/wp\/v2\/posts\/451656\/revisions"}],"wp:featuredmedia":[{"embeddable":true,"href":"https:\/\/www.hashtag.al\/index.php\/wp-json\/wp\/v2\/media\/451657"}],"wp:attachment":[{"href":"https:\/\/www.hashtag.al\/index.php\/wp-json\/wp\/v2\/media?parent=451656"}],"wp:term":[{"taxonomy":"category","embeddable":true,"href":"https:\/\/www.hashtag.al\/index.php\/wp-json\/wp\/v2\/categories?post=451656"},{"taxonomy":"post_tag","embeddable":true,"href":"https:\/\/www.hashtag.al\/index.php\/wp-json\/wp\/v2\/tags?post=451656"}],"curies":[{"name":"wp","href":"https:\/\/api.w.org\/{rel}","templated":true}]}}