{"id":451654,"date":"2021-05-21T10:31:46","date_gmt":"2021-05-21T08:31:46","guid":{"rendered":"https:\/\/hashtag.al\/?p=451654"},"modified":"2021-05-21T10:31:46","modified_gmt":"2021-05-21T08:31:46","slug":"plagosja-e-djalit-te-policit-dje-ne-vlore-arrestohet-i-dyshuari-20-vjecar","status":"publish","type":"post","link":"https:\/\/www.hashtag.al\/index.php\/2021\/05\/21\/plagosja-e-djalit-te-policit-dje-ne-vlore-arrestohet-i-dyshuari-20-vjecar\/","title":{"rendered":"Plagosja e djalit t\u00eb policit dje n\u00eb Vlor\u00eb, arrestohet i dyshuari 20-vje\u00e7ar","gt_translate_keys":[{"key":"rendered","format":"text"}]},"content":{"rendered":"<p><a href=\"https:\/\/hashtag.al\/wp-content\/uploads\/2021\/02\/arrestim.png\"><img loading=\"lazy\" decoding=\"async\" class=\"aligncenter size-full wp-image-431689\" src=\"https:\/\/hashtag.al\/wp-content\/uploads\/2021\/02\/arrestim.png\" alt=\"\" width=\"1200\" height=\"625\" srcset=\"https:\/\/www.hashtag.al\/wp-content\/uploads\/2021\/02\/arrestim.png 1200w, https:\/\/www.hashtag.al\/wp-content\/uploads\/2021\/02\/arrestim-300x156.png 300w, https:\/\/www.hashtag.al\/wp-content\/uploads\/2021\/02\/arrestim-768x400.png 768w, https:\/\/www.hashtag.al\/wp-content\/uploads\/2021\/02\/arrestim-1024x533.png 1024w\" sizes=\"auto, (max-width: 1200px) 100vw, 1200px\" \/><\/a><\/p>\n<p><span style=\"color: #000000;\">Arrestohet i dyshuari p\u00ebr plagosjen me thik\u00eb dit\u00ebn e djeshme t\u00eb djalit t\u00eb nj\u00eb efektivi policie n\u00eb qytetin bregdetar t\u00eb Vlor\u00ebs.<\/span><\/p>\n<p><span style=\"color: #000000;\">Dit\u00ebn e djeshme policia tha se i plagosuri ishte 20-vje\u00e7, mir\u00ebpo n\u00eb njoftimin e sot\u00ebm thuhet se \u00ebsht\u00eb i mitur, 17-vje\u00e7. Ai ndodhet n\u00eb spital n\u00ebn kujdesin e mjek\u00ebve dhe \u00ebsht\u00eb jasht\u00eb rrezikut p\u00ebr jet\u00ebn.<\/span><\/p>\n<p><span style=\"color: #000000;\">Nd\u00ebrkoh\u00eb i dyshuari i arrestuar \u00ebsht\u00eb nj\u00eb djal\u00eb 20-vje\u00e7ar me inicialet L.SH.<\/span><\/p>\n<p><span style=\"color: #000000;\"><em>\u201cSpecialist\u00ebt p\u00ebr Hetimin e Krimeve n\u00eb Komisariatin e Policis\u00eb Vlor\u00eb b\u00ebn\u00eb arrestimin n\u00eb flagranc\u00eb t\u00eb shtetasit L. Sh., 20 vje\u00e7, banues n\u00eb Vlor\u00eb.<\/em><\/span><\/p>\n<p><span style=\"color: #000000;\"><em>Ky shtetas dyshohet se paraditen e djeshme, n\u00eb nj\u00eb lokal n\u00eb lagjen \u201824 Maji\u2019, pas nj\u00eb konflikti t\u00eb \u00e7astit ka plagosur me mjet prer\u00ebs (thik\u00eb), shtetasin e mitur A. L., 17 vje\u00e7, banues n\u00eb Vlor\u00eb, i cili ndodhet n\u00eb spital, n\u00ebn kujdesin e mjek\u00ebve.\u201d-<\/em> b\u00ebri me dije policia.<\/span><\/p>\n<p><span style=\"color: #000000;\">Ende nuk dihen arsyet e konfliktit midis dy t\u00eb rinjve.<\/span><\/p>\n","protected":false,"gt_translate_keys":[{"key":"rendered","format":"html"}]},"excerpt":{"rendered":"<p>Arrestohet i dyshuari p\u00ebr plagosjen me thik\u00eb dit\u00ebn e djeshme t\u00eb djalit t\u00eb nj\u00eb efektivi policie n\u00eb qytetin bregdetar t\u00eb Vlor\u00ebs. Dit\u00ebn e djeshme policia tha se i plagosuri ishte 20-vje\u00e7, mir\u00ebpo n\u00eb njoftimin e sot\u00ebm thuhet se \u00ebsht\u00eb i mitur, 17-vje\u00e7. Ai ndodhet n\u00eb spital n\u00ebn kujdesin e mjek\u00ebve dhe \u00ebsht\u00eb jasht\u00eb rrezikut p\u00ebr [&hellip;]<\/p>\n","protected":false,"gt_translate_keys":[{"key":"rendered","format":"html"}]},"author":30,"featured_media":431689,"comment_status":"open","ping_status":"open","sticky":false,"template":"","format":"standard","meta":{"footnotes":""},"categories":[65,13],"tags":[],"class_list":["post-451654","post","type-post","status-publish","format-standard","has-post-thumbnail","hentry","category-lajme","category-te-fundit"],"gt_translate_keys":[{"key":"link","format":"url"}],"_links":{"self":[{"href":"https:\/\/www.hashtag.al\/index.php\/wp-json\/wp\/v2\/posts\/451654","targetHints":{"allow":["GET"]}}],"collection":[{"href":"https:\/\/www.hashtag.al\/index.php\/wp-json\/wp\/v2\/posts"}],"about":[{"href":"https:\/\/www.hashtag.al\/index.php\/wp-json\/wp\/v2\/types\/post"}],"author":[{"embeddable":true,"href":"https:\/\/www.hashtag.al\/index.php\/wp-json\/wp\/v2\/users\/30"}],"replies":[{"embeddable":true,"href":"https:\/\/www.hashtag.al\/index.php\/wp-json\/wp\/v2\/comments?post=451654"}],"version-history":[{"count":0,"href":"https:\/\/www.hashtag.al\/index.php\/wp-json\/wp\/v2\/posts\/451654\/revisions"}],"wp:featuredmedia":[{"embeddable":true,"href":"https:\/\/www.hashtag.al\/index.php\/wp-json\/wp\/v2\/media\/431689"}],"wp:attachment":[{"href":"https:\/\/www.hashtag.al\/index.php\/wp-json\/wp\/v2\/media?parent=451654"}],"wp:term":[{"taxonomy":"category","embeddable":true,"href":"https:\/\/www.hashtag.al\/index.php\/wp-json\/wp\/v2\/categories?post=451654"},{"taxonomy":"post_tag","embeddable":true,"href":"https:\/\/www.hashtag.al\/index.php\/wp-json\/wp\/v2\/tags?post=451654"}],"curies":[{"name":"wp","href":"https:\/\/api.w.org\/{rel}","templated":true}]}}