{"id":451477,"date":"2021-05-20T12:11:06","date_gmt":"2021-05-20T10:11:06","guid":{"rendered":"https:\/\/hashtag.al\/?p=451477"},"modified":"2021-05-20T12:15:20","modified_gmt":"2021-05-20T10:15:20","slug":"berisha-non-grata-ne-shba-halit-valteri-vetem-fillimi-i-reformes-ne-drejtesi-ne-rrjete-ra-peshkaqeni-i-pare","status":"publish","type":"post","link":"https:\/\/www.hashtag.al\/index.php\/2021\/05\/20\/berisha-non-grata-ne-shba-halit-valteri-vetem-fillimi-i-reformes-ne-drejtesi-ne-rrjete-ra-peshkaqeni-i-pare\/","title":{"rendered":"Berisha \u201cnon-grata\u201d n\u00eb SHBA, Halit Valteri: Vet\u00ebm fillimi i Reform\u00ebs n\u00eb Drejt\u00ebsi, n\u00eb rrjet\u00eb ra peshkaqeni i par\u00eb","gt_translate_keys":[{"key":"rendered","format":"text"}]},"content":{"rendered":"<p><a href=\"https:\/\/hashtag.al\/wp-content\/uploads\/2021\/05\/Haliti-1.jpg\"><img loading=\"lazy\" decoding=\"async\" class=\"aligncenter size-full wp-image-451478\" src=\"https:\/\/hashtag.al\/wp-content\/uploads\/2021\/05\/Haliti-1.jpg\" alt=\"\" width=\"1253\" height=\"775\" srcset=\"https:\/\/www.hashtag.al\/wp-content\/uploads\/2021\/05\/Haliti-1.jpg 1253w, https:\/\/www.hashtag.al\/wp-content\/uploads\/2021\/05\/Haliti-1-300x186.jpg 300w, https:\/\/www.hashtag.al\/wp-content\/uploads\/2021\/05\/Haliti-1-768x475.jpg 768w, https:\/\/www.hashtag.al\/wp-content\/uploads\/2021\/05\/Haliti-1-1024x633.jpg 1024w\" sizes=\"auto, (max-width: 1253px) 100vw, 1253px\" \/><\/a><\/p>\n<p><span style=\"color: #000000;\">Deputeti Halit Valteri ka komentuar nga foltorja e Kuvendit shpalljen non-grata t\u00eb ish-kryeministrit Sali Berisha dhe familjar\u00ebve t\u00eb tij nga SHBA-ja.<\/span><\/p>\n<p><span style=\"color: #000000;\">Ai e konsideroi k\u00ebt\u00eb vet\u00ebm fillimin e Reform\u00ebs n\u00eb Drejt\u00ebsi, nd\u00ebrsa e konsideroi at\u00eb \u201cpeshkaqenin\u201d e par\u00eb q\u00eb ra n\u00eb rrjet\u00eb. Sipas tij askush nuk \u00ebsht\u00eb i papreksh\u00ebm n\u00eb vend.<\/span><\/p>\n<p><em><span style=\"color: #000000;\">&#8220;Ky \u00ebsht\u00eb vet\u00ebm fillimi i asaj q\u00eb trumbetohet si sukses i reform\u00ebs n\u00eb drejt\u00ebsi. Nisi me cironka, zuri disa peshq dhe s\u00eb fundmi n\u00eb rrjet\u00ebn e saj ra nj\u00eb peshkaqen. Askush nuk \u00ebsht\u00eb i papreksh\u00ebm n\u00eb k\u00ebt\u00eb vend.<\/span><\/em><\/p>\n<p><span style=\"color: #000000;\"><em>Akuzat p\u00ebr korrupsion nuk jan\u00eb nj\u00eb ftes\u00eb p\u00ebr refleksion dhe debat, por ftes\u00eb p\u00ebr aksion q\u00eb drejt\u00ebsia t\u00eb veproj\u00eb sa m\u00eb par\u00eb. Ky \u00ebsht\u00eb fundi i atyre q\u00eb thon\u00eb se ky vend nuk b\u00ebhet, ky vend do b\u00ebhet dhe drejt\u00ebsia do b\u00ebhet. \u00cbsht\u00eb fundi i pand\u00ebshkueshm\u00ebris\u00eb dhe fillimi i nj\u00eb epoke t\u00eb re.&#8221;<\/em>&#8211; tha Valteri.<\/span><\/p>\n","protected":false,"gt_translate_keys":[{"key":"rendered","format":"html"}]},"excerpt":{"rendered":"<p>Deputeti Halit Valteri ka komentuar nga foltorja e Kuvendit shpalljen non-grata t\u00eb ish-kryeministrit Sali Berisha dhe familjar\u00ebve t\u00eb tij nga SHBA-ja. Ai e konsideroi k\u00ebt\u00eb vet\u00ebm fillimin e Reform\u00ebs n\u00eb Drejt\u00ebsi, nd\u00ebrsa e konsideroi at\u00eb \u201cpeshkaqenin\u201d e par\u00eb q\u00eb ra n\u00eb rrjet\u00eb. Sipas tij askush nuk \u00ebsht\u00eb i papreksh\u00ebm n\u00eb vend. &#8220;Ky \u00ebsht\u00eb vet\u00ebm fillimi [&hellip;]<\/p>\n","protected":false,"gt_translate_keys":[{"key":"rendered","format":"html"}]},"author":30,"featured_media":451478,"comment_status":"open","ping_status":"open","sticky":false,"template":"","format":"standard","meta":{"footnotes":""},"categories":[65,13],"tags":[],"class_list":["post-451477","post","type-post","status-publish","format-standard","has-post-thumbnail","hentry","category-lajme","category-te-fundit"],"gt_translate_keys":[{"key":"link","format":"url"}],"_links":{"self":[{"href":"https:\/\/www.hashtag.al\/index.php\/wp-json\/wp\/v2\/posts\/451477","targetHints":{"allow":["GET"]}}],"collection":[{"href":"https:\/\/www.hashtag.al\/index.php\/wp-json\/wp\/v2\/posts"}],"about":[{"href":"https:\/\/www.hashtag.al\/index.php\/wp-json\/wp\/v2\/types\/post"}],"author":[{"embeddable":true,"href":"https:\/\/www.hashtag.al\/index.php\/wp-json\/wp\/v2\/users\/30"}],"replies":[{"embeddable":true,"href":"https:\/\/www.hashtag.al\/index.php\/wp-json\/wp\/v2\/comments?post=451477"}],"version-history":[{"count":0,"href":"https:\/\/www.hashtag.al\/index.php\/wp-json\/wp\/v2\/posts\/451477\/revisions"}],"wp:featuredmedia":[{"embeddable":true,"href":"https:\/\/www.hashtag.al\/index.php\/wp-json\/wp\/v2\/media\/451478"}],"wp:attachment":[{"href":"https:\/\/www.hashtag.al\/index.php\/wp-json\/wp\/v2\/media?parent=451477"}],"wp:term":[{"taxonomy":"category","embeddable":true,"href":"https:\/\/www.hashtag.al\/index.php\/wp-json\/wp\/v2\/categories?post=451477"},{"taxonomy":"post_tag","embeddable":true,"href":"https:\/\/www.hashtag.al\/index.php\/wp-json\/wp\/v2\/tags?post=451477"}],"curies":[{"name":"wp","href":"https:\/\/api.w.org\/{rel}","templated":true}]}}