{"id":451460,"date":"2021-05-20T11:29:04","date_gmt":"2021-05-20T09:29:04","guid":{"rendered":"https:\/\/hashtag.al\/?p=451460"},"modified":"2021-05-20T11:53:55","modified_gmt":"2021-05-20T09:53:55","slug":"plas-sherri-me-thika-ne-vlore-20-vjecari-dergohet-me-urgjence-ne-spital","status":"publish","type":"post","link":"https:\/\/www.hashtag.al\/index.php\/2021\/05\/20\/plas-sherri-me-thika-ne-vlore-20-vjecari-dergohet-me-urgjence-ne-spital\/","title":{"rendered":"Plas sherri me thika n\u00eb Vlor\u00eb, 20-vje\u00e7ari d\u00ebrgohet me urgjenc\u00eb n\u00eb spital","gt_translate_keys":[{"key":"rendered","format":"text"}]},"content":{"rendered":"<p><a href=\"https:\/\/hashtag.al\/wp-content\/uploads\/2021\/04\/thike.jpg\"><img loading=\"lazy\" decoding=\"async\" class=\"aligncenter size-full wp-image-440827\" src=\"https:\/\/hashtag.al\/wp-content\/uploads\/2021\/04\/thike.jpg\" alt=\"\" width=\"2400\" height=\"1524\" srcset=\"https:\/\/www.hashtag.al\/wp-content\/uploads\/2021\/04\/thike.jpg 2400w, https:\/\/www.hashtag.al\/wp-content\/uploads\/2021\/04\/thike-300x191.jpg 300w, https:\/\/www.hashtag.al\/wp-content\/uploads\/2021\/04\/thike-768x488.jpg 768w, https:\/\/www.hashtag.al\/wp-content\/uploads\/2021\/04\/thike-1024x650.jpg 1024w\" sizes=\"auto, (max-width: 2400px) 100vw, 2400px\" \/><\/a><\/p>\n<p><span style=\"color: #000000;\">Nj\u00eb sherr mes t\u00eb rinjsh ka ndodhur sot n\u00eb qytetin e Vlor\u00ebs.<\/span><\/p>\n<p><span style=\"color: #000000;\">M\u00ebsohet se nj\u00eb i ri \u00ebsht\u00eb d\u00ebrguar me urgjenc\u00eb n\u00eb spitalin e Vlor\u00ebs pak \u00e7aste m\u00eb pare, pasi ishte plagosur me thik\u00eb.<\/span><\/p>\n<p><span style=\"color: #000000;\">Sipas \u201cBalkanweb\u201d, 20-vje\u00e7ari emri i t\u00eb cilit nuk b\u00ebhet i ditur por vet\u00ebm inicialet A.L \u00ebsht\u00eb plagosur me thik\u00eb n\u00eb pjes\u00ebn e qaf\u00ebs.<\/span><\/p>\n<p><span style=\"color: #000000;\">Incidenti ka ndodhur n\u00eb lagjen &#8220;24 Maji&#8221; t\u00eb qytetit bregdetar. Policia ndodhet n\u00eb vendngjarje dhe ka nisur hetimet p\u00ebr t\u00eb zbardhur incidentit dhe shkaqet q\u00eb i shtyn\u00eb t\u00eb rinjt\u00eb drejt nj\u00eb p\u00ebrplasjeje t\u00eb till\u00eb.<\/span><\/p>\n<p><span style=\"color: #000000;\"><em>\u201cM\u00eb dat\u00eb 20.05.2021, n\u00eb or\u00ebs 10:50 n\u00eb lagjen \u201924 Maji\u2019, Vlor\u00eb, n\u00eb nj\u00eb lokal, dyshohet se pas nj\u00eb konflikti t\u00eb \u00e7astit, \u00ebsht\u00eb goditur me mjet prer\u00ebs (thik\u00eb), shtetasi A. L., 20 vje\u00e7, jasht\u00eb rrezikut p\u00ebr jet\u00ebn.<\/em><\/span><br \/>\n<span style=\"color: #000000;\"><em>Autori i ngjarjes dyshohet se \u00ebsht\u00eb shtetasi A.V dhe sh\u00ebrbimet e Policis\u00eb jan\u00eb\u00a0v\u00ebn\u00eb n\u00eb ndjekje t\u00eb tij. Grupi hetimor ndodhet n\u00eb vendngjarje dhe po punon p\u00ebr zbardhjen e ngjarjes\u201d<\/em>, njofton policia.<\/span><\/p>\n","protected":false,"gt_translate_keys":[{"key":"rendered","format":"html"}]},"excerpt":{"rendered":"<p>Nj\u00eb sherr mes t\u00eb rinjsh ka ndodhur sot n\u00eb qytetin e Vlor\u00ebs. M\u00ebsohet se nj\u00eb i ri \u00ebsht\u00eb d\u00ebrguar me urgjenc\u00eb n\u00eb spitalin e Vlor\u00ebs pak \u00e7aste m\u00eb pare, pasi ishte plagosur me thik\u00eb. Sipas \u201cBalkanweb\u201d, 20-vje\u00e7ari emri i t\u00eb cilit nuk b\u00ebhet i ditur por vet\u00ebm inicialet A.L \u00ebsht\u00eb plagosur me thik\u00eb n\u00eb pjes\u00ebn [&hellip;]<\/p>\n","protected":false,"gt_translate_keys":[{"key":"rendered","format":"html"}]},"author":30,"featured_media":440827,"comment_status":"open","ping_status":"open","sticky":false,"template":"","format":"standard","meta":{"footnotes":""},"categories":[65,13],"tags":[],"class_list":["post-451460","post","type-post","status-publish","format-standard","has-post-thumbnail","hentry","category-lajme","category-te-fundit"],"gt_translate_keys":[{"key":"link","format":"url"}],"_links":{"self":[{"href":"https:\/\/www.hashtag.al\/index.php\/wp-json\/wp\/v2\/posts\/451460","targetHints":{"allow":["GET"]}}],"collection":[{"href":"https:\/\/www.hashtag.al\/index.php\/wp-json\/wp\/v2\/posts"}],"about":[{"href":"https:\/\/www.hashtag.al\/index.php\/wp-json\/wp\/v2\/types\/post"}],"author":[{"embeddable":true,"href":"https:\/\/www.hashtag.al\/index.php\/wp-json\/wp\/v2\/users\/30"}],"replies":[{"embeddable":true,"href":"https:\/\/www.hashtag.al\/index.php\/wp-json\/wp\/v2\/comments?post=451460"}],"version-history":[{"count":0,"href":"https:\/\/www.hashtag.al\/index.php\/wp-json\/wp\/v2\/posts\/451460\/revisions"}],"wp:featuredmedia":[{"embeddable":true,"href":"https:\/\/www.hashtag.al\/index.php\/wp-json\/wp\/v2\/media\/440827"}],"wp:attachment":[{"href":"https:\/\/www.hashtag.al\/index.php\/wp-json\/wp\/v2\/media?parent=451460"}],"wp:term":[{"taxonomy":"category","embeddable":true,"href":"https:\/\/www.hashtag.al\/index.php\/wp-json\/wp\/v2\/categories?post=451460"},{"taxonomy":"post_tag","embeddable":true,"href":"https:\/\/www.hashtag.al\/index.php\/wp-json\/wp\/v2\/tags?post=451460"}],"curies":[{"name":"wp","href":"https:\/\/api.w.org\/{rel}","templated":true}]}}