{"id":450941,"date":"2021-05-18T11:07:30","date_gmt":"2021-05-18T09:07:30","guid":{"rendered":"https:\/\/hashtag.al\/?p=450941"},"modified":"2021-05-18T11:09:33","modified_gmt":"2021-05-18T09:09:33","slug":"kush-eshte-ibrahim-lici-i-dyshuari-per-vrasjen-ne-shkoder","status":"publish","type":"post","link":"https:\/\/www.hashtag.al\/index.php\/2021\/05\/18\/kush-eshte-ibrahim-lici-i-dyshuari-per-vrasjen-ne-shkoder\/","title":{"rendered":"Kush \u00ebsht\u00eb Ibrahim Lici, i dyshuari p\u00ebr vrasjen n\u00eb Shkod\u00ebr","gt_translate_keys":[{"key":"rendered","format":"text"}]},"content":{"rendered":"<div id=\"attachment_450942\" style=\"width: 923px\" class=\"wp-caption aligncenter\"><a href=\"https:\/\/hashtag.al\/wp-content\/uploads\/2021\/05\/lici.jpg\"><img loading=\"lazy\" decoding=\"async\" aria-describedby=\"caption-attachment-450942\" class=\"wp-image-450942 size-full\" src=\"https:\/\/hashtag.al\/wp-content\/uploads\/2021\/05\/lici.jpg\" alt=\"\" width=\"913\" height=\"487\" srcset=\"https:\/\/www.hashtag.al\/wp-content\/uploads\/2021\/05\/lici.jpg 913w, https:\/\/www.hashtag.al\/wp-content\/uploads\/2021\/05\/lici-300x160.jpg 300w, https:\/\/www.hashtag.al\/wp-content\/uploads\/2021\/05\/lici-768x410.jpg 768w\" sizes=\"auto, (max-width: 913px) 100vw, 913px\" \/><\/a><p id=\"caption-attachment-450942\" class=\"wp-caption-text\"><span style=\"color: #000000;\"><em>Ibrahim Lici<\/em><\/span><\/p><\/div>\n<p><span style=\"color: #000000;\">Personi i shpallur n\u00eb k\u00ebrkim p\u00ebr vrasjen e 32-vje\u00e7arit Endri Mustafa, \u00ebsht\u00eb Ibrahim Licin, nj\u00eb em\u00ebr i njohur p\u00ebr policin\u00eb.<\/span><\/p>\n<p><span style=\"color: #000000;\">Lici dyshohet si i p\u00ebrfshir\u00eb edhe n\u00eb ngjarje t\u00eb tjera kriminale. Mes t\u00eb cilave vrasja e v\u00ebllez\u00ebrve Ibrahim dhe Astrit Bilali. N\u00eb at\u00eb koh\u00eb u vun\u00eb n\u00eb pranga dy bashk\u00ebpun\u00ebtor\u00ebt e tij Arsen Stojku 29 -vje\u00e7 dhe Mislim Rama 23 -vje\u00e7 nga Vau i Dej\u00ebs, nd\u00ebrsa vet\u00eb Li\u00e7i u shpall n\u00eb k\u00ebrkim.<\/span><\/p>\n<p><span style=\"color: #000000;\">M\u00eb par\u00eb Ibrahim Lici \u00ebsht\u00eb arrestuar gjithashtu nga policia si \u201ctruri\u201d i nj\u00eb bande gjob\u00ebv\u00ebn\u00ebsish ndaj tregtar\u00ebve, ku n\u00eb pranga p\u00ebrfunduan n\u00ebnt\u00eb persona, si pjes\u00eb e k\u00ebtij grupi kriminal.<\/span><\/p>\n<p><span style=\"color: #000000;\">Ibrahim Lici \u00ebsht\u00eb djali i Mustafa Licit, an\u00ebtar i k\u00ebshillit bashkiak t\u00eb Shkodr\u00ebs. K\u00ebtij t\u00eb fundit i ekzekutuan n\u00eb nj\u00eb atentat n\u00eb gusht t\u00eb vitit 2018 t\u00eb v\u00ebllan\u00eb, Fatbardh Licin, ngjarje kjo e ndodhur n\u00eb qend\u00ebr t\u00eb Shkodr\u00ebs.<\/span><\/p>\n<p><span style=\"color: #000000;\">N\u00eb janar t\u00eb atij viti, iu b\u00eb nj\u00eb atentat me tritol edhe Lul Kull\u00ebs, kunatit t\u00eb Fatbardh Licit, i cili mbijetoi.<\/span><\/p>\n<p><span style=\"color: #000000;\">K\u00ebshtu i dyshuari kryesor p\u00ebr vrasjen e Mustaf\u00ebs, \u00ebsht\u00eb nj\u00eb em\u00ebr i lidhur me bot\u00ebn e krimit.<\/span><\/p>\n<p><span style=\"color: #000000;\">Endri Mustafa u gjet nj\u00eb dit\u00eb m\u00eb par\u00eb i vrar\u00eb me 5-6 plumba n\u00eb zon\u00ebn e Livades, nd\u00ebrsa ishte raportuar i zhdukur nga sht\u00ebpia prej tri dit\u00ebsh.<\/span><\/p>\n<p><span style=\"color: #000000;\">Lici dyshohet se \u00ebsht\u00eb ndihmuar edhe nga nj\u00eb i mitur, 15-vje\u00e7ari Ergys Malja, i cili \u00ebsht\u00eb arrestuar.<\/span><\/p>\n<p><span style=\"color: #000000;\">Po ashtu n\u00eb pranga ka r\u00ebn\u00eb edhe Edison Arazi, si person q\u00eb ka dijeni p\u00ebr ngjarjen.<\/span><\/p>\n<div id=\"attachment_450660\" style=\"width: 2056px\" class=\"wp-caption aligncenter\"><a href=\"https:\/\/hashtag.al\/wp-content\/uploads\/2021\/05\/Mustafa.jpg\"><img loading=\"lazy\" decoding=\"async\" aria-describedby=\"caption-attachment-450660\" class=\"size-full wp-image-450660\" src=\"https:\/\/hashtag.al\/wp-content\/uploads\/2021\/05\/Mustafa.jpg\" alt=\"\" width=\"2046\" height=\"1536\" srcset=\"https:\/\/www.hashtag.al\/wp-content\/uploads\/2021\/05\/Mustafa.jpg 2046w, https:\/\/www.hashtag.al\/wp-content\/uploads\/2021\/05\/Mustafa-300x225.jpg 300w, https:\/\/www.hashtag.al\/wp-content\/uploads\/2021\/05\/Mustafa-768x577.jpg 768w, https:\/\/www.hashtag.al\/wp-content\/uploads\/2021\/05\/Mustafa-1024x769.jpg 1024w\" sizes=\"auto, (max-width: 2046px) 100vw, 2046px\" \/><\/a><p id=\"caption-attachment-450660\" class=\"wp-caption-text\"><span style=\"color: #000000;\"><em>Endri Mustafa<\/em><\/span><\/p><\/div>\n","protected":false,"gt_translate_keys":[{"key":"rendered","format":"html"}]},"excerpt":{"rendered":"<p>Personi i shpallur n\u00eb k\u00ebrkim p\u00ebr vrasjen e 32-vje\u00e7arit Endri Mustafa, \u00ebsht\u00eb Ibrahim Licin, nj\u00eb em\u00ebr i njohur p\u00ebr policin\u00eb. Lici dyshohet si i p\u00ebrfshir\u00eb edhe n\u00eb ngjarje t\u00eb tjera kriminale. Mes t\u00eb cilave vrasja e v\u00ebllez\u00ebrve Ibrahim dhe Astrit Bilali. N\u00eb at\u00eb koh\u00eb u vun\u00eb n\u00eb pranga dy bashk\u00ebpun\u00ebtor\u00ebt e tij Arsen Stojku 29 [&hellip;]<\/p>\n","protected":false,"gt_translate_keys":[{"key":"rendered","format":"html"}]},"author":30,"featured_media":450942,"comment_status":"open","ping_status":"open","sticky":false,"template":"","format":"standard","meta":{"footnotes":""},"categories":[22,65,13],"tags":[],"class_list":["post-450941","post","type-post","status-publish","format-standard","has-post-thumbnail","hentry","category-ballina","category-lajme","category-te-fundit"],"gt_translate_keys":[{"key":"link","format":"url"}],"_links":{"self":[{"href":"https:\/\/www.hashtag.al\/index.php\/wp-json\/wp\/v2\/posts\/450941","targetHints":{"allow":["GET"]}}],"collection":[{"href":"https:\/\/www.hashtag.al\/index.php\/wp-json\/wp\/v2\/posts"}],"about":[{"href":"https:\/\/www.hashtag.al\/index.php\/wp-json\/wp\/v2\/types\/post"}],"author":[{"embeddable":true,"href":"https:\/\/www.hashtag.al\/index.php\/wp-json\/wp\/v2\/users\/30"}],"replies":[{"embeddable":true,"href":"https:\/\/www.hashtag.al\/index.php\/wp-json\/wp\/v2\/comments?post=450941"}],"version-history":[{"count":0,"href":"https:\/\/www.hashtag.al\/index.php\/wp-json\/wp\/v2\/posts\/450941\/revisions"}],"wp:featuredmedia":[{"embeddable":true,"href":"https:\/\/www.hashtag.al\/index.php\/wp-json\/wp\/v2\/media\/450942"}],"wp:attachment":[{"href":"https:\/\/www.hashtag.al\/index.php\/wp-json\/wp\/v2\/media?parent=450941"}],"wp:term":[{"taxonomy":"category","embeddable":true,"href":"https:\/\/www.hashtag.al\/index.php\/wp-json\/wp\/v2\/categories?post=450941"},{"taxonomy":"post_tag","embeddable":true,"href":"https:\/\/www.hashtag.al\/index.php\/wp-json\/wp\/v2\/tags?post=450941"}],"curies":[{"name":"wp","href":"https:\/\/api.w.org\/{rel}","templated":true}]}}