{"id":450936,"date":"2021-05-18T10:36:48","date_gmt":"2021-05-18T08:36:48","guid":{"rendered":"https:\/\/hashtag.al\/?p=450936"},"modified":"2021-05-18T10:36:48","modified_gmt":"2021-05-18T08:36:48","slug":"meta-nuk-shkoi-ne-seance-degjimore-spartak-braho-presidenti-snjeh-legjitimitetin-e-parlamentit-ky-eshte-puc","status":"publish","type":"post","link":"https:\/\/www.hashtag.al\/index.php\/2021\/05\/18\/meta-nuk-shkoi-ne-seance-degjimore-spartak-braho-presidenti-snjeh-legjitimitetin-e-parlamentit-ky-eshte-puc\/","title":{"rendered":"Meta nuk shkoi n\u00eb seanc\u00eb d\u00ebgjimore, Spartak Braho: \u201cPresidenti s\u2019njeh legjitimitetin e Parlamentit? Ky \u00ebsht\u00eb pu\u00e7\u201d","gt_translate_keys":[{"key":"rendered","format":"text"}]},"content":{"rendered":"<p><a href=\"https:\/\/hashtag.al\/wp-content\/uploads\/2021\/05\/BRAHO.png\"><img loading=\"lazy\" decoding=\"async\" class=\"aligncenter size-full wp-image-450937\" src=\"https:\/\/hashtag.al\/wp-content\/uploads\/2021\/05\/BRAHO.png\" alt=\"\" width=\"768\" height=\"393\" srcset=\"https:\/\/www.hashtag.al\/wp-content\/uploads\/2021\/05\/BRAHO.png 768w, https:\/\/www.hashtag.al\/wp-content\/uploads\/2021\/05\/BRAHO-300x154.png 300w, https:\/\/www.hashtag.al\/wp-content\/uploads\/2021\/05\/BRAHO-568x290.png 568w\" sizes=\"auto, (max-width: 768px) 100vw, 768px\" \/><\/a><\/p>\n<p><span style=\"color: #000000;\">N\u00eb ambientet e Kryesis\u00eb s\u00eb Kuvendit \u00ebsht\u00eb zhvilluar mbledhja e radh\u00ebs e Komisionit Hetimor p\u00ebr shkarkimin e presidentit Ilir Meta.<\/span><\/p>\n<p><span style=\"color: #000000;\">N\u00eb k\u00ebt\u00eb mbledhje \u00ebsht\u00eb votuar q\u00eb Presidentit t\u00eb Republik\u00ebs t&#8217;i lihet nj\u00eb afat p\u00ebr t\u2019u paraqitur n\u00eb komision nga nes\u00ebr deri t\u00eb h\u00ebn\u00ebn e ardhshme q\u00eb t\u00eb vendos\u00eb dhe t\u00eb vij\u00eb kur t\u00eb doj\u00eb.<\/span><\/p>\n<p><span style=\"color: #000000;\"><em>\u201cPresidenti konteston legjitimitetin e Kuvendit, ngre pretendime procedurale lidhur me shkresat e Komisionit Hetimor. Ai thot\u00eb se n\u00eb dy rastet ku i \u00ebsht\u00eb k\u00ebrkuar thirrja p\u00ebr t\u2019u paraqitur n\u00eb seancat d\u00ebgjimore, ka qen\u00eb i angazhuar. Secili nga an\u00ebtar\u00ebt e komisionit, mund t\u00eb njihet me tekstin e plot\u00eb t\u00eb shkres\u00ebs dhe argumentet e presidentit. Un\u00eb propozoj, q\u00eb duke mund\u00ebsuar d\u00ebgjes\u00ebn e presidentit, me q\u00ebllim p\u00ebr t\u00eb d\u00ebgjuar edhe pal\u00ebn tjet\u00ebr q\u00eb \u00ebsht\u00eb le t\u00eb themi pala n\u00ebn hetim, sipas Kushtetut\u00ebs, rregullores s\u00eb Kuvendit, por edhe detyrim i k\u00ebtij komisioni p\u00ebr t\u00eb d\u00ebgjuar Presidentin, por edhe q\u00ebndrim dhe e drejt\u00eb nga ana e tij. <\/em><\/span><\/p>\n<p><span style=\"color: #000000;\"><em>Propozoj t\u2019i nisim nj\u00eb shkres\u00eb Presidentit, q\u00eb ne si komision, jemi t\u00eb hapur p\u00ebr ta d\u00ebgjuar nga e nes\u00ebrmja deri dit\u00ebn e h\u00ebn\u00eb. P\u00ebr ta d\u00ebgjuar, e t\u00eb shmangur alibit\u00eb. Nga data 19 maj deri t\u00eb h\u00ebn\u00ebn. Ne e kemi t\u00eb pamundur q\u00eb p\u00ebrtej dit\u00ebs s\u00eb h\u00ebn\u00eb, 24 maj, p\u00ebr t\u00eb zhvilluar veprimtarin\u00eb hetimore. <\/em><\/span><\/p>\n<p><span style=\"color: #000000;\"><em>Ne duhet t\u00eb mbyllim hetimet dhe t\u00eb kemi mund\u00ebsi p\u00ebr t\u00eb b\u00ebr\u00eb nj\u00eb krehje t\u00eb plot\u00eb p\u00ebr faktet, e p\u00ebr t\u00eb krijuar bindjen e plot\u00eb e m\u00eb tej p\u00ebr t\u00eb mund\u00ebsuar p\u00ebrgatitjen e raportit, koha do t\u00eb ishte e papranueshme, afati aktual do t\u00eb jet\u00eb dit\u00ebn e h\u00ebn\u00eb.<\/em>\u201d- tha kryetari i k\u00ebtij Komisioni, Alket Hyseni.<\/span><\/p>\n<p><span style=\"color: #000000;\">Nga ana tjet\u00ebr, an\u00ebtari i komisionit Spartak Braho, reagoi ndaj letr\u00ebs s\u00eb Presidentit Meta, i cili tha se n\u00ebse Meta nuk e njeh Parlamentin, kjo sipas tij konsiderohet nj\u00eb \u201cpu\u00e7\u201d.<\/span><\/p>\n<p><span style=\"color: #000000;\"><em>\u201cM\u00eb zuri veshi sikur that\u00eb nuk e njeh legjitimitetin e Kuvendit, ky \u00ebsht\u00eb puc. S\u2019njeh m\u00eb Republik\u00ebn parlamentare. K\u00ebshtu \u00ebsht\u00eb? Na e lexoni ju lutem edhe nj\u00ebher\u00eb, \u00e7far\u00eb thot\u00eb?\u201d<\/em>&#8211; tha Braho.<\/span><\/p>\n<p><span style=\"color: #000000;\">M\u00eb pas ai k\u00ebrkoi pes\u00eb minuta pushim, q\u00eb t\u00eb kishte koh\u00eb t\u00eb lexonte p\u00ebrgjigjen e presidentit Meta.<\/span><\/p>\n","protected":false,"gt_translate_keys":[{"key":"rendered","format":"html"}]},"excerpt":{"rendered":"<p>N\u00eb ambientet e Kryesis\u00eb s\u00eb Kuvendit \u00ebsht\u00eb zhvilluar mbledhja e radh\u00ebs e Komisionit Hetimor p\u00ebr shkarkimin e presidentit Ilir Meta. N\u00eb k\u00ebt\u00eb mbledhje \u00ebsht\u00eb votuar q\u00eb Presidentit t\u00eb Republik\u00ebs t&#8217;i lihet nj\u00eb afat p\u00ebr t\u2019u paraqitur n\u00eb komision nga nes\u00ebr deri t\u00eb h\u00ebn\u00ebn e ardhshme q\u00eb t\u00eb vendos\u00eb dhe t\u00eb vij\u00eb kur t\u00eb doj\u00eb. \u201cPresidenti [&hellip;]<\/p>\n","protected":false,"gt_translate_keys":[{"key":"rendered","format":"html"}]},"author":30,"featured_media":450937,"comment_status":"open","ping_status":"open","sticky":false,"template":"","format":"standard","meta":{"footnotes":""},"categories":[65,13],"tags":[],"class_list":["post-450936","post","type-post","status-publish","format-standard","has-post-thumbnail","hentry","category-lajme","category-te-fundit"],"gt_translate_keys":[{"key":"link","format":"url"}],"_links":{"self":[{"href":"https:\/\/www.hashtag.al\/index.php\/wp-json\/wp\/v2\/posts\/450936","targetHints":{"allow":["GET"]}}],"collection":[{"href":"https:\/\/www.hashtag.al\/index.php\/wp-json\/wp\/v2\/posts"}],"about":[{"href":"https:\/\/www.hashtag.al\/index.php\/wp-json\/wp\/v2\/types\/post"}],"author":[{"embeddable":true,"href":"https:\/\/www.hashtag.al\/index.php\/wp-json\/wp\/v2\/users\/30"}],"replies":[{"embeddable":true,"href":"https:\/\/www.hashtag.al\/index.php\/wp-json\/wp\/v2\/comments?post=450936"}],"version-history":[{"count":0,"href":"https:\/\/www.hashtag.al\/index.php\/wp-json\/wp\/v2\/posts\/450936\/revisions"}],"wp:featuredmedia":[{"embeddable":true,"href":"https:\/\/www.hashtag.al\/index.php\/wp-json\/wp\/v2\/media\/450937"}],"wp:attachment":[{"href":"https:\/\/www.hashtag.al\/index.php\/wp-json\/wp\/v2\/media?parent=450936"}],"wp:term":[{"taxonomy":"category","embeddable":true,"href":"https:\/\/www.hashtag.al\/index.php\/wp-json\/wp\/v2\/categories?post=450936"},{"taxonomy":"post_tag","embeddable":true,"href":"https:\/\/www.hashtag.al\/index.php\/wp-json\/wp\/v2\/tags?post=450936"}],"curies":[{"name":"wp","href":"https:\/\/api.w.org\/{rel}","templated":true}]}}