{"id":450842,"date":"2021-05-17T20:40:18","date_gmt":"2021-05-17T18:40:18","guid":{"rendered":"https:\/\/hashtag.al\/?p=450842"},"modified":"2021-05-17T20:40:18","modified_gmt":"2021-05-17T18:40:18","slug":"izraeli-vret-komandantin-e-larte-te-militanteve-te-gazas","status":"publish","type":"post","link":"https:\/\/www.hashtag.al\/index.php\/2021\/05\/17\/izraeli-vret-komandantin-e-larte-te-militanteve-te-gazas\/","title":{"rendered":"Izraeli vret komandantin e lart\u00eb t\u00eb militant\u00ebve t\u00eb Gazas","gt_translate_keys":[{"key":"rendered","format":"text"}]},"content":{"rendered":"<p><span style=\"color: #000000;\"><img loading=\"lazy\" decoding=\"async\" class=\"aligncenter size-full wp-image-450446\" src=\"https:\/\/hashtag.al\/wp-content\/uploads\/2021\/05\/GAZA.jpg\" alt=\"\" width=\"980\" height=\"551\" srcset=\"https:\/\/www.hashtag.al\/wp-content\/uploads\/2021\/05\/GAZA.jpg 980w, https:\/\/www.hashtag.al\/wp-content\/uploads\/2021\/05\/GAZA-300x169.jpg 300w, https:\/\/www.hashtag.al\/wp-content\/uploads\/2021\/05\/GAZA-768x432.jpg 768w\" sizes=\"auto, (max-width: 980px) 100vw, 980px\" \/><\/span><\/p>\n<p><span style=\"color: #000000;\">Izraeli tha se sulmet e tij ajrore kan\u00eb vrar\u00eb nj\u00eb komandant t\u00eb lart\u00eb t\u00eb militant\u00ebve palestinez\u00eb n\u00eb Gaza.<\/span><\/p>\n<p><span style=\"color: #000000;\">Hasem Abu Harbid, komandant i grupit militant Xhihadi Islamik n\u00eb veri t\u00eb Rripit t\u00eb Gaz\u00ebs, u vra t\u00eb h\u00ebn\u00ebn, tha ushtra izraelite.<\/span><\/p>\n<p><span style=\"color: #000000;\">Ushtria tha se ka kryer edhe disa sulme t\u00eb tjera t\u00eb r\u00ebnda n\u00eb Gaza, duke shkat\u00ebrruar 15 kilometra tunele, q\u00eb p\u00ebrdoreshin nga militant\u00ebt e Hamasit, si dhe sht\u00ebpit\u00eb e n\u00ebnt\u00eb komandant\u00ebve t\u00eb dyshuar t\u00eb Hamasit.<\/span><\/p>\n<p><span style=\"color: #000000;\">Militant\u00ebt palestinez\u00eb, nd\u00ebrkoh\u00eb, i vazhduan sulmet me raketa kund\u00ebr disa qyteteve izraelite.<\/span><\/p>\n<p><span style=\"color: #000000;\">Dhuna midis ushtris\u00eb izraelite dhe militant\u00ebve palestinez\u00eb \u00ebsht\u00eb p\u00ebrshkall\u00ebzuar q\u00eb nga 10 maji.<\/span><\/p>\n<p>&nbsp;<\/p>\n","protected":false,"gt_translate_keys":[{"key":"rendered","format":"html"}]},"excerpt":{"rendered":"<p>Izraeli tha se sulmet e tij ajrore kan\u00eb vrar\u00eb nj\u00eb komandant t\u00eb lart\u00eb t\u00eb militant\u00ebve palestinez\u00eb n\u00eb Gaza. Hasem Abu Harbid, komandant i grupit militant Xhihadi Islamik n\u00eb veri t\u00eb Rripit t\u00eb Gaz\u00ebs, u vra t\u00eb h\u00ebn\u00ebn, tha ushtra izraelite. Ushtria tha se ka kryer edhe disa sulme t\u00eb tjera t\u00eb r\u00ebnda n\u00eb Gaza, duke [&hellip;]<\/p>\n","protected":false,"gt_translate_keys":[{"key":"rendered","format":"html"}]},"author":32,"featured_media":450446,"comment_status":"open","ping_status":"open","sticky":false,"template":"","format":"standard","meta":{"footnotes":""},"categories":[6,13],"tags":[],"class_list":["post-450842","post","type-post","status-publish","format-standard","has-post-thumbnail","hentry","category-nderkombetare","category-te-fundit"],"gt_translate_keys":[{"key":"link","format":"url"}],"_links":{"self":[{"href":"https:\/\/www.hashtag.al\/index.php\/wp-json\/wp\/v2\/posts\/450842","targetHints":{"allow":["GET"]}}],"collection":[{"href":"https:\/\/www.hashtag.al\/index.php\/wp-json\/wp\/v2\/posts"}],"about":[{"href":"https:\/\/www.hashtag.al\/index.php\/wp-json\/wp\/v2\/types\/post"}],"author":[{"embeddable":true,"href":"https:\/\/www.hashtag.al\/index.php\/wp-json\/wp\/v2\/users\/32"}],"replies":[{"embeddable":true,"href":"https:\/\/www.hashtag.al\/index.php\/wp-json\/wp\/v2\/comments?post=450842"}],"version-history":[{"count":0,"href":"https:\/\/www.hashtag.al\/index.php\/wp-json\/wp\/v2\/posts\/450842\/revisions"}],"wp:featuredmedia":[{"embeddable":true,"href":"https:\/\/www.hashtag.al\/index.php\/wp-json\/wp\/v2\/media\/450446"}],"wp:attachment":[{"href":"https:\/\/www.hashtag.al\/index.php\/wp-json\/wp\/v2\/media?parent=450842"}],"wp:term":[{"taxonomy":"category","embeddable":true,"href":"https:\/\/www.hashtag.al\/index.php\/wp-json\/wp\/v2\/categories?post=450842"},{"taxonomy":"post_tag","embeddable":true,"href":"https:\/\/www.hashtag.al\/index.php\/wp-json\/wp\/v2\/tags?post=450842"}],"curies":[{"name":"wp","href":"https:\/\/api.w.org\/{rel}","templated":true}]}}