{"id":450522,"date":"2021-05-16T15:50:12","date_gmt":"2021-05-16T13:50:12","guid":{"rendered":"https:\/\/hashtag.al\/?p=450522"},"modified":"2021-05-16T15:52:01","modified_gmt":"2021-05-16T13:52:01","slug":"media-gjermane-publikon-non-paper-e-ri-kosova-pjese-e-serbise","status":"publish","type":"post","link":"https:\/\/www.hashtag.al\/index.php\/2021\/05\/16\/media-gjermane-publikon-non-paper-e-ri-kosova-pjese-e-serbise\/","title":{"rendered":"Media gjermane publikon \u201cnon-paper\u201d e ri: Kosova pjes\u00eb e Serbis\u00eb","gt_translate_keys":[{"key":"rendered","format":"text"}]},"content":{"rendered":"<p><a href=\"https:\/\/hashtag.al\/wp-content\/uploads\/2021\/05\/kosovo-srbija-granica.jpg\"><img loading=\"lazy\" decoding=\"async\" class=\"aligncenter size-full wp-image-450523\" src=\"https:\/\/hashtag.al\/wp-content\/uploads\/2021\/05\/kosovo-srbija-granica.jpg\" alt=\"\" width=\"500\" height=\"354\" srcset=\"https:\/\/www.hashtag.al\/wp-content\/uploads\/2021\/05\/kosovo-srbija-granica.jpg 500w, https:\/\/www.hashtag.al\/wp-content\/uploads\/2021\/05\/kosovo-srbija-granica-300x212.jpg 300w\" sizes=\"auto, (max-width: 500px) 100vw, 500px\" \/><\/a><\/p>\n<p><span style=\"color: #000000;\">Revista gjermane \u201cZUERST\u201d, shkruan se nj\u00eb \u201cNon-paper\u201d i ri po qarkullon lidhur me kufijt\u00eb e Kosov\u00ebs dhe Serbis\u00eb.<\/span><\/p>\n<p><span style=\"color: #000000;\">Sipas k\u00ebsaj <span style=\"color: #0000ff;\"><a style=\"color: #0000ff;\" href=\"https:\/\/zuerst.de\/2021\/05\/15\/zuerst-recherche-balkan-politik-der-sogenannten-non-papers\/\">reviste<\/a><\/span>, ky \u201cnon-paper\u201d-i ri p\u00ebrfshin nj\u00eb total prej 16 pikash dhe ku Kosova parashikohet si pjes\u00eb e Serbis\u00eb. Ky d<\/span><span style=\"color: #000000;\">okumenti sugjeron, q\u00eb 873 mij\u00eb shqiptar\u00ebt e Kosov\u00ebs <em>&#8220;duhet t\u00eb marrin shtet\u00ebsin\u00eb e Republik\u00ebs s\u00eb Serbis\u00eb&#8221;.<\/em><\/span><\/p>\n<p><span style=\"color: #000000;\">Revista gjermane e cila pretendon se disponon k\u00ebt\u00eb dokument jo-zyrtar, thot\u00eb q\u00eb kjo nuk shkel asnj\u00eb pik\u00eb t\u00eb Rezolut\u00ebs 1244 t\u00eb K\u00ebshillit t\u00eb Sigurimit t\u00eb OKB-s\u00eb t\u00eb 10 qershorit t\u00eb vitit 1999 .<\/span><\/p>\n<p><span style=\"color: #000000;\">N\u00eb k\u00ebt\u00eb \u201cNon-paper\u201d propozohet q\u00eb zgjedhjet e p\u00ebrbashk\u00ebta t\u00eb mbahen n\u00eb Kosov\u00eb dhe Serbi n\u00eb prill t\u00eb vitit t\u00eb ardhsh\u00ebm \u2013 <em>\u201cn\u00eb t\u00eb gjitha nivelet\u201d.<\/em><\/span><\/p>\n<p><span style=\"color: #000000;\"><em>\u201cGuvernatori i zgjedhur i Kosov\u00ebs duhet ta mbaj\u00eb gjithashtu detyr\u00ebn e n\u00ebnkryetarit t\u00eb parlamentit serb. Beogradi gjithashtu do t\u00eb garantonte nj\u00eb status t\u00eb ve\u00e7ant\u00eb p\u00ebr Kosov\u00ebn p\u00ebr 99 vjet. L\u00ebvizja e mallrave nd\u00ebrmjet Kosov\u00ebs dhe Serbis\u00eb duhet t\u00eb filloj\u00eb p\u00ebrs\u00ebri, siguria e kufirit p\u00ebr jasht\u00eb do t\u00eb merret nga Serbia dhe Kosova s\u00eb bashku. Ambasadori i serb n\u00eb Kombet e Bashkuara n\u00eb t\u00eb ardhmen do ta ket\u00eb nj\u00eb p\u00ebrfaq\u00ebsues t\u00eb qeveris\u00eb kosovare n\u00eb krah t\u00eb tij.\u201d<\/em>&#8211; vijon m\u00eb tej revista, e cila thot\u00eb se nuk e di autorin e k\u00ebtij dokumenti.<\/span><\/p>\n<p><span style=\"color: #000000;\">Ky dokument i ri \u00ebsht\u00eb thelb\u00ebsisht i ndrysh\u00ebm nga propozimet e m\u00ebparshme &#8211; dhe me t\u00eb v\u00ebrtet\u00eb mund t\u00eb ringjall\u00eb debate midis shqiptar\u00ebve t\u00eb Kosov\u00ebs. Ai e sheh Kosov\u00ebn si nj\u00eb provinc\u00eb t\u00eb Serbis\u00eb, por edhe propozimi i nj\u00eb lloj &#8220;<em>partneriteti<\/em>&#8221; midis Beogradit dhe Prishtin\u00ebs \u00ebsht\u00eb tani n\u00eb tryez\u00eb.<\/span><\/p>\n<p><span style=\"color: #000000;\">N\u00eb fund revista shton: <em>\u201cnj\u00eb marr\u00ebveshje paq\u00ebsore midis Serbis\u00eb dhe Kosov\u00ebs do t\u00eb n\u00ebnkuptoj\u00eb gjithashtu nj\u00eb gj\u00eb mbi t\u00eb gjitha: SHBA-t\u00eb t\u00eb t\u00ebrhiqen nga Ballkani.\u201d<\/em><\/span><\/p>\n","protected":false,"gt_translate_keys":[{"key":"rendered","format":"html"}]},"excerpt":{"rendered":"<p>Revista gjermane \u201cZUERST\u201d, shkruan se nj\u00eb \u201cNon-paper\u201d i ri po qarkullon lidhur me kufijt\u00eb e Kosov\u00ebs dhe Serbis\u00eb. Sipas k\u00ebsaj reviste, ky \u201cnon-paper\u201d-i ri p\u00ebrfshin nj\u00eb total prej 16 pikash dhe ku Kosova parashikohet si pjes\u00eb e Serbis\u00eb. Ky dokumenti sugjeron, q\u00eb 873 mij\u00eb shqiptar\u00ebt e Kosov\u00ebs &#8220;duhet t\u00eb marrin shtet\u00ebsin\u00eb e Republik\u00ebs s\u00eb Serbis\u00eb&#8221;. [&hellip;]<\/p>\n","protected":false,"gt_translate_keys":[{"key":"rendered","format":"html"}]},"author":30,"featured_media":450523,"comment_status":"open","ping_status":"open","sticky":false,"template":"","format":"standard","meta":{"footnotes":""},"categories":[22,149,13],"tags":[],"class_list":["post-450522","post","type-post","status-publish","format-standard","has-post-thumbnail","hentry","category-ballina","category-kosoverajon","category-te-fundit"],"gt_translate_keys":[{"key":"link","format":"url"}],"_links":{"self":[{"href":"https:\/\/www.hashtag.al\/index.php\/wp-json\/wp\/v2\/posts\/450522","targetHints":{"allow":["GET"]}}],"collection":[{"href":"https:\/\/www.hashtag.al\/index.php\/wp-json\/wp\/v2\/posts"}],"about":[{"href":"https:\/\/www.hashtag.al\/index.php\/wp-json\/wp\/v2\/types\/post"}],"author":[{"embeddable":true,"href":"https:\/\/www.hashtag.al\/index.php\/wp-json\/wp\/v2\/users\/30"}],"replies":[{"embeddable":true,"href":"https:\/\/www.hashtag.al\/index.php\/wp-json\/wp\/v2\/comments?post=450522"}],"version-history":[{"count":0,"href":"https:\/\/www.hashtag.al\/index.php\/wp-json\/wp\/v2\/posts\/450522\/revisions"}],"wp:featuredmedia":[{"embeddable":true,"href":"https:\/\/www.hashtag.al\/index.php\/wp-json\/wp\/v2\/media\/450523"}],"wp:attachment":[{"href":"https:\/\/www.hashtag.al\/index.php\/wp-json\/wp\/v2\/media?parent=450522"}],"wp:term":[{"taxonomy":"category","embeddable":true,"href":"https:\/\/www.hashtag.al\/index.php\/wp-json\/wp\/v2\/categories?post=450522"},{"taxonomy":"post_tag","embeddable":true,"href":"https:\/\/www.hashtag.al\/index.php\/wp-json\/wp\/v2\/tags?post=450522"}],"curies":[{"name":"wp","href":"https:\/\/api.w.org\/{rel}","templated":true}]}}