{"id":450309,"date":"2021-05-15T12:45:06","date_gmt":"2021-05-15T10:45:06","guid":{"rendered":"https:\/\/hashtag.al\/?p=450309"},"modified":"2021-05-15T12:45:06","modified_gmt":"2021-05-15T10:45:06","slug":"kas-hedh-poshte-kerkesat-e-opozites-per-zgjedhjet-nuk-pranon-marrjen-e-provave-nga-institucionet-e-tjera","status":"publish","type":"post","link":"https:\/\/www.hashtag.al\/index.php\/2021\/05\/15\/kas-hedh-poshte-kerkesat-e-opozites-per-zgjedhjet-nuk-pranon-marrjen-e-provave-nga-institucionet-e-tjera\/","title":{"rendered":"KAS hedh posht\u00eb k\u00ebrkesat e opozit\u00ebs p\u00ebr zgjedhjet, nuk pranon marrjen e provave nga institucionet e tjera","gt_translate_keys":[{"key":"rendered","format":"text"}]},"content":{"rendered":"<div id=\"attachment_450310\" style=\"width: 2058px\" class=\"wp-caption aligncenter\"><img loading=\"lazy\" decoding=\"async\" aria-describedby=\"caption-attachment-450310\" class=\"wp-image-450310 size-full\" src=\"https:\/\/hashtag.al\/wp-content\/uploads\/2021\/05\/kas.jpg\" alt=\"\" width=\"2048\" height=\"1365\" srcset=\"https:\/\/www.hashtag.al\/wp-content\/uploads\/2021\/05\/kas.jpg 2048w, https:\/\/www.hashtag.al\/wp-content\/uploads\/2021\/05\/kas-300x200.jpg 300w, https:\/\/www.hashtag.al\/wp-content\/uploads\/2021\/05\/kas-768x512.jpg 768w, https:\/\/www.hashtag.al\/wp-content\/uploads\/2021\/05\/kas-1024x683.jpg 1024w\" sizes=\"auto, (max-width: 2048px) 100vw, 2048px\" \/><p id=\"caption-attachment-450310\" class=\"wp-caption-text\">An\u00ebtar\u00ebt e Komisionit t\u00eb Ankesave dhe sanksioneve (KAS) gjat\u00eb shqyrtimit t\u00eb ankesave p\u00ebr procesin zgjedhor<\/p><\/div>\n<p><span style=\"color: #000000;\">Komisioni i Sanksioneve dhe Ankesave me nj\u00eb vendim rr\u00ebzimin e k\u00ebrkesave t\u00eb PD-AN dhe LSI p\u00ebr marrjen e provave nga institucionet dhe entet e tjera publike.<\/span><\/p>\n<p><span style=\"color: #000000;\">P\u00ebrfaq\u00ebsuesit e PD-s\u00eb pretenduan gjat\u00eb debatit n\u00eb mbledhjen e KAS p\u00ebr shqyrtimin e ankes\u00ebs se nuk jan\u00eb marr\u00eb n\u00eb administrim prova q\u00eb evidentojn\u00eb blerjen e vot\u00ebs n\u00eb qarkun e Beratit.<\/span><\/p>\n<p><span style=\"color: #000000;\">An\u00ebtari i KAS, Ilir Rusmajli, k\u00ebrkoi prova konkrete t\u00eb dor\u00ebzoheshin n\u00eb k\u00ebt\u00eb institucion t\u00eb shqyrtimit t\u00eb ankesave mbi procesin zgjedhor. Nd\u00ebrsa nga ana tjet\u00ebr p\u00ebrfaq\u00ebsuesi ligjor i PD-s\u00eb Marash Logu insistonte q\u00eb KAS t\u00eb b\u00ebnte transparenc\u00eb dhe t\u00eb administronte prova nga denoncimet penale t\u00eb b\u00ebra nga opozita n\u00eb SPAK.<\/span><\/p>\n<div id=\"attachment_450311\" style=\"width: 2058px\" class=\"wp-caption aligncenter\"><img loading=\"lazy\" decoding=\"async\" aria-describedby=\"caption-attachment-450311\" class=\"size-full wp-image-450311\" src=\"https:\/\/hashtag.al\/wp-content\/uploads\/2021\/05\/IMG_7427-2048x1365.jpg\" alt=\"\" width=\"2048\" height=\"1365\" \/><p id=\"caption-attachment-450311\" class=\"wp-caption-text\">P\u00ebrfaq\u00ebsuesit ligjor\u00eb t\u00eb PD-s\u00eb gjat\u00eb mbledhjes n\u00eb KAS<\/p><\/div>\n<p><span style=\"color: #000000;\">Por pas k\u00ebsaj mbledhje <span style=\"color: #0000ff;\"><strong><a style=\"color: #0000ff;\" href=\"http:\/\/kqz.gov.al\/2021\/05\/12\/kas-shqyrtoi-tre-kerkesat-ankimore-mbi-rezultatet-e-votimit-ne-qarkun-gjirokaster\/\">KAS vendosi<\/a> <\/strong><\/span>q\u00eb t\u00eb mos administroj\u00eb prova nga institucionet e tjera me pretendimin se nuk ka prova t\u00eb mjaftueshme q\u00eb t\u00eb b\u00ebj\u00eb administrimin materialeve q\u00eb mund t\u00eb zbardhin pretendimet e opozit\u00ebs.<\/span><\/p>\n<p><span style=\"color: #000000;\">Pas mbledhjes Ivi Kaso nga PD-ja e ka quajtur k\u00ebt\u00eb vendim n\u00eb d\u00ebm t\u00eb opozit\u00ebs dhe se KQZ-ja nuk po b\u00ebn transparenc\u00eb.<\/span><\/p>\n<p><span style=\"color: #000000;\"><em>KQZ ka detyrimin t\u00eb administroj\u00eb \u00e7do q\u00eb gj\u00eb q\u00eb pal\u00ebt garuese n\u00eb proces zgjedhor dhe ankimuese, nuk kan\u00eb patur mund\u00ebsi ta sigurojn\u00eb dot vet\u00eb. PD gjith\u00e7ka q\u00eb ka pretenduar e ka t\u00eb provuar dhe provat i ka t\u00eb depozituara n\u00eb KAS, nj\u00eb pjes\u00eb e t\u00eb cilave jan\u00eb b\u00ebr\u00eb publike.<\/em><\/span><\/p>\n<p><span style=\"color: #000000;\"><em>Ne kemi pretenduar q\u00eb dimensioni i plot\u00eb i gjith\u00e7kaje q\u00eb ka ndodhur do t\u00eb publikohet dhe do t\u00eb vij\u00eb n\u00eb v\u00ebmendjen e publikut n\u00eb tryez\u00ebn e KQZ vet\u00ebm pasi t\u00eb administrohet i gjith\u00eb dokumentacioni q\u00eb ata refuzojn\u00eb q\u00eb ta ndajn\u00eb me PD, mediat dhe aktor\u00eb t\u00eb tret\u00eb. Pritshm\u00ebria jon\u00eb p\u00ebr KAS \u00ebsht\u00eb q\u00eb ata t\u00eb zbatojn\u00eb ligjin<\/em>\u201c-tha ai.<\/span><\/p>\n<p><span style=\"color: #000000;\">Nd\u00ebrsa p\u00ebr qarkun e Beratit dit\u00ebn e sotme KAS vendosi vet\u00ebm t\u00eb marr\u00eb materiale dhe prova t\u00eb tjera p\u00ebr 24 qendrat e votimit n\u00eb k\u00ebt\u00eb qark n\u00eb t\u00eb cilin LSI-ja pretendon se ka humbur nj\u00eb deputet p\u00ebr m\u00eb pak se 100 vota.<\/span><\/p>\n<p><span style=\"color: #000000;\">KAS vendosi q\u00eb dit\u00ebn e h\u00ebn\u00eb t\u00eb shqyrtoj\u00eb k\u00ebt\u00eb qark pas hapjes s\u00eb kutive me materiale zgjedhore dhe t\u00eb dh\u00ebna nga procesverbalet p\u00ebr qarkun e Beratit.\/ <strong>Hashtag.al<\/strong><\/span><\/p>\n","protected":false,"gt_translate_keys":[{"key":"rendered","format":"html"}]},"excerpt":{"rendered":"<p>Komisioni i Sanksioneve dhe Ankesave me nj\u00eb vendim rr\u00ebzimin e k\u00ebrkesave t\u00eb PD-AN dhe LSI p\u00ebr marrjen e provave nga institucionet dhe entet e tjera publike. P\u00ebrfaq\u00ebsuesit e PD-s\u00eb pretenduan gjat\u00eb debatit n\u00eb mbledhjen e KAS p\u00ebr shqyrtimin e ankes\u00ebs se nuk jan\u00eb marr\u00eb n\u00eb administrim prova q\u00eb evidentojn\u00eb blerjen e vot\u00ebs n\u00eb qarkun e [&hellip;]<\/p>\n","protected":false,"gt_translate_keys":[{"key":"rendered","format":"html"}]},"author":32,"featured_media":450310,"comment_status":"open","ping_status":"open","sticky":false,"template":"","format":"standard","meta":{"footnotes":""},"categories":[22,13],"tags":[],"class_list":["post-450309","post","type-post","status-publish","format-standard","has-post-thumbnail","hentry","category-ballina","category-te-fundit"],"gt_translate_keys":[{"key":"link","format":"url"}],"_links":{"self":[{"href":"https:\/\/www.hashtag.al\/index.php\/wp-json\/wp\/v2\/posts\/450309","targetHints":{"allow":["GET"]}}],"collection":[{"href":"https:\/\/www.hashtag.al\/index.php\/wp-json\/wp\/v2\/posts"}],"about":[{"href":"https:\/\/www.hashtag.al\/index.php\/wp-json\/wp\/v2\/types\/post"}],"author":[{"embeddable":true,"href":"https:\/\/www.hashtag.al\/index.php\/wp-json\/wp\/v2\/users\/32"}],"replies":[{"embeddable":true,"href":"https:\/\/www.hashtag.al\/index.php\/wp-json\/wp\/v2\/comments?post=450309"}],"version-history":[{"count":0,"href":"https:\/\/www.hashtag.al\/index.php\/wp-json\/wp\/v2\/posts\/450309\/revisions"}],"wp:featuredmedia":[{"embeddable":true,"href":"https:\/\/www.hashtag.al\/index.php\/wp-json\/wp\/v2\/media\/450310"}],"wp:attachment":[{"href":"https:\/\/www.hashtag.al\/index.php\/wp-json\/wp\/v2\/media?parent=450309"}],"wp:term":[{"taxonomy":"category","embeddable":true,"href":"https:\/\/www.hashtag.al\/index.php\/wp-json\/wp\/v2\/categories?post=450309"},{"taxonomy":"post_tag","embeddable":true,"href":"https:\/\/www.hashtag.al\/index.php\/wp-json\/wp\/v2\/tags?post=450309"}],"curies":[{"name":"wp","href":"https:\/\/api.w.org\/{rel}","templated":true}]}}