{"id":450241,"date":"2021-05-14T20:07:12","date_gmt":"2021-05-14T18:07:12","guid":{"rendered":"https:\/\/hashtag.al\/?p=450241"},"modified":"2021-05-14T20:07:51","modified_gmt":"2021-05-14T18:07:51","slug":"ps-perserit-ftesen-per-pd-balla-eshte-e-sinqerte-bashkepunimi-na-duhet-per-integrimin-ne-be","status":"publish","type":"post","link":"https:\/\/www.hashtag.al\/index.php\/2021\/05\/14\/ps-perserit-ftesen-per-pd-balla-eshte-e-sinqerte-bashkepunimi-na-duhet-per-integrimin-ne-be\/","title":{"rendered":"PS p\u00ebrs\u00ebrit ftes\u00ebn p\u00ebr PD, Balla: \u00cbsht\u00eb e sinqert\u00eb, bashk\u00ebpunimi na duhet p\u00ebr integrimin n\u00eb BE","gt_translate_keys":[{"key":"rendered","format":"text"}]},"content":{"rendered":"<p><span style=\"color: #000000;\"><img loading=\"lazy\" decoding=\"async\" class=\"aligncenter size-full wp-image-450242\" src=\"https:\/\/hashtag.al\/wp-content\/uploads\/2021\/05\/taulantballa.jpg\" alt=\"\" width=\"1026\" height=\"503\" srcset=\"https:\/\/www.hashtag.al\/wp-content\/uploads\/2021\/05\/taulantballa.jpg 1026w, https:\/\/www.hashtag.al\/wp-content\/uploads\/2021\/05\/taulantballa-300x147.jpg 300w, https:\/\/www.hashtag.al\/wp-content\/uploads\/2021\/05\/taulantballa-768x377.jpg 768w, https:\/\/www.hashtag.al\/wp-content\/uploads\/2021\/05\/taulantballa-1024x503.jpg 1024w\" sizes=\"auto, (max-width: 1026px) 100vw, 1026px\" \/><\/span><\/p>\n<p><span style=\"color: #000000;\">Partia Socialiste ka p\u00ebrs\u00ebritur ftes\u00ebn e saj p\u00ebr bashk\u00ebpunim me PD-n\u00eb duke theksuar se kjo \u00ebsht\u00eb tejet e r\u00ebnd\u00ebsishme p\u00ebr procesin e integrimit n\u00eb BE. <\/span><\/p>\n<p><span style=\"color: #000000;\">Sekretari i P\u00ebrgjithsh\u00ebm i PS-s\u00eb, Balla, tha se ftesa ishte e sinqert\u00eb dhe bazohej n\u00eb interesa madhore.<\/span><\/p>\n<p><span style=\"color: #000000;\"><em>\u201cReformat q\u00eb do t\u00eb k\u00ebrkoj\u00eb kjo faz\u00eb e fundit p\u00ebr an\u00ebtar\u00ebsimin e Shqip\u00ebris\u00eb, nisja e bisedimeve t\u00eb an\u00ebtar\u00ebsimit, n\u00eb k\u00ebt\u00eb kuad\u00ebr ftesa p\u00ebr t\u00eb bashk\u00ebpunuar me opozit\u00ebn \u00ebsht\u00eb e sinqert\u00eb q\u00eb bazohet n\u00eb interesa madhore t\u00eb vendit dhe kontributi i \u00e7do faktori vendimmarr\u00ebs dhe p\u00ebrfaq\u00ebsues dhe sidomos kontributi i PD duhet t\u00eb b\u00ebhet pjes\u00eb e k\u00ebsaj aspirate dhe k\u00ebtij procesi.\u201d &#8211; <\/em>tha Balla.<\/span><\/p>\n<p><span style=\"color: #000000;\">Ai shtoi se pret q\u00eb PD ta pranoj\u00eb k\u00ebt\u00eb ftes\u00eb pas p\u00ebrfundimit t\u00eb zgjedhjeve t\u00eb brendshme t\u00eb njoftuara p\u00ebr n\u00eb korrik t\u00eb k\u00ebtij viti.<\/span><\/p>\n<p><span style=\"color: #000000;\"><em>\u201cPas k\u00ebtyre momenteve t\u00eb p\u00ebrzgjedhjes dhe rikonfirmimit t\u00eb lidershipit t\u00eb PD, n\u00eb ato proceset e brendshme t\u00eb tyre, do t\u00eb kemi mund\u00ebsi n\u00eb shtator q\u00eb t\u00eb identifikojm\u00eb se cilat jan\u00eb \u00e7\u00ebshtjet q\u00eb ne e kemi t\u00eb nevojshme bashk\u00ebpunimin me nj\u00ebri-tjetrin.\u201d \u2013<\/em> shtoi Balla.<\/span><\/p>\n","protected":false,"gt_translate_keys":[{"key":"rendered","format":"html"}]},"excerpt":{"rendered":"<p>Partia Socialiste ka p\u00ebrs\u00ebritur ftes\u00ebn e saj p\u00ebr bashk\u00ebpunim me PD-n\u00eb duke theksuar se kjo \u00ebsht\u00eb tejet e r\u00ebnd\u00ebsishme p\u00ebr procesin e integrimit n\u00eb BE. Sekretari i P\u00ebrgjithsh\u00ebm i PS-s\u00eb, Balla, tha se ftesa ishte e sinqert\u00eb dhe bazohej n\u00eb interesa madhore. \u201cReformat q\u00eb do t\u00eb k\u00ebrkoj\u00eb kjo faz\u00eb e fundit p\u00ebr an\u00ebtar\u00ebsimin e Shqip\u00ebris\u00eb, [&hellip;]<\/p>\n","protected":false,"gt_translate_keys":[{"key":"rendered","format":"html"}]},"author":51,"featured_media":450242,"comment_status":"open","ping_status":"open","sticky":false,"template":"","format":"standard","meta":{"footnotes":""},"categories":[65,13],"tags":[],"class_list":["post-450241","post","type-post","status-publish","format-standard","has-post-thumbnail","hentry","category-lajme","category-te-fundit"],"gt_translate_keys":[{"key":"link","format":"url"}],"_links":{"self":[{"href":"https:\/\/www.hashtag.al\/index.php\/wp-json\/wp\/v2\/posts\/450241","targetHints":{"allow":["GET"]}}],"collection":[{"href":"https:\/\/www.hashtag.al\/index.php\/wp-json\/wp\/v2\/posts"}],"about":[{"href":"https:\/\/www.hashtag.al\/index.php\/wp-json\/wp\/v2\/types\/post"}],"author":[{"embeddable":true,"href":"https:\/\/www.hashtag.al\/index.php\/wp-json\/wp\/v2\/users\/51"}],"replies":[{"embeddable":true,"href":"https:\/\/www.hashtag.al\/index.php\/wp-json\/wp\/v2\/comments?post=450241"}],"version-history":[{"count":0,"href":"https:\/\/www.hashtag.al\/index.php\/wp-json\/wp\/v2\/posts\/450241\/revisions"}],"wp:featuredmedia":[{"embeddable":true,"href":"https:\/\/www.hashtag.al\/index.php\/wp-json\/wp\/v2\/media\/450242"}],"wp:attachment":[{"href":"https:\/\/www.hashtag.al\/index.php\/wp-json\/wp\/v2\/media?parent=450241"}],"wp:term":[{"taxonomy":"category","embeddable":true,"href":"https:\/\/www.hashtag.al\/index.php\/wp-json\/wp\/v2\/categories?post=450241"},{"taxonomy":"post_tag","embeddable":true,"href":"https:\/\/www.hashtag.al\/index.php\/wp-json\/wp\/v2\/tags?post=450241"}],"curies":[{"name":"wp","href":"https:\/\/api.w.org\/{rel}","templated":true}]}}