{"id":450062,"date":"2021-05-14T09:42:23","date_gmt":"2021-05-14T07:42:23","guid":{"rendered":"https:\/\/hashtag.al\/?p=450062"},"modified":"2021-05-14T09:42:23","modified_gmt":"2021-05-14T07:42:23","slug":"ngacmoi-seksualisht-nje-vajze-te-mitur-arrestohet-56-vjecari-ne-vlore","status":"publish","type":"post","link":"https:\/\/www.hashtag.al\/index.php\/2021\/05\/14\/ngacmoi-seksualisht-nje-vajze-te-mitur-arrestohet-56-vjecari-ne-vlore\/","title":{"rendered":"Ngacmoi seksualisht nj\u00eb vajz\u00eb t\u00eb mitur, arrestohet 56-vje\u00e7ari n\u00eb Vlor\u00eb","gt_translate_keys":[{"key":"rendered","format":"text"}]},"content":{"rendered":"<p><a href=\"https:\/\/hashtag.al\/wp-content\/uploads\/2020\/06\/abuzim-seksual-ngacmim.jpg\"><img loading=\"lazy\" decoding=\"async\" class=\"aligncenter size-full wp-image-382299\" src=\"https:\/\/hashtag.al\/wp-content\/uploads\/2020\/06\/abuzim-seksual-ngacmim.jpg\" alt=\"\" width=\"640\" height=\"355\" srcset=\"https:\/\/www.hashtag.al\/wp-content\/uploads\/2020\/06\/abuzim-seksual-ngacmim.jpg 640w, https:\/\/www.hashtag.al\/wp-content\/uploads\/2020\/06\/abuzim-seksual-ngacmim-300x166.jpg 300w\" sizes=\"auto, (max-width: 640px) 100vw, 640px\" \/><\/a><\/p>\n<p><span style=\"color: #000000;\">Nj\u00eb 56-vje\u00e7ar \u00ebsht\u00eb arrestuar n\u00eb Vlor\u00eb, pasi akuzohet se ka ngacmuar seksualisht nj\u00eb vajz\u00eb t\u00eb mitur.<\/span><\/p>\n<p><span style=\"color: #000000;\">Denoncimi n\u00eb polici \u00ebsht\u00eb b\u00ebr\u00eb nga vet\u00eb vajza 14-vje\u00e7are dhe m\u00eb pas policia ka vepruar duke b\u00ebr\u00eb prangosjen e tij.<\/span><\/p>\n<p><span style=\"color: #000000;\"><em>\u201cNga specialist\u00ebt p\u00ebr Hetimin e Krimeve n\u00eb Komisariatin e Policis\u00eb Vlor\u00eb u b\u00eb arrestimi n\u00eb flagranc\u00eb i shtetasit T. Z., 56 vje\u00e7, banues n\u00eb Vlor\u00eb, pasi ka b\u00ebr\u00eb kall\u00ebzim nj\u00eb shtetase e mitur 14 vje\u00e7e se ky shtetas e ka ngacmuar seksualisht.\u201d-<\/em> thuhet n\u00eb njoftimin e policis\u00eb.<\/span><\/p>\n","protected":false,"gt_translate_keys":[{"key":"rendered","format":"html"}]},"excerpt":{"rendered":"<p>Nj\u00eb 56-vje\u00e7ar \u00ebsht\u00eb arrestuar n\u00eb Vlor\u00eb, pasi akuzohet se ka ngacmuar seksualisht nj\u00eb vajz\u00eb t\u00eb mitur. Denoncimi n\u00eb polici \u00ebsht\u00eb b\u00ebr\u00eb nga vet\u00eb vajza 14-vje\u00e7are dhe m\u00eb pas policia ka vepruar duke b\u00ebr\u00eb prangosjen e tij. \u201cNga specialist\u00ebt p\u00ebr Hetimin e Krimeve n\u00eb Komisariatin e Policis\u00eb Vlor\u00eb u b\u00eb arrestimi n\u00eb flagranc\u00eb i shtetasit T. [&hellip;]<\/p>\n","protected":false,"gt_translate_keys":[{"key":"rendered","format":"html"}]},"author":30,"featured_media":382299,"comment_status":"open","ping_status":"open","sticky":false,"template":"","format":"standard","meta":{"footnotes":""},"categories":[65,13],"tags":[],"class_list":["post-450062","post","type-post","status-publish","format-standard","has-post-thumbnail","hentry","category-lajme","category-te-fundit"],"gt_translate_keys":[{"key":"link","format":"url"}],"_links":{"self":[{"href":"https:\/\/www.hashtag.al\/index.php\/wp-json\/wp\/v2\/posts\/450062","targetHints":{"allow":["GET"]}}],"collection":[{"href":"https:\/\/www.hashtag.al\/index.php\/wp-json\/wp\/v2\/posts"}],"about":[{"href":"https:\/\/www.hashtag.al\/index.php\/wp-json\/wp\/v2\/types\/post"}],"author":[{"embeddable":true,"href":"https:\/\/www.hashtag.al\/index.php\/wp-json\/wp\/v2\/users\/30"}],"replies":[{"embeddable":true,"href":"https:\/\/www.hashtag.al\/index.php\/wp-json\/wp\/v2\/comments?post=450062"}],"version-history":[{"count":0,"href":"https:\/\/www.hashtag.al\/index.php\/wp-json\/wp\/v2\/posts\/450062\/revisions"}],"wp:featuredmedia":[{"embeddable":true,"href":"https:\/\/www.hashtag.al\/index.php\/wp-json\/wp\/v2\/media\/382299"}],"wp:attachment":[{"href":"https:\/\/www.hashtag.al\/index.php\/wp-json\/wp\/v2\/media?parent=450062"}],"wp:term":[{"taxonomy":"category","embeddable":true,"href":"https:\/\/www.hashtag.al\/index.php\/wp-json\/wp\/v2\/categories?post=450062"},{"taxonomy":"post_tag","embeddable":true,"href":"https:\/\/www.hashtag.al\/index.php\/wp-json\/wp\/v2\/tags?post=450062"}],"curies":[{"name":"wp","href":"https:\/\/api.w.org\/{rel}","templated":true}]}}