{"id":449924,"date":"2021-05-13T13:11:41","date_gmt":"2021-05-13T11:11:41","guid":{"rendered":"https:\/\/hashtag.al\/?p=449924"},"modified":"2021-05-13T13:11:41","modified_gmt":"2021-05-13T11:11:41","slug":"drejtoria-e-arkivave-nxjerr-foton-falja-e-namazit-ne-sheshin-e-namazgjase-ne-1925-en","status":"publish","type":"post","link":"https:\/\/www.hashtag.al\/index.php\/2021\/05\/13\/drejtoria-e-arkivave-nxjerr-foton-falja-e-namazit-ne-sheshin-e-namazgjase-ne-1925-en\/","title":{"rendered":"Drejtoria e Arkivave nxjerr foton: Falja e Namazit n\u00eb sheshin e Namazgjas\u00eb n\u00eb 1925-\u00ebn","gt_translate_keys":[{"key":"rendered","format":"text"}]},"content":{"rendered":"<p><a href=\"https:\/\/hashtag.al\/wp-content\/uploads\/2021\/05\/namazi.jpg\"><img loading=\"lazy\" decoding=\"async\" class=\"aligncenter size-full wp-image-449925\" src=\"https:\/\/hashtag.al\/wp-content\/uploads\/2021\/05\/namazi.jpg\" alt=\"\" width=\"1080\" height=\"674\" srcset=\"https:\/\/www.hashtag.al\/wp-content\/uploads\/2021\/05\/namazi.jpg 1080w, https:\/\/www.hashtag.al\/wp-content\/uploads\/2021\/05\/namazi-300x187.jpg 300w, https:\/\/www.hashtag.al\/wp-content\/uploads\/2021\/05\/namazi-768x479.jpg 768w, https:\/\/www.hashtag.al\/wp-content\/uploads\/2021\/05\/namazi-1024x640.jpg 1024w\" sizes=\"auto, (max-width: 1080px) 100vw, 1080px\" \/><\/a><\/p>\n<p><span style=\"color: #000000;\">Drejtoria e P\u00ebrgjithshme e Arkivave ka publikuar sot me rastin e Fit\u00ebr Bajramit, nj\u00eb fotografi nga falja e Namazit n\u00eb vitin 1925.<\/span><\/p>\n<p><span style=\"color: #000000;\">\u00a0<em>\u201cKjo \u00ebsht\u00eb nj\u00eb fotografi e vitit 1925 nga falja e Bajramit n\u00eb sheshin e Namazgjas\u00eb n\u00eb Tiran\u00eb.<\/em><\/span><\/p>\n<p><span style=\"color: #000000;\"><em>P\u00ebrmes k\u00ebtyre momenteve me r\u00ebnd\u00ebsi p\u00ebr kujtes\u00ebn ton\u00eb komb\u00ebtare q\u00eb ruhen n\u00eb Fototek\u00ebn e AQSH-s\u00eb, JU UROJM\u00cb: <\/em><\/span><\/p>\n<p><span style=\"color: #000000;\"><em>G\u00ebzuar FIT\u00cbR BAJRAMIN t\u00eb gjith\u00eb besimtar\u00ebve musliman\u00eb!<\/em><\/span><\/p>\n<p><span style=\"color: #000000;\"><em>Paqe, g\u00ebzim dhe lumturi n\u00eb familjet tuaja!<\/em><\/span><\/p>\n<p><span style=\"color: #000000;\"><em>Arkivat FRYM\u00cbZOJN\u00cb!<\/em><\/span><\/p>\n<p><span style=\"color: #000000;\"><em>Arkivar KUJTOJN\u00cb!<\/em>\u201d- shkruan Drejtoria e P\u00ebrgjithshme e Arkivave.<\/span><\/p>\n<p><span style=\"color: #000000;\">Pas nj\u00eb muaji agj\u00ebrim, besimtar\u00ebt mysliman\u00eb n\u00eb Tiran\u00eb jan\u00eb mbledhur sot bashk\u00eb p\u00ebr faljen e Namazit n\u00eb sheshin \u201cSk\u00ebnderbej\u201d, n\u00eb nj\u00eb ceremoni q\u00eb nisi nisi rreth or\u00ebs or\u00ebn 05:40 dhe zgjati pak m\u00eb shum\u00eb se 40 minuta.<\/span><\/p>\n<p><span style=\"color: #000000;\">Kujtojm\u00eb se vitin e kaluar, falja e Namazit u b\u00eb n\u00ebp\u00ebr xhami p\u00ebr shkak t\u00eb rregullave t\u00eb pandemis\u00eb s\u00eb Covid-19, por me leht\u00ebsimin e tyre u lejuan t\u00eb fallen n\u00eb Shesh.<\/span><\/p>\n<p><span style=\"color: #000000;\">Ceremonia filloi me leximin e Kuranit prej imamit t\u00eb xhamis\u00eb s\u00eb Ethem Beut dhe vazhdoi me ligj\u00ebrata, faljen e namazit dhe hytbe.<\/span><\/p>\n","protected":false,"gt_translate_keys":[{"key":"rendered","format":"html"}]},"excerpt":{"rendered":"<p>Drejtoria e P\u00ebrgjithshme e Arkivave ka publikuar sot me rastin e Fit\u00ebr Bajramit, nj\u00eb fotografi nga falja e Namazit n\u00eb vitin 1925. \u00a0\u201cKjo \u00ebsht\u00eb nj\u00eb fotografi e vitit 1925 nga falja e Bajramit n\u00eb sheshin e Namazgjas\u00eb n\u00eb Tiran\u00eb. P\u00ebrmes k\u00ebtyre momenteve me r\u00ebnd\u00ebsi p\u00ebr kujtes\u00ebn ton\u00eb komb\u00ebtare q\u00eb ruhen n\u00eb Fototek\u00ebn e AQSH-s\u00eb, JU [&hellip;]<\/p>\n","protected":false,"gt_translate_keys":[{"key":"rendered","format":"html"}]},"author":30,"featured_media":449925,"comment_status":"open","ping_status":"open","sticky":false,"template":"","format":"standard","meta":{"footnotes":""},"categories":[65],"tags":[],"class_list":["post-449924","post","type-post","status-publish","format-standard","has-post-thumbnail","hentry","category-lajme"],"gt_translate_keys":[{"key":"link","format":"url"}],"_links":{"self":[{"href":"https:\/\/www.hashtag.al\/index.php\/wp-json\/wp\/v2\/posts\/449924","targetHints":{"allow":["GET"]}}],"collection":[{"href":"https:\/\/www.hashtag.al\/index.php\/wp-json\/wp\/v2\/posts"}],"about":[{"href":"https:\/\/www.hashtag.al\/index.php\/wp-json\/wp\/v2\/types\/post"}],"author":[{"embeddable":true,"href":"https:\/\/www.hashtag.al\/index.php\/wp-json\/wp\/v2\/users\/30"}],"replies":[{"embeddable":true,"href":"https:\/\/www.hashtag.al\/index.php\/wp-json\/wp\/v2\/comments?post=449924"}],"version-history":[{"count":0,"href":"https:\/\/www.hashtag.al\/index.php\/wp-json\/wp\/v2\/posts\/449924\/revisions"}],"wp:featuredmedia":[{"embeddable":true,"href":"https:\/\/www.hashtag.al\/index.php\/wp-json\/wp\/v2\/media\/449925"}],"wp:attachment":[{"href":"https:\/\/www.hashtag.al\/index.php\/wp-json\/wp\/v2\/media?parent=449924"}],"wp:term":[{"taxonomy":"category","embeddable":true,"href":"https:\/\/www.hashtag.al\/index.php\/wp-json\/wp\/v2\/categories?post=449924"},{"taxonomy":"post_tag","embeddable":true,"href":"https:\/\/www.hashtag.al\/index.php\/wp-json\/wp\/v2\/tags?post=449924"}],"curies":[{"name":"wp","href":"https:\/\/api.w.org\/{rel}","templated":true}]}}