{"id":449688,"date":"2021-05-12T12:21:43","date_gmt":"2021-05-12T10:21:43","guid":{"rendered":"https:\/\/hashtag.al\/?p=449688"},"modified":"2021-05-12T12:21:43","modified_gmt":"2021-05-12T10:21:43","slug":"kercenoi-te-hidhej-nga-skelat-e-muzeut-qytetari-po-me-cenojne-me-konkurrence-te-padrejte-policia-e-tropojes-me-ben-presion","status":"publish","type":"post","link":"https:\/\/www.hashtag.al\/index.php\/2021\/05\/12\/kercenoi-te-hidhej-nga-skelat-e-muzeut-qytetari-po-me-cenojne-me-konkurrence-te-padrejte-policia-e-tropojes-me-ben-presion\/","title":{"rendered":"K\u00ebrc\u00ebnoi t\u00eb hidhej nga skelat e Muzeut, qytetari: Po m\u00eb cenojn\u00eb me konkurrenc\u00eb t\u00eb padrejt\u00eb, policia e Tropoj\u00ebs m\u00eb b\u00ebn presion","gt_translate_keys":[{"key":"rendered","format":"text"}]},"content":{"rendered":"<p><a href=\"https:\/\/hashtag.al\/wp-content\/uploads\/2021\/05\/personi-2.jpg\"><img loading=\"lazy\" decoding=\"async\" class=\"aligncenter size-full wp-image-449666\" src=\"https:\/\/hashtag.al\/wp-content\/uploads\/2021\/05\/personi-2.jpg\" alt=\"\" width=\"816\" height=\"434\" srcset=\"https:\/\/www.hashtag.al\/wp-content\/uploads\/2021\/05\/personi-2.jpg 816w, https:\/\/www.hashtag.al\/wp-content\/uploads\/2021\/05\/personi-2-300x160.jpg 300w, https:\/\/www.hashtag.al\/wp-content\/uploads\/2021\/05\/personi-2-768x408.jpg 768w\" sizes=\"auto, (max-width: 816px) 100vw, 816px\" \/><\/a><\/p>\n<p><span style=\"color: #000000;\">T\u00eb tjera detaje zbulohen lidhur me rastin e qytetarit q\u00eb u ngjit n\u00eb skelat e Muzeut Historik Komb\u00ebtar n\u00eb Tiran\u00eb dhe k\u00ebrc\u00ebnoi t\u00eb hidhej nga lart\u00ebsia.<\/span><\/p>\n<p><span style=\"color: #000000;\">Admir Jahelezi, \u00ebsht\u00eb \u00a0pronar i nj\u00eb agjencie transporti pasagjer\u00ebsh nga Shqip\u00ebria n\u00eb Kosov\u00eb. \u00a0Si\u00e7 shkruan portal <span style=\"color: #0000ff;\"><a style=\"color: #0000ff;\" href=\"https:\/\/shqiptarja.com\/lajm\/tirane-nje-person-kercenon-se-do-hidhet-nga-pallati-nese-nuk-i-firmoset-nje-kontrate-pune#606080\">\u201cShqiptarja.com<\/a><\/span>\u201d, ai pretendon se autoritetet shqiptare i kan\u00eb cenuar atij licenc\u00ebn duke favorizuar persona t\u00eb tjer\u00eb q\u00eb mbrohen me forc\u00eb nga Policia e qarkullimit n\u00eb Tropoj\u00eb.<\/span><\/p>\n<p><span style=\"color: #000000;\">Ai madje shton se \u00ebsht\u00eb k\u00ebrc\u00ebnuar dhe i \u00ebsht\u00eb b\u00ebr\u00eb presion nga policia n\u00eb Tropoj\u00eb dhe Qaf\u00eb Morin\u00eb, deri n\u00eb Milot.<\/span><\/p>\n<p><span style=\"color: #000000;\">Qytetari thot\u00eb se kishte marr\u00eb borxhe dhe kredi p\u00ebr t\u00eb themeluar kompanin\u00eb e tij, por \u00ebsht\u00eb konkurruar n\u00eb m\u00ebnyr\u00eb t\u00eb padrejt\u00eb.<\/span><\/p>\n<p><span style=\"color: #000000;\"><em>&#8220;Kam pasur presion nga Policia e qarkullimit n\u00eb Tropoj\u00eb, nga policia e qarkullimit nga Qaf\u00eb morina deri n\u00eb Milot, jam k\u00ebrc\u00ebnuar me jet\u00eb, kam 3 vjet q\u00eb b\u00ebj luft\u00eb me kompanit\u00eb e tjera.&#8221;-<\/em> tha Jahelezi.<\/span><\/p>\n<p><span style=\"color: #000000;\">Admir Jahelezi\u00a0hipi sot n\u00eb skelat e vendosura p\u00ebr restaurimin e Muzeut Historik Komb\u00ebtar n\u00eb Tiran\u00eb duke k\u00ebrc\u00ebnuar se do t\u00eb hidhej nga lart\u00ebsia. Nj\u00eb ngjarje q\u00eb mund t\u00eb ishte kthyer n\u00eb tragjedi.<\/span><\/p>\n<p><span style=\"color: #000000;\">Ai b\u00ebrtiste dhe k\u00ebrc\u00ebnonte nga lart\u00ebsia se do t\u00eb hidhej, n\u00ebse atij nuk i lidhej nj\u00eb kontrat\u00eb pune.\u00a0Por pas negociatave me policin\u00eb, u bind q\u00eb t\u00eb zbriste.<\/span><\/p>\n","protected":false,"gt_translate_keys":[{"key":"rendered","format":"html"}]},"excerpt":{"rendered":"<p>T\u00eb tjera detaje zbulohen lidhur me rastin e qytetarit q\u00eb u ngjit n\u00eb skelat e Muzeut Historik Komb\u00ebtar n\u00eb Tiran\u00eb dhe k\u00ebrc\u00ebnoi t\u00eb hidhej nga lart\u00ebsia. Admir Jahelezi, \u00ebsht\u00eb \u00a0pronar i nj\u00eb agjencie transporti pasagjer\u00ebsh nga Shqip\u00ebria n\u00eb Kosov\u00eb. \u00a0Si\u00e7 shkruan portal \u201cShqiptarja.com\u201d, ai pretendon se autoritetet shqiptare i kan\u00eb cenuar atij licenc\u00ebn duke favorizuar [&hellip;]<\/p>\n","protected":false,"gt_translate_keys":[{"key":"rendered","format":"html"}]},"author":30,"featured_media":449663,"comment_status":"open","ping_status":"open","sticky":false,"template":"","format":"standard","meta":{"footnotes":""},"categories":[22,65,13],"tags":[],"class_list":["post-449688","post","type-post","status-publish","format-standard","has-post-thumbnail","hentry","category-ballina","category-lajme","category-te-fundit"],"gt_translate_keys":[{"key":"link","format":"url"}],"_links":{"self":[{"href":"https:\/\/www.hashtag.al\/index.php\/wp-json\/wp\/v2\/posts\/449688","targetHints":{"allow":["GET"]}}],"collection":[{"href":"https:\/\/www.hashtag.al\/index.php\/wp-json\/wp\/v2\/posts"}],"about":[{"href":"https:\/\/www.hashtag.al\/index.php\/wp-json\/wp\/v2\/types\/post"}],"author":[{"embeddable":true,"href":"https:\/\/www.hashtag.al\/index.php\/wp-json\/wp\/v2\/users\/30"}],"replies":[{"embeddable":true,"href":"https:\/\/www.hashtag.al\/index.php\/wp-json\/wp\/v2\/comments?post=449688"}],"version-history":[{"count":0,"href":"https:\/\/www.hashtag.al\/index.php\/wp-json\/wp\/v2\/posts\/449688\/revisions"}],"wp:featuredmedia":[{"embeddable":true,"href":"https:\/\/www.hashtag.al\/index.php\/wp-json\/wp\/v2\/media\/449663"}],"wp:attachment":[{"href":"https:\/\/www.hashtag.al\/index.php\/wp-json\/wp\/v2\/media?parent=449688"}],"wp:term":[{"taxonomy":"category","embeddable":true,"href":"https:\/\/www.hashtag.al\/index.php\/wp-json\/wp\/v2\/categories?post=449688"},{"taxonomy":"post_tag","embeddable":true,"href":"https:\/\/www.hashtag.al\/index.php\/wp-json\/wp\/v2\/tags?post=449688"}],"curies":[{"name":"wp","href":"https:\/\/api.w.org\/{rel}","templated":true}]}}