{"id":449677,"date":"2021-05-12T11:40:50","date_gmt":"2021-05-12T09:40:50","guid":{"rendered":"https:\/\/hashtag.al\/?p=449677"},"modified":"2021-05-12T11:40:50","modified_gmt":"2021-05-12T09:40:50","slug":"brace-ka-nje-treg-per-burgun-e-personave-qe-kapen-me-arme-pa-leje-nis-me-policet-qe-tradhtojne-ligjin","status":"publish","type":"post","link":"https:\/\/www.hashtag.al\/index.php\/2021\/05\/12\/brace-ka-nje-treg-per-burgun-e-personave-qe-kapen-me-arme-pa-leje-nis-me-policet-qe-tradhtojne-ligjin\/","title":{"rendered":"Bra\u00e7e: Ka nj\u00eb treg p\u00ebr burgun e personave q\u00eb kapen me arm\u00eb pa leje, nis me polic\u00ebt q\u00eb tradhtojn\u00eb ligjin","gt_translate_keys":[{"key":"rendered","format":"text"}]},"content":{"rendered":"<p><a href=\"https:\/\/hashtag.al\/wp-content\/uploads\/2019\/09\/brace-e1569244880212.jpg\"><img loading=\"lazy\" decoding=\"async\" class=\"aligncenter size-full wp-image-323580\" src=\"https:\/\/hashtag.al\/wp-content\/uploads\/2019\/09\/brace-e1569244880212.jpg\" alt=\"\" width=\"1260\" height=\"752\" srcset=\"https:\/\/www.hashtag.al\/wp-content\/uploads\/2019\/09\/brace-e1569244880212.jpg 1260w, https:\/\/www.hashtag.al\/wp-content\/uploads\/2019\/09\/brace-e1569244880212-300x179.jpg 300w, https:\/\/www.hashtag.al\/wp-content\/uploads\/2019\/09\/brace-e1569244880212-768x458.jpg 768w, https:\/\/www.hashtag.al\/wp-content\/uploads\/2019\/09\/brace-e1569244880212-1024x611.jpg 1024w\" sizes=\"auto, (max-width: 1260px) 100vw, 1260px\" \/><\/a><\/p>\n<p><span style=\"color: #000000;\">Zv.kryeministri Erion Bra\u00e7e thot\u00eb se ka nj\u00eb treg t\u00eb burgut t\u00eb viteve p\u00ebr arm\u00ebmbajten pa leje.<\/span><\/p>\n<p><span style=\"color: #000000;\">Brace reagon p\u00ebr lajmet e arrestimit t\u00eb personave q\u00eb kapen me arm\u00eb n\u00eb brez apo makin\u00eb, t\u00eb cil\u00ebn e disponojn\u00eb pa lejen p\u00ebrkat\u00ebse.<\/span><\/p>\n<p><span style=\"color: #000000;\">Deputeti i zgjedhur socialist shprehet se ky treg nis me polic\u00eb t\u00eb korruptuar q\u00eb tradhtojn\u00eb ligjin dhe koleg\u00ebt e deri te prokuror\u00ebt dhe gjykat\u00ebsit q\u00eb jan\u00eb ende n\u00eb system, nd\u00ebrsa thekson se ky treg duhet shkat\u00ebrruar.<\/span><\/p>\n<p><em><span style=\"color: #000000;\">\u201cArma n\u00eb brez ka dyshime 5 vite n\u00eb burg. Asnj\u00eb dit\u00eb m\u00eb pak. Ligji \u00ebsht\u00eb shum\u00eb i qart\u00eb. Kush mban arm\u00eb pa leje d\u00ebnohet deri n\u00eb 7 vite burg. Shoh \u00e7do dit\u00eb njoftime t\u00eb policis\u00eb q\u00eb kapen me arm\u00eb pa leje. N\u00eb makin\u00eb, me vete, n\u00eb publik! Sa jan\u00eb d\u00ebnuar nga k\u00ebta?<\/span><\/em><\/p>\n<p><em><span style=\"color: #000000;\">Sa jan\u00eb n\u00eb burg nga k\u00ebta? Ka nj\u00eb arsye q\u00eb arm\u00ebt qarkullojn\u00eb lirisht. Pand\u00ebshkueshm\u00ebria. Nuk ka trim q\u00eb b\u00ebn 5 vite burg p\u00ebr arm\u00ebn n\u00eb brez pa nj\u00eb garanci q\u00eb nuk mbyllet 5 vite brenda. Ka nj\u00eb treg t\u00eb viteve t\u00eb burgut p\u00ebr arm\u00ebmbajtjen pa leje ta themi si\u00e7 \u00ebsht\u00eb.<\/span><\/em><\/p>\n<p><span style=\"color: #000000;\"><em>Nis me polic\u00eb t\u00eb korruptuar q\u00eb tradh\u00ebtojn\u00eb ligjin dhe koleg\u00ebt, vijon me prokuror\u00eb dhe gjykat\u00ebs t\u00eb korruptuar ende n\u00eb sistem. Ky treg duhet shkat\u00ebrruar. Me nd\u00ebshkim gjith\u00ebp\u00ebrfshir\u00ebs. Patjet\u00ebr edhe me monitorim e kall\u00ebzim t\u00eb \u00e7do rasti t\u00eb arm\u00ebmbajtjes pa leje q\u00eb kapet nga policia e nuk d\u00ebnohet me 5 vite burg.\u201d<\/em>&#8211;\u00a0shkruan Bra\u00e7e n\u00eb nj\u00eb postim n\u00eb rrjetet sociale.<\/span><\/p>\n","protected":false,"gt_translate_keys":[{"key":"rendered","format":"html"}]},"excerpt":{"rendered":"<p>Zv.kryeministri Erion Bra\u00e7e thot\u00eb se ka nj\u00eb treg t\u00eb burgut t\u00eb viteve p\u00ebr arm\u00ebmbajten pa leje. Brace reagon p\u00ebr lajmet e arrestimit t\u00eb personave q\u00eb kapen me arm\u00eb n\u00eb brez apo makin\u00eb, t\u00eb cil\u00ebn e disponojn\u00eb pa lejen p\u00ebrkat\u00ebse. Deputeti i zgjedhur socialist shprehet se ky treg nis me polic\u00eb t\u00eb korruptuar q\u00eb tradhtojn\u00eb ligjin [&hellip;]<\/p>\n","protected":false,"gt_translate_keys":[{"key":"rendered","format":"html"}]},"author":30,"featured_media":325741,"comment_status":"open","ping_status":"open","sticky":false,"template":"","format":"standard","meta":{"footnotes":""},"categories":[65,13],"tags":[],"class_list":["post-449677","post","type-post","status-publish","format-standard","has-post-thumbnail","hentry","category-lajme","category-te-fundit"],"gt_translate_keys":[{"key":"link","format":"url"}],"_links":{"self":[{"href":"https:\/\/www.hashtag.al\/index.php\/wp-json\/wp\/v2\/posts\/449677","targetHints":{"allow":["GET"]}}],"collection":[{"href":"https:\/\/www.hashtag.al\/index.php\/wp-json\/wp\/v2\/posts"}],"about":[{"href":"https:\/\/www.hashtag.al\/index.php\/wp-json\/wp\/v2\/types\/post"}],"author":[{"embeddable":true,"href":"https:\/\/www.hashtag.al\/index.php\/wp-json\/wp\/v2\/users\/30"}],"replies":[{"embeddable":true,"href":"https:\/\/www.hashtag.al\/index.php\/wp-json\/wp\/v2\/comments?post=449677"}],"version-history":[{"count":0,"href":"https:\/\/www.hashtag.al\/index.php\/wp-json\/wp\/v2\/posts\/449677\/revisions"}],"wp:featuredmedia":[{"embeddable":true,"href":"https:\/\/www.hashtag.al\/index.php\/wp-json\/wp\/v2\/media\/325741"}],"wp:attachment":[{"href":"https:\/\/www.hashtag.al\/index.php\/wp-json\/wp\/v2\/media?parent=449677"}],"wp:term":[{"taxonomy":"category","embeddable":true,"href":"https:\/\/www.hashtag.al\/index.php\/wp-json\/wp\/v2\/categories?post=449677"},{"taxonomy":"post_tag","embeddable":true,"href":"https:\/\/www.hashtag.al\/index.php\/wp-json\/wp\/v2\/tags?post=449677"}],"curies":[{"name":"wp","href":"https:\/\/api.w.org\/{rel}","templated":true}]}}