{"id":449484,"date":"2021-05-11T14:59:54","date_gmt":"2021-05-11T12:59:54","guid":{"rendered":"https:\/\/hashtag.al\/?p=449484"},"modified":"2021-05-11T15:01:19","modified_gmt":"2021-05-11T13:01:19","slug":"ministria-e-infrastruktures-dhe-energjise-pas-incidentit-ne-minieren-e-martaneshit-nuk-ka-pasur-shembje-dhe-as-minatore-te-bllokuar","status":"publish","type":"post","link":"https:\/\/www.hashtag.al\/index.php\/2021\/05\/11\/ministria-e-infrastruktures-dhe-energjise-pas-incidentit-ne-minieren-e-martaneshit-nuk-ka-pasur-shembje-dhe-as-minatore-te-bllokuar\/","title":{"rendered":"Ministria e Infrastruktur\u00ebs dhe Energjis\u00eb pas incidentit n\u00eb minier\u00ebn e Martaneshit: Nuk ka pasur shembje dhe as minator\u00eb t\u00eb bllokuar","gt_translate_keys":[{"key":"rendered","format":"text"}]},"content":{"rendered":"<p><a href=\"https:\/\/hashtag.al\/wp-content\/uploads\/2021\/05\/balluku.jpeg\"><img loading=\"lazy\" decoding=\"async\" class=\"aligncenter size-full wp-image-449485\" src=\"https:\/\/hashtag.al\/wp-content\/uploads\/2021\/05\/balluku.jpeg\" alt=\"\" width=\"698\" height=\"419\" srcset=\"https:\/\/www.hashtag.al\/wp-content\/uploads\/2021\/05\/balluku.jpeg 698w, https:\/\/www.hashtag.al\/wp-content\/uploads\/2021\/05\/balluku-300x180.jpeg 300w\" sizes=\"auto, (max-width: 698px) 100vw, 698px\" \/><\/a><\/p>\n<p><span style=\"color: #000000;\">Ministria e Infrastruktur\u00ebs dhe Energjis\u00eb ka reaguar pas ngjarjes s\u00eb r\u00ebnd\u00eb q\u00eb ndodhi sot n\u00eb minier\u00ebn e Martaneshit, ku tre minator\u00eb mbet\u00ebn t\u00eb asfiksuar pas nj\u00eb rrjedhje gazi.<\/span><\/p>\n<p><span style=\"color: #000000;\">Ministria e drejtuar nga Belinda Balluku, thekson se n\u00eb galeri nuk ka pasur shembje dhe as minator\u00eb t\u00eb bllokuar.<\/span><\/p>\n<p><span style=\"color: #000000;\">Ajo q\u00eb ka ndodhur sipas ministris\u00eb, \u00ebsht\u00eb se \u00ebsht\u00eb \u00e7liruar gaz nga gjeneratori i p\u00ebrdorur nga minatori ai ka humbur ndjenjat. Pran\u00eb tij ka qen\u00eb edhe nj\u00eb punonj\u00ebs tjet\u00ebr, i cili gjithashtu ka pasur shqet\u00ebsime.<\/span><\/p>\n<p><strong><span style=\"color: #000000;\">Njoftimi i Ministris\u00eb \u00a0<\/span><\/strong><\/p>\n<p><span style=\"color: #000000;\">N\u00eb dat\u00eb 11 maj 2021, rreth or\u00ebs 12:30, n\u00eb galerin\u00eb Nr.1240, Zona e Re Bat\u00ebr, Qarku Dib\u00ebr, e cila shfryt\u00ebzohet nga shoq\u00ebria \u201cXhireton\u201d shpk, me Leje minerare nr. 479\/2, ka ndodhur nj\u00eb aksident.<\/span><\/p>\n<p><span style=\"color: #000000;\">Nga t\u00eb dh\u00ebnat paraprake t\u00eb inspektimit t\u00eb vendngjarjes, rezulton se gjat\u00eb saldimit n\u00eb n\u00ebntok\u00eb t\u00eb nj\u00eb vagoni mineralesh \u00ebsht\u00eb \u00e7liruar gaz nga gjeneratori i p\u00ebrdorur dhe si rrjedhim mekaniku SH.D., 45 vje\u00e7 ka humbur ndjenjat. Pran\u00eb tij ka qen\u00eb edhe nj\u00eb punonj\u00ebs tjet\u00ebr, i cili gjithashtu ka pasur shqet\u00ebsime.<\/span><\/p>\n<p><span style=\"color: #000000;\">Prezent n\u00eb vendin e ngjarjes, n\u00eb nj\u00eb distanc\u00eb m\u00eb t\u00eb larg\u00ebt kan\u00eb qen\u00eb 3 punonj\u00ebs t\u00eb tjer\u00eb, t\u00eb cil\u00ebt u kan\u00eb ardhur n\u00eb ndihm\u00eb koleg\u00ebve t\u00eb tyre, duke e nxjerr\u00eb SH.D., jasht\u00eb galeris\u00eb. Ai \u00ebsht\u00eb d\u00ebrguar me helikopter n\u00eb drejtim t\u00eb Tiran\u00ebs, p\u00ebr t\u00eb marr\u00eb ndihm\u00ebn mjek\u00ebsore, nd\u00ebrkoh\u00eb q\u00eb punonj\u00ebsi tjet\u00ebr \u00ebsht\u00eb d\u00ebrguar n\u00eb spitalin e Bulqiz\u00ebs, ku ndodhet jasht\u00eb rrezikut p\u00ebr jet\u00ebn.<\/span><\/p>\n<p><span style=\"color: #000000;\">N\u00eb galeri nuk ka pasur shembje dhe as minator\u00eb t\u00eb bllokuar.<\/span><\/p>\n<p><span style=\"color: #000000;\">Grupet e AKSEM, Inspektorati i Pun\u00ebs dhe Policia e Shtetit jan\u00eb n\u00eb vendngjarje dhe po vler\u00ebsojn\u00eb rrethanat e ngjarjes.<\/span><\/p>\n<p>&nbsp;<\/p>\n","protected":false,"gt_translate_keys":[{"key":"rendered","format":"html"}]},"excerpt":{"rendered":"<p>Ministria e Infrastruktur\u00ebs dhe Energjis\u00eb ka reaguar pas ngjarjes s\u00eb r\u00ebnd\u00eb q\u00eb ndodhi sot n\u00eb minier\u00ebn e Martaneshit, ku tre minator\u00eb mbet\u00ebn t\u00eb asfiksuar pas nj\u00eb rrjedhje gazi. Ministria e drejtuar nga Belinda Balluku, thekson se n\u00eb galeri nuk ka pasur shembje dhe as minator\u00eb t\u00eb bllokuar. Ajo q\u00eb ka ndodhur sipas ministris\u00eb, \u00ebsht\u00eb se [&hellip;]<\/p>\n","protected":false,"gt_translate_keys":[{"key":"rendered","format":"html"}]},"author":30,"featured_media":449485,"comment_status":"open","ping_status":"open","sticky":false,"template":"","format":"standard","meta":{"footnotes":""},"categories":[65,13],"tags":[],"class_list":["post-449484","post","type-post","status-publish","format-standard","has-post-thumbnail","hentry","category-lajme","category-te-fundit"],"gt_translate_keys":[{"key":"link","format":"url"}],"_links":{"self":[{"href":"https:\/\/www.hashtag.al\/index.php\/wp-json\/wp\/v2\/posts\/449484","targetHints":{"allow":["GET"]}}],"collection":[{"href":"https:\/\/www.hashtag.al\/index.php\/wp-json\/wp\/v2\/posts"}],"about":[{"href":"https:\/\/www.hashtag.al\/index.php\/wp-json\/wp\/v2\/types\/post"}],"author":[{"embeddable":true,"href":"https:\/\/www.hashtag.al\/index.php\/wp-json\/wp\/v2\/users\/30"}],"replies":[{"embeddable":true,"href":"https:\/\/www.hashtag.al\/index.php\/wp-json\/wp\/v2\/comments?post=449484"}],"version-history":[{"count":0,"href":"https:\/\/www.hashtag.al\/index.php\/wp-json\/wp\/v2\/posts\/449484\/revisions"}],"wp:featuredmedia":[{"embeddable":true,"href":"https:\/\/www.hashtag.al\/index.php\/wp-json\/wp\/v2\/media\/449485"}],"wp:attachment":[{"href":"https:\/\/www.hashtag.al\/index.php\/wp-json\/wp\/v2\/media?parent=449484"}],"wp:term":[{"taxonomy":"category","embeddable":true,"href":"https:\/\/www.hashtag.al\/index.php\/wp-json\/wp\/v2\/categories?post=449484"},{"taxonomy":"post_tag","embeddable":true,"href":"https:\/\/www.hashtag.al\/index.php\/wp-json\/wp\/v2\/tags?post=449484"}],"curies":[{"name":"wp","href":"https:\/\/api.w.org\/{rel}","templated":true}]}}