{"id":449100,"date":"2021-05-09T17:02:06","date_gmt":"2021-05-09T15:02:06","guid":{"rendered":"https:\/\/hashtag.al\/?p=449100"},"modified":"2021-05-09T17:02:29","modified_gmt":"2021-05-09T15:02:29","slug":"shporruni-nga-rruga-protestuesit-e-blm-bllokojne-trafikun-ne-teksas-drejtuesi-i-mjetit-perplaset-fizikisht-me-ta-video","status":"publish","type":"post","link":"https:\/\/www.hashtag.al\/index.php\/2021\/05\/09\/shporruni-nga-rruga-protestuesit-e-blm-bllokojne-trafikun-ne-teksas-drejtuesi-i-mjetit-perplaset-fizikisht-me-ta-video\/","title":{"rendered":"\u201cShporruni nga rruga\u201d &#8211; Protestuesit e BLM bllokojn\u00eb trafikun n\u00eb Teksas, drejtuesi i mjetit p\u00ebrplaset fizikisht me ta (Video)","gt_translate_keys":[{"key":"rendered","format":"text"}]},"content":{"rendered":"<div style=\"width: 1170px;\" class=\"wp-video\"><video class=\"wp-video-shortcode\" id=\"video-449100-1\" width=\"1170\" height=\"658\" preload=\"metadata\" controls=\"controls\"><source type=\"video\/mp4\" src=\"https:\/\/hashtag.al\/wp-content\/uploads\/2021\/05\/WHITE-RACIST-SWINGS-AT-KAMONA-YOUNG-A-BLACK-WOMAN-PUSHES-ATTORNEY-LEE-MERRITT.mp4?_=1\" \/><a href=\"https:\/\/hashtag.al\/wp-content\/uploads\/2021\/05\/WHITE-RACIST-SWINGS-AT-KAMONA-YOUNG-A-BLACK-WOMAN-PUSHES-ATTORNEY-LEE-MERRITT.mp4\">https:\/\/hashtag.al\/wp-content\/uploads\/2021\/05\/WHITE-RACIST-SWINGS-AT-KAMONA-YOUNG-A-BLACK-WOMAN-PUSHES-ATTORNEY-LEE-MERRITT.mp4<\/a><\/video><\/div>\n<p><span style=\"color: #000000;\">Nj\u00eb protest\u00eb e Black Lives Matter n\u00eb Teksas \u00e7oi n\u00eb nj\u00eb p\u00ebrplasje t\u00eb ashp\u00ebr mes nj\u00eb shoferi t\u00eb zem\u00ebruar dhe nj\u00eb grupi protestuesish q\u00eb bllokuan rrug\u00ebn.<\/span><\/p>\n<p><span style=\"color: #000000;\">Aktivist\u00ebt n\u00eb Plano, nj\u00eb qytet rreth 32 kilometra n\u00eb veri t\u00eb Dallasit, marshuan n\u00ebp\u00ebr rrug\u00eb t\u00eb diel\u00ebn p\u00ebr t\u00eb rritur nd\u00ebrgjegj\u00ebsimin n\u00eb lidhje me vdekjen e Marvin Scott III.<\/span><\/p>\n<p><span style=\"color: #000000;\"> I riu 26-vje\u00e7ar me ngjyr\u00eb vdiq nd\u00ebrsa ishte n\u00eb paraburgim policor n\u00eb nj\u00eb burg qarku n\u00eb mars. Shtat\u00eb oficer\u00eb u pushuan nga puna dhe nj\u00eb dha dor\u00ebheqjen lidhur me incidentin, q\u00eb u shpall si vrasj\u00eb nj\u00eb muaj m\u00eb von\u00eb.<\/span><\/p>\n<p><span style=\"color: #000000;\">N\u00eb nj\u00eb video virale, demonstruesit shihen duke bllokuar nj\u00eb kryq\u00ebzim nd\u00ebrsa ata b\u00ebrtasin <em>\u2018Jet\u00ebt me Ngjyr\u00eb kan\u00eb r\u00ebnd\u00ebsi\u2019<\/em> duke mbajtur n\u00eb duar pankarta ku shkruhej \u2018mos na vrisni\u2019 e parulla t\u00eb tjera. <\/span><\/p>\n<p><span style=\"color: #000000;\">Nj\u00eb kolon\u00eb e madhe mjetesh mund t\u00eb shihet teska formohet nd\u00ebrsa shofer\u00ebt presin q\u00eb rruga t\u00eb pastrohet. Papritmas, nj\u00eb burr\u00eb trupmadh me syze dielli l\u00ebviz mes makinave t\u00eb ndaluara dhe drejtohet drejt protestuesve.<\/span><\/p>\n<p><span style=\"color: #000000;\"><em>&#8220;Shporruni nga rruga!&#8221; &#8211; <\/em>i b\u00ebrtet ai nj\u00eb demonstruesi me kapu\u00e7 q\u00eb u p\u00ebrpoq t&#8217;i bllokonte rrug\u00ebn e tij.<\/span><\/p>\n<p><span style=\"color: #000000;\">Burri pastaj i drejtohet nj\u00eb oficeri policie i cili po v\u00ebzhgonte situat\u00ebn n\u00eb an\u00eb t\u00eb rrug\u00ebs.<\/span><\/p>\n<p><span style=\"color: #000000;\"><em>\u201cLargojini nga rruga k\u00ebta njer\u00ebz!\u201d<\/em> &#8211; i b\u00ebrtet ai policit. P\u00ebrgjigja e oficerit \u00ebsht\u00eb e pad\u00ebgjueshme mes britmave, sirenave dhe borive.<\/span><\/p>\n<p><span style=\"color: #000000;\">Shoferi i zem\u00ebruar m\u00eb pas e ridrejton zem\u00ebrimin e tij ndaj demonstruesve e p\u00ebrplaset fizikisht me disa prej tyre.<\/span><\/p>\n","protected":false,"gt_translate_keys":[{"key":"rendered","format":"html"}]},"excerpt":{"rendered":"<p>Nj\u00eb protest\u00eb e Black Lives Matter n\u00eb Teksas \u00e7oi n\u00eb nj\u00eb p\u00ebrplasje t\u00eb ashp\u00ebr mes nj\u00eb shoferi t\u00eb zem\u00ebruar dhe nj\u00eb grupi protestuesish q\u00eb bllokuan rrug\u00ebn. Aktivist\u00ebt n\u00eb Plano, nj\u00eb qytet rreth 32 kilometra n\u00eb veri t\u00eb Dallasit, marshuan n\u00ebp\u00ebr rrug\u00eb t\u00eb diel\u00ebn p\u00ebr t\u00eb rritur nd\u00ebrgjegj\u00ebsimin n\u00eb lidhje me vdekjen e Marvin Scott III. [&hellip;]<\/p>\n","protected":false,"gt_translate_keys":[{"key":"rendered","format":"html"}]},"author":51,"featured_media":449102,"comment_status":"open","ping_status":"open","sticky":false,"template":"","format":"standard","meta":{"footnotes":""},"categories":[53],"tags":[],"class_list":["post-449100","post","type-post","status-publish","format-standard","has-post-thumbnail","hentry","category-fast-foodi"],"gt_translate_keys":[{"key":"link","format":"url"}],"_links":{"self":[{"href":"https:\/\/www.hashtag.al\/index.php\/wp-json\/wp\/v2\/posts\/449100","targetHints":{"allow":["GET"]}}],"collection":[{"href":"https:\/\/www.hashtag.al\/index.php\/wp-json\/wp\/v2\/posts"}],"about":[{"href":"https:\/\/www.hashtag.al\/index.php\/wp-json\/wp\/v2\/types\/post"}],"author":[{"embeddable":true,"href":"https:\/\/www.hashtag.al\/index.php\/wp-json\/wp\/v2\/users\/51"}],"replies":[{"embeddable":true,"href":"https:\/\/www.hashtag.al\/index.php\/wp-json\/wp\/v2\/comments?post=449100"}],"version-history":[{"count":0,"href":"https:\/\/www.hashtag.al\/index.php\/wp-json\/wp\/v2\/posts\/449100\/revisions"}],"wp:featuredmedia":[{"embeddable":true,"href":"https:\/\/www.hashtag.al\/index.php\/wp-json\/wp\/v2\/media\/449102"}],"wp:attachment":[{"href":"https:\/\/www.hashtag.al\/index.php\/wp-json\/wp\/v2\/media?parent=449100"}],"wp:term":[{"taxonomy":"category","embeddable":true,"href":"https:\/\/www.hashtag.al\/index.php\/wp-json\/wp\/v2\/categories?post=449100"},{"taxonomy":"post_tag","embeddable":true,"href":"https:\/\/www.hashtag.al\/index.php\/wp-json\/wp\/v2\/tags?post=449100"}],"curies":[{"name":"wp","href":"https:\/\/api.w.org\/{rel}","templated":true}]}}