{"id":448862,"date":"2021-05-08T17:40:39","date_gmt":"2021-05-08T15:40:39","guid":{"rendered":"https:\/\/hashtag.al\/?p=448862"},"modified":"2021-05-08T17:40:39","modified_gmt":"2021-05-08T15:40:39","slug":"permbyset-e-shperthen-ne-flake-kamioni-ne-rrugen-gjirokaster-tepelene-plagoset-lehte-shoferi-video","status":"publish","type":"post","link":"https:\/\/www.hashtag.al\/index.php\/2021\/05\/08\/permbyset-e-shperthen-ne-flake-kamioni-ne-rrugen-gjirokaster-tepelene-plagoset-lehte-shoferi-video\/","title":{"rendered":"P\u00ebrmbyset e shp\u00ebrthen n\u00eb flak\u00eb kamioni n\u00eb rrug\u00ebn Gjirokast\u00ebr-Tepelen\u00eb, plagoset leht\u00eb shoferi (Video)","gt_translate_keys":[{"key":"rendered","format":"text"}]},"content":{"rendered":"<div style=\"width: 640px;\" class=\"wp-video\"><video class=\"wp-video-shortcode\" id=\"video-448862-1\" width=\"640\" height=\"1164\" preload=\"metadata\" controls=\"controls\"><source type=\"video\/mp4\" src=\"https:\/\/hashtag.al\/wp-content\/uploads\/2021\/05\/kamioniaksident.mp4?_=1\" \/><a href=\"https:\/\/hashtag.al\/wp-content\/uploads\/2021\/05\/kamioniaksident.mp4\">https:\/\/hashtag.al\/wp-content\/uploads\/2021\/05\/kamioniaksident.mp4<\/a><\/video><\/div>\n<p><span style=\"color: #000000;\">Nj\u00eb kamion \u00ebsh\u00eb aksidentuar e m\u00eb pas ka shp\u00ebrthyer n\u00eb flak\u00eb. <\/span><\/p>\n<p><span style=\"color: #000000;\">Aksidenti ka ndodhur n\u00eb rrug\u00ebn Gjirokast\u00ebr-Tepelen\u00eb ku kamioni i ngarkuar me materiale nd\u00ebrtimit ka dal\u00eb \u00ebsht\u00eb p\u00ebrplasur me barrierat mbrojt\u00ebse e m\u00eb pas \u00ebsht\u00eb p\u00ebrmbysur duke marr\u00eb flak\u00eb. <\/span><\/p>\n<p><span style=\"color: #000000;\">Drejtuesi i mjetit, 60-vje\u00e7ari me iniciale Xh.K. \u00ebsht\u00eb d\u00ebrguar n\u00eb spitalin e Gjirokast\u00ebr ku \u00ebsht\u00eb jasht\u00eb rrezikut p\u00ebr jet\u00ebn, thuhet n\u00eb njoftimin e policis\u00eb.<\/span><\/p>\n<p><span style=\"color: #000000;\"><em>\u201cRreth or\u00ebs 14:00, njoftohemi se n\u00eb aksin nacional Gjirokast\u00ebr- Tepelen\u00eb nj\u00eb kamion i ngarkuar me materiale nd\u00ebrtimi \u00ebsht\u00eb p\u00ebplasur me barrierat an\u00ebsore t\u00eb rrug\u00ebs dhe \u00ebsht\u00eb p\u00ebrmbysur duke marr\u00eb flak\u00eb. P\u00ebr pasoj\u00eb \u00ebsht\u00eb d\u00ebmtuar drejtuesi i kamionit shtetasi Xh. K., rreth 60 vje\u00e7, banues n\u00eb Tiran\u00eb, i cili ndodhet n\u00eb spitalin Rajonal Gjirokast\u00ebr jasht\u00eb rrezikur p\u00ebr jet\u00ebn. N\u00eb vendngjarje shkuan shkuan sh\u00ebrbimet e policis\u00eb dhe zjarr\u00ebfik\u00ebse, t\u00eb cil\u00ebt b\u00ebn\u00eb t\u00eb mundur shuarjen e flak\u00ebve. Grupi hetimor po punon p\u00ebr zbardhjen e shkaqeve t\u00eb aksidentit.\u201d<\/em> \u2013 thuhet n\u00eb njoftimin e policis\u00eb.<\/span><\/p>\n","protected":false,"gt_translate_keys":[{"key":"rendered","format":"html"}]},"excerpt":{"rendered":"<p>Nj\u00eb kamion \u00ebsh\u00eb aksidentuar e m\u00eb pas ka shp\u00ebrthyer n\u00eb flak\u00eb. Aksidenti ka ndodhur n\u00eb rrug\u00ebn Gjirokast\u00ebr-Tepelen\u00eb ku kamioni i ngarkuar me materiale nd\u00ebrtimit ka dal\u00eb \u00ebsht\u00eb p\u00ebrplasur me barrierat mbrojt\u00ebse e m\u00eb pas \u00ebsht\u00eb p\u00ebrmbysur duke marr\u00eb flak\u00eb. Drejtuesi i mjetit, 60-vje\u00e7ari me iniciale Xh.K. \u00ebsht\u00eb d\u00ebrguar n\u00eb spitalin e Gjirokast\u00ebr ku \u00ebsht\u00eb jasht\u00eb [&hellip;]<\/p>\n","protected":false,"gt_translate_keys":[{"key":"rendered","format":"html"}]},"author":51,"featured_media":448864,"comment_status":"open","ping_status":"open","sticky":false,"template":"","format":"standard","meta":{"footnotes":""},"categories":[65,13],"tags":[],"class_list":["post-448862","post","type-post","status-publish","format-standard","has-post-thumbnail","hentry","category-lajme","category-te-fundit"],"gt_translate_keys":[{"key":"link","format":"url"}],"_links":{"self":[{"href":"https:\/\/www.hashtag.al\/index.php\/wp-json\/wp\/v2\/posts\/448862","targetHints":{"allow":["GET"]}}],"collection":[{"href":"https:\/\/www.hashtag.al\/index.php\/wp-json\/wp\/v2\/posts"}],"about":[{"href":"https:\/\/www.hashtag.al\/index.php\/wp-json\/wp\/v2\/types\/post"}],"author":[{"embeddable":true,"href":"https:\/\/www.hashtag.al\/index.php\/wp-json\/wp\/v2\/users\/51"}],"replies":[{"embeddable":true,"href":"https:\/\/www.hashtag.al\/index.php\/wp-json\/wp\/v2\/comments?post=448862"}],"version-history":[{"count":0,"href":"https:\/\/www.hashtag.al\/index.php\/wp-json\/wp\/v2\/posts\/448862\/revisions"}],"wp:featuredmedia":[{"embeddable":true,"href":"https:\/\/www.hashtag.al\/index.php\/wp-json\/wp\/v2\/media\/448864"}],"wp:attachment":[{"href":"https:\/\/www.hashtag.al\/index.php\/wp-json\/wp\/v2\/media?parent=448862"}],"wp:term":[{"taxonomy":"category","embeddable":true,"href":"https:\/\/www.hashtag.al\/index.php\/wp-json\/wp\/v2\/categories?post=448862"},{"taxonomy":"post_tag","embeddable":true,"href":"https:\/\/www.hashtag.al\/index.php\/wp-json\/wp\/v2\/tags?post=448862"}],"curies":[{"name":"wp","href":"https:\/\/api.w.org\/{rel}","templated":true}]}}