{"id":448572,"date":"2021-05-07T12:58:25","date_gmt":"2021-05-07T10:58:25","guid":{"rendered":"https:\/\/hashtag.al\/?p=448572"},"modified":"2021-05-07T12:58:25","modified_gmt":"2021-05-07T10:58:25","slug":"rama-per-la-stampa-fati-i-shqiperise-eshte-ne-be-pengesat-vijne-nga-brukseli","status":"publish","type":"post","link":"https:\/\/www.hashtag.al\/index.php\/2021\/05\/07\/rama-per-la-stampa-fati-i-shqiperise-eshte-ne-be-pengesat-vijne-nga-brukseli\/","title":{"rendered":"Rama p\u00ebr &#8216;La Stampa&#8217;: Fati i Shqip\u00ebris\u00eb \u00ebsht\u00eb n\u00eb BE, pengesat vijn\u00eb nga Brukseli","gt_translate_keys":[{"key":"rendered","format":"text"}]},"content":{"rendered":"<p><a href=\"https:\/\/hashtag.al\/wp-content\/uploads\/2021\/05\/rama-1.jpg\"><img loading=\"lazy\" decoding=\"async\" class=\"aligncenter size-full wp-image-448573\" src=\"https:\/\/hashtag.al\/wp-content\/uploads\/2021\/05\/rama-1.jpg\" alt=\"\" width=\"386\" height=\"350\" srcset=\"https:\/\/www.hashtag.al\/wp-content\/uploads\/2021\/05\/rama-1.jpg 386w, https:\/\/www.hashtag.al\/wp-content\/uploads\/2021\/05\/rama-1-300x272.jpg 300w\" sizes=\"auto, (max-width: 386px) 100vw, 386px\" \/><\/a><\/p>\n<p><span style=\"color: #000000;\">Kryeministri Edi Rama ka folur n\u00eb nj\u00eb intervist\u00eb p\u00ebr gazet\u00ebn italiane \u201cLa Stampa\u201d nga Firence, ku ishte dje p\u00ebr t\u00eb marr\u00eb pjes\u00eb n\u00eb\u00a0konferenc\u00ebn online me tem\u00eb &#8220;Europa nj\u00eb bot\u00eb q\u00eb po ndryshon&#8221;.<\/span><\/p>\n<p><span style=\"color: #000000;\">N\u00eb k\u00ebt\u00eb intervist\u00eb, Rama tha se <em>\u201c\u00cbsht\u00eb m\u00eb e thjesht\u00eb t\u00eb parashikosh q\u00eb \u2018Sassuolo\u2019 do t\u00eb shpallet kampione e Italis\u00eb, p\u00ebr t\u00eb mos p\u00ebrmendur nj\u00eb em\u00ebr t\u00eb madh si \u201dJuventusi\u201d, q\u00eb tani po vuan, sesa t\u00eb v\u00ebsh nj\u00eb bast p\u00ebr t\u00eb ardhmen e Europ\u00ebs. Por, sigurisht, BE-ja \u00ebsht\u00eb nj\u00eb krijes\u00eb e ende e pap\u00ebrfunduar, ajo \u00ebsht\u00eb ende nj\u00eb pun\u00eb p\u00ebr t\u2019u mbaruar\u201d.<\/em><\/span><\/p>\n<p><span style=\"color: #000000;\">Gazetarja Letizia Tortello, pasi i kujton eksodin e shqiptar\u00ebve drejt Italis\u00eb 30 vjet m\u00eb par\u00eb, e pyet Ram\u00ebn n\u00ebse \u00ebsht\u00eb fati i Shqip\u00ebris\u00eb t\u00eb bashkohet me BE-n\u00eb.<\/span><\/p>\n<p><span style=\"color: #000000;\"><em>\u201dNe e shikojm\u00eb Italin\u00eb si Shqip\u00ebrin\u00eb e s\u00eb nes\u00ebrmes. P\u00ebr ne Europa \u00ebsht\u00eb nj\u00eb fe dhe nuk ka asnj\u00eb zon\u00eb tjet\u00ebr t\u00eb ndikimit n\u00eb fatin ton\u00eb europian, t\u00eb cilin e kemi pritur me shekuj. Para vitit 1990 nuk mund ta \u00ebnd\u00ebrronim. Tani, ne mund ta zgjedhim at\u00eb. Populli yn\u00eb ndihet europian. P\u00ebr fat t\u00eb keq, kriza e refugjat\u00ebve ka ndryshuar BE-n\u00eb p\u00ebr keq dhe tani Brukseli vazhdon t\u00eb shtyj\u00eb negociatat, pasi vendimi \u00ebsht\u00eb marr\u00eb, p\u00ebr shkak t\u00eb oportunizmit nacionalist dhe egoist t\u00eb disa vendeve.\u201d<\/em>&#8211; thot\u00eb Rama.<\/span><\/p>\n<p><span style=\"color: #000000;\">Gazetarja i kujton Ram\u00ebs reformat e pap\u00ebrfunduara kund\u00ebr korrupsionit, spastrimin e parealizuar dhe p\u00ebr lirin\u00eb e Medias.<\/span><\/p>\n<p><span style=\"color: #000000;\"><em>\u201dNe jemi duke b\u00ebr\u00eb detyrat e sht\u00ebpis\u00eb. Reforma n\u00eb drejt\u00ebsi \u00ebsht\u00eb nj\u00eb proces p\u00ebr t\u2019u duartrokitur, ne jemi n\u00eb gjysm\u00ebn e pun\u00ebs. Ju nuk mund t\u00eb k\u00ebrkoni nga nj\u00eb atlet q\u00eb t\u00eb b\u00ebj\u00eb nj\u00eb operacion, t\u00eb sh\u00ebrohet dhe pastaj t\u2019i vrapoj\u00eb 100 metrat n\u00eb t\u00eb nj\u00ebjt\u00ebn koh\u00eb. Rregullat europiane jan\u00eb nj\u00eb makin\u00eb vdekjeprur\u00ebse q\u00eb vler\u00ebson kufij q\u00eb shpesh nuk do t\u00eb k\u00ebnaqnin as shtetet an\u00ebtare. N\u00ebse Zvicra ose Italia do t\u00eb quheshin Shqip\u00ebri ose Kosov\u00eb, mbase nuk do t\u00eb lejoheshin t\u00eb futeshin n\u00eb Europ\u00eb sot duke pasur parasysh korrupsionin dhe reformat q\u00eb do t\u00eb zbatoheshin\u201d<\/em>.- thot\u00eb Rama.<\/span><\/p>\n<p><span style=\"color: #000000;\">Pyetur n\u00ebse po akuzon Bashkimin Europian p\u00ebr v\u00ebnie pengesash, Rama thot\u00eb: <\/span><em><span style=\"color: #000000;\">\u201cUn\u00eb them se kjo histori \u00ebsht\u00eb paksa qesharake, q\u00eb ne kurr\u00eb nuk qenkemi gati p\u00ebr bisedime paraprake p\u00ebr t\u00eb filluar procesin e integrimit. \u00cbsht\u00eb shum\u00eb e leht\u00eb dhe e p\u00ebrshtatshme t\u00eb gjuajm\u00eb me gur\u00eb ndaj atyre q\u00eb jan\u00eb jasht\u00eb der\u00ebs. Por, nuk ka asnj\u00eb fat tjet\u00ebr p\u00ebr Shqip\u00ebrin\u00eb p\u00ebrve\u00e7 Europ\u00ebs. Kjo i shkon p\u00ebr shtat edhe Europ\u00ebs\u201d.<\/span><\/em><\/p>\n","protected":false,"gt_translate_keys":[{"key":"rendered","format":"html"}]},"excerpt":{"rendered":"<p>Kryeministri Edi Rama ka folur n\u00eb nj\u00eb intervist\u00eb p\u00ebr gazet\u00ebn italiane \u201cLa Stampa\u201d nga Firence, ku ishte dje p\u00ebr t\u00eb marr\u00eb pjes\u00eb n\u00eb\u00a0konferenc\u00ebn online me tem\u00eb &#8220;Europa nj\u00eb bot\u00eb q\u00eb po ndryshon&#8221;. N\u00eb k\u00ebt\u00eb intervist\u00eb, Rama tha se \u201c\u00cbsht\u00eb m\u00eb e thjesht\u00eb t\u00eb parashikosh q\u00eb \u2018Sassuolo\u2019 do t\u00eb shpallet kampione e Italis\u00eb, p\u00ebr t\u00eb mos [&hellip;]<\/p>\n","protected":false,"gt_translate_keys":[{"key":"rendered","format":"html"}]},"author":30,"featured_media":447546,"comment_status":"open","ping_status":"open","sticky":false,"template":"","format":"standard","meta":{"footnotes":""},"categories":[65,13],"tags":[],"class_list":["post-448572","post","type-post","status-publish","format-standard","has-post-thumbnail","hentry","category-lajme","category-te-fundit"],"gt_translate_keys":[{"key":"link","format":"url"}],"_links":{"self":[{"href":"https:\/\/www.hashtag.al\/index.php\/wp-json\/wp\/v2\/posts\/448572","targetHints":{"allow":["GET"]}}],"collection":[{"href":"https:\/\/www.hashtag.al\/index.php\/wp-json\/wp\/v2\/posts"}],"about":[{"href":"https:\/\/www.hashtag.al\/index.php\/wp-json\/wp\/v2\/types\/post"}],"author":[{"embeddable":true,"href":"https:\/\/www.hashtag.al\/index.php\/wp-json\/wp\/v2\/users\/30"}],"replies":[{"embeddable":true,"href":"https:\/\/www.hashtag.al\/index.php\/wp-json\/wp\/v2\/comments?post=448572"}],"version-history":[{"count":0,"href":"https:\/\/www.hashtag.al\/index.php\/wp-json\/wp\/v2\/posts\/448572\/revisions"}],"wp:featuredmedia":[{"embeddable":true,"href":"https:\/\/www.hashtag.al\/index.php\/wp-json\/wp\/v2\/media\/447546"}],"wp:attachment":[{"href":"https:\/\/www.hashtag.al\/index.php\/wp-json\/wp\/v2\/media?parent=448572"}],"wp:term":[{"taxonomy":"category","embeddable":true,"href":"https:\/\/www.hashtag.al\/index.php\/wp-json\/wp\/v2\/categories?post=448572"},{"taxonomy":"post_tag","embeddable":true,"href":"https:\/\/www.hashtag.al\/index.php\/wp-json\/wp\/v2\/tags?post=448572"}],"curies":[{"name":"wp","href":"https:\/\/api.w.org\/{rel}","templated":true}]}}