{"id":448538,"date":"2021-05-07T11:07:25","date_gmt":"2021-05-07T09:07:25","guid":{"rendered":"https:\/\/hashtag.al\/?p=448538"},"modified":"2021-05-07T11:07:25","modified_gmt":"2021-05-07T09:07:25","slug":"halit-valteri-shperthen-kunder-metes-nuk-mjafton-kuvendi-te-hetohet-dhe-nga-drejtesia-per-krimet-e-tij","status":"publish","type":"post","link":"https:\/\/www.hashtag.al\/index.php\/2021\/05\/07\/halit-valteri-shperthen-kunder-metes-nuk-mjafton-kuvendi-te-hetohet-dhe-nga-drejtesia-per-krimet-e-tij\/","title":{"rendered":"Halit Valteri shp\u00ebrthen kund\u00ebr Met\u00ebs: Nuk mjafton Kuvendi, t\u00eb hetohet dhe nga Drejt\u00ebsia p\u00ebr krimet e tij","gt_translate_keys":[{"key":"rendered","format":"text"}]},"content":{"rendered":"<p><a href=\"https:\/\/hashtag.al\/wp-content\/uploads\/2021\/05\/VALTERI.jpg\"><img loading=\"lazy\" decoding=\"async\" class=\"aligncenter size-full wp-image-448539\" src=\"https:\/\/hashtag.al\/wp-content\/uploads\/2021\/05\/VALTERI.jpg\" alt=\"\" width=\"839\" height=\"437\" srcset=\"https:\/\/www.hashtag.al\/wp-content\/uploads\/2021\/05\/VALTERI.jpg 839w, https:\/\/www.hashtag.al\/wp-content\/uploads\/2021\/05\/VALTERI-300x156.jpg 300w, https:\/\/www.hashtag.al\/wp-content\/uploads\/2021\/05\/VALTERI-768x400.jpg 768w\" sizes=\"auto, (max-width: 839px) 100vw, 839px\" \/><\/a><\/p>\n<p><span style=\"color: #000000;\">Deputeti Halit Valteri i cili ka kandiduar n\u00eb k\u00ebto zgjedhje n\u00ebn sigl\u00ebn e PS-s\u00eb por nuk ka fituar dot, ka sulmuar sot n\u00eb Kuvend presidentin e Republik\u00ebs.<\/span><\/p>\n<p><span style=\"color: #000000;\">Valteri tha se Meta e njeh ligjin por vet\u00eb nuk e zbaton. Sipas tij, nd\u00ebshkimi i presidentit p\u00ebr shkeljet e kryera nuk duhet t\u00eb ndalet vet\u00ebm n\u00eb Kuvend, por k\u00ebrkon hetimin e tij edhe nga organet e drejt\u00ebsis\u00eb.<\/span><\/p>\n<p><span style=\"color: #000000;\"><em>\u201cJam i \u00e7uditur me sjelljen e Presidentit t\u00eb Republik\u00ebs Ilir Meta. Ai e di teorin\u00eb, por nuk e di p\u00ebr vete. Ai e njeh ligjin por jo p\u00ebr vete. Ai e di burgun, por sigurisht jo p\u00ebr vete. Aristoteli shkruante, kur njeriu \u00ebsht\u00eb perfekt \u2018Ai \u00ebsht\u00eb kafsha m\u00eb e mir\u00eb, por kur ai d\u00ebshiron t\u00eb ndahet nga ligji dhe drejt\u00ebsia at\u00ebhere \u00ebsht\u00eb m\u00eb i keqi nga t\u00eb gjith\u00eb\u2019. Kur shkel ligjin themelor dhe p\u00ebrbus \u00e7do institucion t\u00eb k\u00ebtij vendi.<\/em><\/span><\/p>\n<p><span style=\"color: #000000;\"><em>N\u00eb Shqip\u00ebri presidentit i kemi l\u00ebn\u00eb aq pushtet sa t\u00eb mos b\u00ebj\u00eb thirrje p\u00ebr konflikt n\u00eb popull. I kemi l\u00ebn\u00eb aq pushtet sa t\u00eb th\u00ebrras\u00eb mediet n\u00eb konferenc\u00eb, t\u00eb sillet lart e posht\u00eb, t\u00eb flas\u00eb e t\u00eb vishet hijsh\u00ebm.<\/em><\/span><\/p>\n<p><span style=\"color: #000000;\"><em>Sigurisht, nuk ia kemi ndaluar as pirjen e rakis\u00eb, as ahengjet, as qejfet. Madje ia kemi pranuar edhe daljet tap topi n\u00ebp\u00ebr media, duke i pranuar shpeshher\u00eb dhe lajthitjen. Shkarkimi i k\u00ebtij presidenti nuk duhet t\u00eb jet\u00eb kryetema e k\u00ebtij Kuvendi.<\/em><\/span><\/p>\n<p><span style=\"color: #000000;\"><em>Ne duhet t\u2019i k\u00ebrkojm\u00eb organeve ligjore, t\u00eb hetojn\u00eb veprimtarin\u00eb e k\u00ebtij njeriu, pasi nuk do t\u00eb jet\u00eb nes\u00ebr vet\u00ebm nj\u00eb ish-president, apo nj\u00eb ish-kryeminist\u00ebr, apo nj\u00eb ish-minist\u00ebr, apo nj\u00eb ish-kryetar Kuvendi i cili ka mbi kurriz dhjet\u00ebra krime. Shkurt dhe qart\u00eb ai duhet t\u00eb jet\u00eb menj\u00ebher\u00eb objekt i drejt\u00ebsis\u00eb shqiptare p\u00ebr krimet e shumta q\u00eb ka kryer. E pakuptueshme se si karriera e k\u00ebtij njeriu \u00ebsht\u00eb ngritur deri te President i Republik\u00ebs. Shkarkimi i tij \u00ebsht\u00eb nj\u00eb akt i lart\u00eb por m\u00eb i vogli q\u00eb mund t\u00eb b\u00ebnim. \u00a0T&#8217;i japim vendit at\u00eb q\u00eb i takon. Boll m\u00eb me kalkulimi politike. Ai duhet t\u00eb isht\u00eb d\u00ebnuar q\u00eb kur l\u00ebpinte gishtat kur num\u00ebronte lek\u00ebt n\u00eb videon e Dritan Priftit. Ky \u00ebsht\u00eb turp t\u00eb thirret presidenti i Republik\u00ebs, ku duhet t\u00eb thirret Presidenti i rakis\u00eb ose Presidenti i qofteve.&#8221;-<\/em> tha Valteri.<\/span><\/p>\n","protected":false,"gt_translate_keys":[{"key":"rendered","format":"html"}]},"excerpt":{"rendered":"<p>Deputeti Halit Valteri i cili ka kandiduar n\u00eb k\u00ebto zgjedhje n\u00ebn sigl\u00ebn e PS-s\u00eb por nuk ka fituar dot, ka sulmuar sot n\u00eb Kuvend presidentin e Republik\u00ebs. Valteri tha se Meta e njeh ligjin por vet\u00eb nuk e zbaton. Sipas tij, nd\u00ebshkimi i presidentit p\u00ebr shkeljet e kryera nuk duhet t\u00eb ndalet vet\u00ebm n\u00eb Kuvend, [&hellip;]<\/p>\n","protected":false,"gt_translate_keys":[{"key":"rendered","format":"html"}]},"author":30,"featured_media":448539,"comment_status":"open","ping_status":"open","sticky":false,"template":"","format":"standard","meta":{"footnotes":""},"categories":[65,13],"tags":[],"class_list":["post-448538","post","type-post","status-publish","format-standard","has-post-thumbnail","hentry","category-lajme","category-te-fundit"],"gt_translate_keys":[{"key":"link","format":"url"}],"_links":{"self":[{"href":"https:\/\/www.hashtag.al\/index.php\/wp-json\/wp\/v2\/posts\/448538","targetHints":{"allow":["GET"]}}],"collection":[{"href":"https:\/\/www.hashtag.al\/index.php\/wp-json\/wp\/v2\/posts"}],"about":[{"href":"https:\/\/www.hashtag.al\/index.php\/wp-json\/wp\/v2\/types\/post"}],"author":[{"embeddable":true,"href":"https:\/\/www.hashtag.al\/index.php\/wp-json\/wp\/v2\/users\/30"}],"replies":[{"embeddable":true,"href":"https:\/\/www.hashtag.al\/index.php\/wp-json\/wp\/v2\/comments?post=448538"}],"version-history":[{"count":0,"href":"https:\/\/www.hashtag.al\/index.php\/wp-json\/wp\/v2\/posts\/448538\/revisions"}],"wp:featuredmedia":[{"embeddable":true,"href":"https:\/\/www.hashtag.al\/index.php\/wp-json\/wp\/v2\/media\/448539"}],"wp:attachment":[{"href":"https:\/\/www.hashtag.al\/index.php\/wp-json\/wp\/v2\/media?parent=448538"}],"wp:term":[{"taxonomy":"category","embeddable":true,"href":"https:\/\/www.hashtag.al\/index.php\/wp-json\/wp\/v2\/categories?post=448538"},{"taxonomy":"post_tag","embeddable":true,"href":"https:\/\/www.hashtag.al\/index.php\/wp-json\/wp\/v2\/tags?post=448538"}],"curies":[{"name":"wp","href":"https:\/\/api.w.org\/{rel}","templated":true}]}}