{"id":448344,"date":"2021-05-06T17:23:47","date_gmt":"2021-05-06T15:23:47","guid":{"rendered":"https:\/\/hashtag.al\/?p=448344"},"modified":"2021-05-06T17:23:47","modified_gmt":"2021-05-06T15:23:47","slug":"aktivistet-akuza-princit-te-lihtenshtajnit-ke-vrare-ariun-me-te-madh-ne-be","status":"publish","type":"post","link":"https:\/\/www.hashtag.al\/index.php\/2021\/05\/06\/aktivistet-akuza-princit-te-lihtenshtajnit-ke-vrare-ariun-me-te-madh-ne-be\/","title":{"rendered":"Aktivist\u00ebt akuza princit t\u00eb Lihtenshtajnit: Ke vrar\u00eb ariun m\u00eb t\u00eb madh n\u00eb BE","gt_translate_keys":[{"key":"rendered","format":"text"}]},"content":{"rendered":"<p><span style=\"color: #000000;\"><img loading=\"lazy\" decoding=\"async\" class=\"aligncenter size-full wp-image-448346\" src=\"https:\/\/hashtag.al\/wp-content\/uploads\/2021\/05\/princi.jpg\" alt=\"\" width=\"1200\" height=\"800\" srcset=\"https:\/\/www.hashtag.al\/wp-content\/uploads\/2021\/05\/princi.jpg 1200w, https:\/\/www.hashtag.al\/wp-content\/uploads\/2021\/05\/princi-300x200.jpg 300w, https:\/\/www.hashtag.al\/wp-content\/uploads\/2021\/05\/princi-768x512.jpg 768w, https:\/\/www.hashtag.al\/wp-content\/uploads\/2021\/05\/princi-1024x683.jpg 1024w\" sizes=\"auto, (max-width: 1200px) 100vw, 1200px\" \/><\/span><\/p>\n<p><span style=\"color: #000000;\">Aktivist\u00ebt mjedisor\u00eb kan\u00eb akuzuar nj\u00eb princ t\u00eb Lihtenshtajnit se ka vrar\u00eb ndoshta ariun m\u00eb t\u00eb madh t\u00eb gjall\u00eb n\u00eb BE, n\u00eb nj\u00eb ekspedit\u00eb gjuetie n\u00eb Rumani n\u00eb muajin Mars.<\/span><\/p>\n<p><span style=\"color: #000000;\">Ata thon\u00eb se Princit Emanuel von und zu Liechtenstein i ishte dh\u00ebn\u00eb nj\u00eb leje p\u00ebr t\u00eb q\u00eblluar nj\u00eb ari fem\u00ebr q\u00eb kishte shkaktuar d\u00ebme n\u00eb disa ferma.<\/span><\/p>\n<p><span style=\"color: #000000;\">Por si\u00e7 shkruan BBC, ariu q\u00eb ai q\u00eblloi nuk ishte nj\u00eb fem\u00ebr, por ishte ariu Arthur, nj\u00eb ari 17-vje\u00e7ar ngjyr\u00eb kafe.<\/span><\/p>\n<p><span style=\"color: #000000;\">Princi q\u00eb jeton n\u00eb Austri nuk \u00ebsht\u00eb p\u00ebrgjigjur ende p\u00ebr k\u00ebto akuza.<\/span><\/p>\n<p><span style=\"color: #000000;\">&#8220;Ne nuk kemi nj\u00eb problem personal me princin.&#8221;- i tha BBC-s\u00eb Gabriel Paun i grupit mjedisor Agent Green. &#8220;Ne besojm\u00eb se shoqata e gjuetis\u00eb po plot\u00ebsonte nevojat e tij.&#8221;<\/span><\/p>\n<p><span style=\"color: #000000;\">Zyra e Princit t\u00eb Trash\u00ebguar t\u00eb Lihtenshtajnit i tha agjencis\u00eb s\u00eb lajmeve AFP se nuk e dinte sfondin e k\u00ebsaj &#8220;\u00e7\u00ebshtje private dhe personale&#8221;. Por ai theksoi se natyra &#8220;ka qen\u00eb nj\u00eb nga shqet\u00ebsimet themelore t\u00eb Sht\u00ebpis\u00eb dhe \u00ebsht\u00eb nj\u00eb element qendror i angazhimit t\u00eb familjes p\u00ebr q\u00ebndrueshm\u00ebrin\u00eb ekologjike dhe sociale&#8221;.<\/span><\/p>\n<p><span style=\"color: #000000;\">Roja i mjedisit komb\u00ebtar t\u00eb Rumanis\u00eb ka nisur nj\u00eb hetim mbi vdekjen e ariut. Nuk ka asnj\u00eb verifikim n\u00ebse princit iu dha nj\u00eb leje gjuetie. Sidoqoft\u00eb, grupi Agent Green ka publikuar nj\u00eb dokument q\u00eb duket se \u00ebsht\u00eb nj\u00eb leje nga autoritetet p\u00ebr nj\u00eb shoqat\u00eb gjuetie n\u00eb Covasna q\u00eb i jep princit leje disa dit\u00eb n\u00eb mars dhe p\u00ebrmban gjithashtu detaje mbi vdekjen e nj\u00eb ariu n\u00eb fshatin Ojdula n\u00eb Transilvani.<\/span><\/p>\n","protected":false,"gt_translate_keys":[{"key":"rendered","format":"html"}]},"excerpt":{"rendered":"<p>Aktivist\u00ebt mjedisor\u00eb kan\u00eb akuzuar nj\u00eb princ t\u00eb Lihtenshtajnit se ka vrar\u00eb ndoshta ariun m\u00eb t\u00eb madh t\u00eb gjall\u00eb n\u00eb BE, n\u00eb nj\u00eb ekspedit\u00eb gjuetie n\u00eb Rumani n\u00eb muajin Mars. Ata thon\u00eb se Princit Emanuel von und zu Liechtenstein i ishte dh\u00ebn\u00eb nj\u00eb leje p\u00ebr t\u00eb q\u00eblluar nj\u00eb ari fem\u00ebr q\u00eb kishte shkaktuar d\u00ebme n\u00eb disa [&hellip;]<\/p>\n","protected":false,"gt_translate_keys":[{"key":"rendered","format":"html"}]},"author":51,"featured_media":448346,"comment_status":"open","ping_status":"open","sticky":false,"template":"","format":"standard","meta":{"footnotes":""},"categories":[53],"tags":[],"class_list":["post-448344","post","type-post","status-publish","format-standard","has-post-thumbnail","hentry","category-fast-foodi"],"gt_translate_keys":[{"key":"link","format":"url"}],"_links":{"self":[{"href":"https:\/\/www.hashtag.al\/index.php\/wp-json\/wp\/v2\/posts\/448344","targetHints":{"allow":["GET"]}}],"collection":[{"href":"https:\/\/www.hashtag.al\/index.php\/wp-json\/wp\/v2\/posts"}],"about":[{"href":"https:\/\/www.hashtag.al\/index.php\/wp-json\/wp\/v2\/types\/post"}],"author":[{"embeddable":true,"href":"https:\/\/www.hashtag.al\/index.php\/wp-json\/wp\/v2\/users\/51"}],"replies":[{"embeddable":true,"href":"https:\/\/www.hashtag.al\/index.php\/wp-json\/wp\/v2\/comments?post=448344"}],"version-history":[{"count":0,"href":"https:\/\/www.hashtag.al\/index.php\/wp-json\/wp\/v2\/posts\/448344\/revisions"}],"wp:featuredmedia":[{"embeddable":true,"href":"https:\/\/www.hashtag.al\/index.php\/wp-json\/wp\/v2\/media\/448346"}],"wp:attachment":[{"href":"https:\/\/www.hashtag.al\/index.php\/wp-json\/wp\/v2\/media?parent=448344"}],"wp:term":[{"taxonomy":"category","embeddable":true,"href":"https:\/\/www.hashtag.al\/index.php\/wp-json\/wp\/v2\/categories?post=448344"},{"taxonomy":"post_tag","embeddable":true,"href":"https:\/\/www.hashtag.al\/index.php\/wp-json\/wp\/v2\/tags?post=448344"}],"curies":[{"name":"wp","href":"https:\/\/api.w.org\/{rel}","templated":true}]}}